{"id":248,"date":"2022-11-29T11:07:24","date_gmt":"2022-11-29T11:07:24","guid":{"rendered":"https:\/\/tinerimearomana.ro\/orchestra-nationala-simfonica\/?p=248"},"modified":"2022-11-29T11:07:24","modified_gmt":"2022-11-29T11:07:24","slug":"orchestra-nationala-simfonica-a-romaniei-dirijata-de-cristian-mandeal-concert-in-memoriam-radu-lupu-la-ateneul-roman","status":"publish","type":"post","link":"https:\/\/tinerimearomana.ro\/orchestra-nationala-simfonica\/ro\/orchestra-nationala-simfonica-a-romaniei-dirijata-de-cristian-mandeal-concert-in-memoriam-radu-lupu-la-ateneul-roman\/","title":{"rendered":"ORCHESTRA NATIONALA SIMFONICA A ROMANIEI DIRIJATA DE CRISTIAN MANDEAL,  CONCERT IN MEMORIAM RADU LUPU LA ATENEUL ROMAN"},"content":{"rendered":"<p><strong><b>Orchestra Na<\/b><\/strong><strong><b>\u0163<\/b><\/strong><strong><b>ional<\/b><\/strong><strong><b>\u0103 <\/b><\/strong><strong><b>Simfonic<\/b><\/strong><strong><b>\u0103 <\/b><\/strong><strong><b>a Rom<\/b><\/strong><strong><b>\u00e2<\/b><\/strong><strong><b>niei <\/b><\/strong>dirijat\u0103 de <strong><b>Cristian Mandeal<\/b><\/strong>\u00a0va sus\u0163ine miercuri, <strong><b>6 decembrie 2022<\/b><\/strong>, ora 19,<strong><b>\u00a0la Ateneul Rom<\/b><\/strong><strong><b>\u00e2<\/b><\/strong><strong><b>n<\/b><\/strong>, un concert in memoriam Radu Lupu, solist Nelson Goerner.\u00a0\u00cen program Franz Schubert &#8211; Uvertur\u0103 \u00een stil italian, D591, Fr\u00e9d\u00e9ric Chopin &#8211; Concertul nr. 2, \u00een fa minor, pentru pian \u015fi orchestr\u0103, op. 21, Ludwig van Beethoven &#8211; Simfonia nr. 3, \u00een mi bemol major, op. 55,\u00a0<em><i>Eroica.<\/i><\/em><\/p>\n<p>Cristian Mandeal m\u0103rturisea : \u201c<em><i>Concertul Orchestrei Na<\/i><\/em><em><i>\u021b<\/i><\/em><em><i>ionale Simfonice a Rom<\/i><\/em><em><i>\u00e2<\/i><\/em><em><i>niei din 6 Decembrie 2022 este dedicat memoriei lui Radu Lupu, cel mai mare pianist rom<\/i><\/em><em><i>\u00e2<\/i><\/em><em><i>n de dup<\/i><\/em><em><i>\u0103 <\/i><\/em><em><i>Dinu Lipatti. Monumental<\/i><\/em><em><i>\u0103 <\/i><\/em><em><i>figur<\/i><\/em><em><i>\u0103 <\/i><\/em><em><i>a artei pianistice contemporane, Radu Lupu reprezint<\/i><\/em><em><i>\u0103 <\/i><\/em><em><i>un ideal de neatins, un etalon muzical universal imposibil de dep<\/i><\/em><em><i>\u0103\u0219<\/i><\/em><em><i>it, un unicat creator de legende pe <\/i><\/em><em><i>\u00ee<\/i><\/em><em><i>ntreg mapamondul, <\/i><\/em><em><i>\u00ee<\/i><\/em><em><i>n recitaluri de neuitat sau <\/i><\/em><em><i>\u00ee<\/i><\/em><em><i>n compania celor mai importante orchestre <\/i><\/em><em><i>\u0219<\/i><\/em><em><i>i celor mai distin<\/i><\/em><em><i>\u0219<\/i><\/em><em><i>i dirijori. <\/i><\/em><em><i>\u00ce<\/i><\/em><em><i>n afara periodicelor sale apari<\/i><\/em><em><i>\u021b<\/i><\/em><em><i>ii <\/i><\/em><em><i>\u00ee<\/i><\/em><em><i>n concertele de la Ateneu sau <\/i><\/em><em><i>\u00ee<\/i><\/em><em><i>n cele din cadrul marelui nostru festival, ata<\/i><\/em><em><i>\u0219<\/i><\/em><em><i>at suflete<\/i><\/em><em><i>\u0219<\/i><\/em><em><i>te de \u00a0<\/i><\/em><em><i>\u021b<\/i><\/em><em><i>ara <\/i><\/em><em><i>\u00ee<\/i><\/em><em><i>n care s-a n<\/i><\/em><em><i>\u0103<\/i><\/em><em><i>scut, <\/i><\/em><em><i>\u0219<\/i><\/em><em><i>i-a d<\/i><\/em><em><i>\u0103<\/i><\/em><em><i>ruit cu generozitate arta <\/i><\/em><em><i>\u00ee<\/i><\/em><em><i>n folosul promov<\/i><\/em><em><i>\u0103<\/i><\/em><em><i>rii imaginii culturii rom<\/i><\/em><em><i>\u00e2<\/i><\/em><em><i>ne<\/i><\/em><em><i>\u0219<\/i><\/em><em><i>ti sub forma unui veritabil garant, particip<\/i><\/em><em><i>\u00e2<\/i><\/em><em><i>nd ca solist al Filarmonicii George Enescu la varii turnee interna<\/i><\/em><em><i>\u021b<\/i><\/em><em><i>ionale de mare prestigiu <\/i><\/em><em><i>\u00ee<\/i><\/em><em><i>n <\/i><\/em><em><i>\u021b\u0103<\/i><\/em><em><i>ri ca Japonia, Italia, Germania, Elve<\/i><\/em><em><i>\u021b<\/i><\/em><em><i>ia sau Olanda, sala Concertgebow. Datorit<\/i><\/em><em><i>\u0103 <\/i><\/em><em><i>st<\/i><\/em><em><i>\u0103<\/i><\/em><em><i>rii s<\/i><\/em><em><i>\u0103<\/i><\/em><em><i>n<\/i><\/em><em><i>\u0103<\/i><\/em><em><i>t<\/i><\/em><em><i>\u0103\u021b<\/i><\/em><em><i>ii sale, a r<\/i><\/em><em><i>\u0103<\/i><\/em><em><i>mas ne<\/i><\/em><em><i>\u00ee<\/i><\/em><em><i>ndeplinit ultimul s<\/i><\/em><em><i>\u0103<\/i><\/em><em><i>u proiect de a ne sus<\/i><\/em><em><i>\u021b<\/i><\/em><em><i>ine ca solist al<\/i><\/em><em><i>\u0103<\/i><\/em><em><i>turi de Orchestra Rom<\/i><\/em><em><i>\u00e2<\/i><\/em><em><i>n<\/i><\/em><em><i>\u0103 <\/i><\/em><em><i>de Tineret la concertul dat <\/i><\/em><em><i>\u00ee<\/i><\/em><em><i>n noua sal<\/i><\/em><em><i>\u0103 <\/i><\/em><em><i>a Filarmonicii din Paris la 30 noiembrie 2018, cu ocazia centenarului Marii Uniri. Ar fi coincis exact cu ziua anivers<\/i><\/em><em><i>\u0103<\/i><\/em><em><i>rii sale de 73 de ani ! Acum, dup<\/i><\/em><em><i>\u0103 <\/i><\/em><em><i>mai bine de jum<\/i><\/em><em><i>\u0103<\/i><\/em><em><i>tate de an de la trecerea sa <\/i><\/em><em><i>\u00ee<\/i><\/em><em><i>n nemurire, ne sim<\/i><\/em><em><i>\u021b<\/i><\/em><em><i>im datori <\/i><\/em><em><i>\u0219<\/i><\/em><em><i>i profund onora<\/i><\/em><em><i>\u021b<\/i><\/em><em><i>i s<\/i><\/em><em><i>\u0103 <\/i><\/em><em><i>dedic<\/i><\/em><em><i>\u0103<\/i><\/em><em><i>m acest concert memoriei sale, sub forma unui program sus<\/i><\/em><em><i>\u021b<\/i><\/em><em><i>inut de Orchestra Na<\/i><\/em><em><i>\u021b<\/i><\/em><em><i>ional<\/i><\/em><em><i>\u0103 <\/i><\/em><em><i>Simfonic<\/i><\/em><em><i>\u0103 <\/i><\/em><em><i>a Rom<\/i><\/em><em><i>\u00e2<\/i><\/em><em><i>niei , succesoarea de drept a tuturor celor trei orchestre de tineret din care provine, <\/i><\/em><em><i>\u00ee<\/i><\/em><em><i>ncerc<\/i><\/em><em><i>\u00e2<\/i><\/em><em><i>nd astfel s<\/i><\/em><em><i>\u0103 <\/i><\/em><em><i>cre<\/i><\/em><em><i>\u0103<\/i><\/em><em><i>m o punte c<\/i><\/em><em><i>\u0103<\/i><\/em><em><i>tre viitor. Este omagiul nostru, admiratori <\/i><\/em><em><i>\u0219<\/i><\/em><em><i>i prieteni de suflet, <\/i><\/em><em><i>\u0219<\/i><\/em><em><i>i prin noi al <\/i><\/em><em><i>\u021b\u0103<\/i><\/em><em><i>rii <\/i><\/em><em><i>\u00ee<\/i><\/em><em><i>ntregi, adus celui mai str<\/i><\/em><em><i>\u0103<\/i><\/em><em><i>lucit artist al artei interpretative instrumentale, veritabil giuvaer al panopliei spiritualit<\/i><\/em><em><i>\u0103\u021b<\/i><\/em><em><i>ii rom<\/i><\/em><em><i>\u00e2<\/i><\/em><em><i>ne<\/i><\/em><em><i>\u0219<\/i><\/em><em><i>ti.<\/i><\/em><em><i>\u201d<\/i><\/em><\/p>\n<p>Biletele pot fi achizi\u0163ionate de la Casa de Bilete a Ateneului Rom\u00e2n (Program: Mar\u021bi &#8211; Vineri 12:00 &#8211; 19:00, Telefon: 021.315.68.75. Plata doar \u00een numerar), Online, acces\u00e2nd site-ul \u00a0<a href=\"http:\/\/www.fge.org.ro\"><u>www.fge.org.ro<\/u><\/a>\u00a0&#8211; sec\u021biunea \u201eCalendar\u201c.<\/p>\n<p><em><i>\u00a0<\/i><\/em>Organizator: <strong><b>Centrul Na<\/b><\/strong><strong><b>\u0163<\/b><\/strong><strong><b>ional de Art<\/b><\/strong><strong><b>\u0103 <\/b><\/strong><strong><b>Tinerimea Rom<\/b><\/strong><strong><b>\u00e2<\/b><\/strong><strong><b>n<\/b><\/strong><strong><b>\u0103<\/b><\/strong><\/p>\n<p>Partener :<strong><b>\u00a0Filarmonica <\/b><\/strong><strong><b>\u201e<\/b><\/strong><strong><b>George Enescu<\/b><\/strong><strong><b>\u201d<\/b><\/strong><\/p>\n<p>Parteneri media: <strong><b>Radio Rom<\/b><\/strong><strong><b>\u00e2<\/b><\/strong><strong><b>nia Cultural <\/b><\/strong><strong><b>\u015f<\/b><\/strong><strong><b>i Radio Rom<\/b><\/strong><strong><b>\u00e2<\/b><\/strong><strong><b>nia Muzical, Rom<\/b><\/strong><strong><b>\u00e2<\/b><\/strong><strong><b>nia TV,<\/b><\/strong><strong><b>\u00a0<\/b><\/strong><strong><b>Mediatrust,<\/b><\/strong><strong><b>\u00a0<\/b><\/strong><strong><b>Observator Cultural, Liternet, Agen<\/b><\/strong><strong><b>\u0163<\/b><\/strong><strong><b>ia de carte<\/b><\/strong><strong><b>.<\/b><\/strong><\/p>\n","protected":false},"excerpt":{"rendered":"<p>Orchestra Na\u0163ional\u0103 Simfonic\u0103 a Rom\u00e2niei dirijat\u0103 de Cristian Mandeal\u00a0va sus\u0163ine miercuri, 6 decembrie 2022, ora 19,\u00a0la Ateneul Rom\u00e2n, un concert in memoriam Radu Lupu, solist Nelson Goerner.\u00a0\u00cen program Franz Schubert &#8211; Uvertur\u0103 \u00een stil italian, D591, Fr\u00e9d\u00e9ric Chopin &#8211; Concertul nr. 2, \u00een fa minor, pentru pian \u015fi orchestr\u0103, op. 21, Ludwig van Beethoven &#8211;&#8230;<\/p>\n","protected":false},"author":1,"featured_media":249,"comment_status":"closed","ping_status":"closed","sticky":false,"template":"","format":"standard","meta":{"_kad_post_transparent":"","_kad_post_title":"","_kad_post_layout":"","_kad_post_sidebar_id":"","_kad_post_content_style":"","_kad_post_vertical_padding":"","_kad_post_feature":"","_kad_post_feature_position":"","_kad_post_header":false,"_kad_post_footer":false,"_kad_post_classname":"","footnotes":""},"categories":[19],"tags":[],"class_list":["post-248","post","type-post","status-publish","format-standard","has-post-thumbnail","hentry","category-evenimente"],"_links":{"self":[{"href":"https:\/\/tinerimearomana.ro\/orchestra-nationala-simfonica\/wp-json\/wp\/v2\/posts\/248"}],"collection":[{"href":"https:\/\/tinerimearomana.ro\/orchestra-nationala-simfonica\/wp-json\/wp\/v2\/posts"}],"about":[{"href":"https:\/\/tinerimearomana.ro\/orchestra-nationala-simfonica\/wp-json\/wp\/v2\/types\/post"}],"author":[{"embeddable":true,"href":"https:\/\/tinerimearomana.ro\/orchestra-nationala-simfonica\/wp-json\/wp\/v2\/users\/1"}],"replies":[{"embeddable":true,"href":"https:\/\/tinerimearomana.ro\/orchestra-nationala-simfonica\/wp-json\/wp\/v2\/comments?post=248"}],"version-history":[{"count":1,"href":"https:\/\/tinerimearomana.ro\/orchestra-nationala-simfonica\/wp-json\/wp\/v2\/posts\/248\/revisions"}],"predecessor-version":[{"id":250,"href":"https:\/\/tinerimearomana.ro\/orchestra-nationala-simfonica\/wp-json\/wp\/v2\/posts\/248\/revisions\/250"}],"wp:featuredmedia":[{"embeddable":true,"href":"https:\/\/tinerimearomana.ro\/orchestra-nationala-simfonica\/wp-json\/wp\/v2\/media\/249"}],"wp:attachment":[{"href":"https:\/\/tinerimearomana.ro\/orchestra-nationala-simfonica\/wp-json\/wp\/v2\/media?parent=248"}],"wp:term":[{"taxonomy":"category","embeddable":true,"href":"https:\/\/tinerimearomana.ro\/orchestra-nationala-simfonica\/wp-json\/wp\/v2\/categories?post=248"},{"taxonomy":"post_tag","embeddable":true,"href":"https:\/\/tinerimearomana.ro\/orchestra-nationala-simfonica\/wp-json\/wp\/v2\/tags?post=248"}],"curies":[{"name":"wp","href":"https:\/\/api.w.org\/{rel}","templated":true}]}}