{"id":723,"date":"2018-01-10T15:31:54","date_gmt":"2018-01-10T13:31:54","guid":{"rendered":"http:\/\/tinerimearomana.ro\/despre\/?p=723"},"modified":"2018-06-01T13:06:03","modified_gmt":"2018-06-01T11:06:03","slug":"dor-de-eminescu-spectacol-dedicat-zilei-culturii-nationale","status":"publish","type":"post","link":"https:\/\/tinerimearomana.ro\/despre\/ro\/dor-de-eminescu-spectacol-dedicat-zilei-culturii-nationale\/","title":{"rendered":"&#8220;DOR DE EMINESCU&#8221; &#8211; SPECTACOL DEDICAT ZILEI CULTURII NATIONALE"},"content":{"rendered":"[:ro]<div class=\"su-spacer\" style=\"height:40px\"><\/div>\n[infobox style=&#8217;info&#8217; static=&#8217;1&#8242;]\n<p>15 ianuarie 2018 de la ora 18.00 \u00een Sala Mare a Palatului &#8220;Tinerimea Rom\u00e2n\u0103&#8221; de Ziua Culturii Na\u021bionale, Centrul Na\u021bional de Art\u0103 &#8220;Tinerimea Rom\u00e2n\u0103&#8221; prezint\u0103 un spectacol sus\u021binut de Corul de Camer\u0103 &#8220;Preludiu&#8221; condus de dirijorul Voicu En\u0103chescu \u0219i de Ansamblul de Muzic\u0103 Contemporan\u0103 &#8220;Archaeus&#8221; dirijat de Mircea P\u0103durariu.<\/p>\n<p>Desf\u0103\u0219urat sub tradi\u021bionalulu generic &#8220;Dor de Eminescu&#8221;, spectacolul va celebra crea\u021bia muzical\u0103 muzical\u0103 rom\u00e2neasc\u0103, oferind versiuni de referin\u021b\u0103 din crea\u021bia celor mai importan\u021bi compozitori.&#8221;<\/p>\n<p><img decoding=\"async\" class=\"aligncenter size-full wp-image-724\" src=\"http:\/\/tinerimearomana.ro\/despre\/wp-content\/uploads\/sites\/10\/2018\/01\/Ziua-Culturii-Nationale-15.01.2018.jpg\" alt=\"\" width=\"100%\" height=\"auto\" srcset=\"https:\/\/tinerimearomana.ro\/despre\/wp-content\/uploads\/sites\/10\/2018\/01\/Ziua-Culturii-Nationale-15.01.2018.jpg 650w, https:\/\/tinerimearomana.ro\/despre\/wp-content\/uploads\/sites\/10\/2018\/01\/Ziua-Culturii-Nationale-15.01.2018-212x300.jpg 212w\" sizes=\"(max-width: 650px) 100vw, 650px\" \/><\/p>\n[\/infobox][:]\n","protected":false},"excerpt":{"rendered":"<p>[:ro] [infobox style=&#8217;info&#8217; static=&#8217;1&#8242;] 15 ianuarie 2018 de la ora 18.00 \u00een Sala Mare a Palatului &#8220;Tinerimea Rom\u00e2n\u0103&#8221; de Ziua Culturii Na\u021bionale, Centrul Na\u021bional de Art\u0103 &#8220;Tinerimea Rom\u00e2n\u0103&#8221; prezint\u0103 un spectacol sus\u021binut de Corul de Camer\u0103 &#8220;Preludiu&#8221; condus de dirijorul Voicu En\u0103chescu \u0219i de Ansamblul de Muzic\u0103 Contemporan\u0103 &#8220;Archaeus&#8221; dirijat de Mircea P\u0103durariu. Desf\u0103\u0219urat sub&#8230;<\/p>\n","protected":false},"author":1,"featured_media":724,"comment_status":"closed","ping_status":"open","sticky":false,"template":"","format":"standard","meta":{"_kadence_starter_templates_imported_post":false,"_kad_post_transparent":"","_kad_post_title":"","_kad_post_layout":"","_kad_post_sidebar_id":"","_kad_post_content_style":"","_kad_post_vertical_padding":"","_kad_post_feature":"","_kad_post_feature_position":"","_kad_post_header":false,"_kad_post_footer":false,"_kad_post_classname":"","footnotes":""},"categories":[3],"tags":[],"class_list":["post-723","post","type-post","status-publish","format-standard","has-post-thumbnail","hentry","category-evenimente"],"_links":{"self":[{"href":"https:\/\/tinerimearomana.ro\/despre\/wp-json\/wp\/v2\/posts\/723"}],"collection":[{"href":"https:\/\/tinerimearomana.ro\/despre\/wp-json\/wp\/v2\/posts"}],"about":[{"href":"https:\/\/tinerimearomana.ro\/despre\/wp-json\/wp\/v2\/types\/post"}],"author":[{"embeddable":true,"href":"https:\/\/tinerimearomana.ro\/despre\/wp-json\/wp\/v2\/users\/1"}],"replies":[{"embeddable":true,"href":"https:\/\/tinerimearomana.ro\/despre\/wp-json\/wp\/v2\/comments?post=723"}],"version-history":[{"count":5,"href":"https:\/\/tinerimearomana.ro\/despre\/wp-json\/wp\/v2\/posts\/723\/revisions"}],"predecessor-version":[{"id":957,"href":"https:\/\/tinerimearomana.ro\/despre\/wp-json\/wp\/v2\/posts\/723\/revisions\/957"}],"wp:featuredmedia":[{"embeddable":true,"href":"https:\/\/tinerimearomana.ro\/despre\/wp-json\/wp\/v2\/media\/724"}],"wp:attachment":[{"href":"https:\/\/tinerimearomana.ro\/despre\/wp-json\/wp\/v2\/media?parent=723"}],"wp:term":[{"taxonomy":"category","embeddable":true,"href":"https:\/\/tinerimearomana.ro\/despre\/wp-json\/wp\/v2\/categories?post=723"},{"taxonomy":"post_tag","embeddable":true,"href":"https:\/\/tinerimearomana.ro\/despre\/wp-json\/wp\/v2\/tags?post=723"}],"curies":[{"name":"wp","href":"https:\/\/api.w.org\/{rel}","templated":true}]}}