{"id":707,"date":"2017-08-02T00:05:50","date_gmt":"2017-08-01T22:05:50","guid":{"rendered":"http:\/\/tinerimearomana.ro\/despre\/?p=707"},"modified":"2018-06-01T13:06:42","modified_gmt":"2018-06-01T11:06:42","slug":"festivalul-international-enescu-si-muzica-lumii-editia-a-xvlii-a-incepe-pe-8-august-la-sinaia","status":"publish","type":"post","link":"https:\/\/tinerimearomana.ro\/despre\/ro\/festivalul-international-enescu-si-muzica-lumii-editia-a-xvlii-a-incepe-pe-8-august-la-sinaia\/","title":{"rendered":"Festivalul Interna\u0163ional \u201cEnescu \u015fi muzica lumii\u201d &#8211;  edi\u0163ia a XVIII-a \u00eencepe pe 8 august la Sinaia"},"content":{"rendered":"[:ro]<div class=\"su-spacer\" style=\"height:40px\"><\/div>\n[infobox style=&#8217;info&#8217; static=&#8217;1&#8242;]\n<div class=\"su-row\"><div class=\"su-column su-column-size-3-5\"><div class=\"su-column-inner su-u-clearfix su-u-trim\">\n<p><strong>Festivalul Interna\u0163ional \u201cEnescu \u015fi muzica lumii\u201d<\/strong> a devenit \u00een cei 18 ani ai existen\u021bei sale cea mai important\u0103 platform\u0103 de formare \u0219i promovare a tinerilor muzicieni din Rom\u00e2nia!<\/p>\n<p>Ca \u00een fiecare lun\u0103 august din anul 1999 \u0219i p\u00e2n\u0103 \u00een prezent, Festivalul Interna\u0163ional \u201cEnescu \u015fi muzica lumii\u201d propune tuturor celor afla\u021bi la Sinaia, pe \u00eentreaga vale a Prahovei \u0219i nu numai, un afi\u0219 an dup\u0103 an mai complex. <strong>Edi\u0163ia a XVlII-a<\/strong> a festivalului, ce se va desf\u0103\u0219ura \u00eentre <strong>8 \u0219i 30 august 2017 la Sinaia \u0219i Bu\u0219teni<\/strong>, are \u00een program nu mai pu\u021bin de 18 concerte \u0219i recitaluri, cele principale g\u0103zduite de superba sal\u0103 a Casino-ului din Sinaia, prilej cu care vor putea fi asculta\u021bi \u0219i v\u0103zu\u021bi peste 300 de muzicieni rom\u00e2ni \u015fi str\u0103ini.<\/p>\n<p>\u00cen organizarea Prim\u0103riei ora\u0219ului Sinaia \u0219i Centrului Na\u021bional de Art\u0103 \u201eTinerimea Rom\u00e2n\u0103\u201d, av\u00e2ndu-l ca ini\u021biator \u0219i director artistic pe violoncelistul \u0219i profesorul Marin Cazacu, Festivalul Interna\u0163ional \u201cEnescu \u015fi muzica lumii\u201d va atrage astfel la Sinaia nu mai pu\u021bin de 4 orchestre, compuse din tineri \u0219i foarte tineri muzicieni. Cele trei orchestre rom\u00e2ne\u0219ti care vor concerta \u00een aceast\u0103 edi\u021bie au \u00een componen\u021b\u0103 excep\u021bionalii muzicieni din cele trei categorii de v\u00e2rst\u0103 ale orchestrelor na\u021bionale de tineret \u0219i vor concerta \u00een seri diferite, dup\u0103 \u00eencheierea stagiilor de preg\u0103tire aferente fiec\u0103rui concert.<\/p>\n<p><strong>Orchestra Junior<\/strong> dirijat\u0103 de <strong>Gabriel Bebe\u015felea<\/strong> va c\u00e2nta pe <strong>12 \u0219i 13 august<\/strong>, la Sinaia \u0219i Bu\u0219teni av\u00e2ndu-l ca solist pe violonistul \u0218tefan Aprodu, \u00eentr-un program Vivaldi, Haydn. Pe <strong>15 august<\/strong> va concerta la Sala Casino <strong>Orchestra Romanian Sinfonietta<\/strong>, <strong>dirijor Horia Andreescu<\/strong>, solist\u0103 fiind celebra pianist\u0103 Elisabeth Leonskaja cu un program integral Beethoven. \u00cen sf\u00e2r\u0219it, <strong>Orchestra Rom\u00e2n\u0103 de Tineret<\/strong> dirijat\u0103 de<strong> Cristian Mandeal<\/strong>, av\u00e2ndu-l ca solist pe pianistul Andrei Licare\u021b va putea fi ascultat\u0103 pe <strong>30 august<\/strong> la Casino-ul din Sinaia, cu un program Weber, Beethoven, care reprezint\u0103, \u00een parte, programul cu care Orchestra Rom\u00e2n\u0103 de Tineret va participa la Festivalul Interna\u021bional \u201eGeorge Enescu\u201d chiar \u00een primul concert desf\u0103\u0219urat sub egida festivalului la Timi\u0219oara pe <strong>2 septembrie<\/strong>, cu aceea\u0219i protagoni\u0219ti de la Sinaia.<\/p>\n<p>Ulterior, orchestra va reveni \u00een Festivalul \u201eEnescu\u201d pe scena S\u0103lii Palatului din Bucure\u015fti pe 6 septembrie, sub bagheta lui Domingo Hindoyan, solist Sergio Tempo \u0219i respectiv pe <strong>24 septembrie<\/strong> al\u0103turi de celebra Concertgebow Orchestra, \u00een contextul programului interna\u0163ional Side by side. Invitata special\u0103 a Festivalului \u201eEnescu \u0219i muzica lumii\u201d de la Sinaia va fi, pe <strong>22 august<\/strong>, <strong>Orchestra Na\u021bional\u0103 de Tineret a Olandei<\/strong>, dirijor <strong>Mark Wigglesworth<\/strong>, solist\u0103 Simone Lamsma \u2013 vioar\u0103, cu un program Wagner, Korngold, Strawinsky.<\/p>\n<p>Pornind de la clasele de orchestr\u0103 sub \u00eendrumarea marilor mae\u0219tri \u0219i continu\u00e2nd cu concertele celor trei mari Orchestre de Tineret ale Rom\u00e2niei \u0219i recitalurile \u00een care \u00ee\u0219i demonstreaz\u0103 imensul poten\u021bial tot mai mul\u021bi membri ai acestor forma\u021bii muzicale de elit\u0103, al\u0103turi de apari\u021bia unor mari nume ale solisticii rom\u00e2ne\u0219ti precum Valentin Gheorghiu, Liviu Prunaru sau Marin Cazacu, avem imaginea puternic\u0103 a unui stagiu de preg\u0103tire \u0219i performan\u021b\u0103 artistic\u0103 de mare anvergur\u0103.<\/p>\n<\/div><\/div>\n<div class=\"su-column su-column-size-2-5\"><div class=\"su-column-inner su-u-clearfix su-u-trim\">\n<a href=\"http:\/\/tinerimearomana.ro\/despre\/wp-content\/uploads\/sites\/10\/2017\/08\/afisEnescu2017-bun.jpg\"><img fetchpriority=\"high\" decoding=\"async\" class=\"aligncenter size-full wp-image-478\" src=\"http:\/\/tinerimearomana.ro\/despre\/wp-content\/uploads\/sites\/10\/2017\/08\/afisEnescu2017-bun.jpg\" alt=\"Afis_03 august 2017\" width=\"320\" height=\"451\" \/><\/a><br \/>\n<\/div><\/div><\/div>\n<div class=\"su-spacer\" style=\"height:30px\"><\/div>\n[\/infobox][:]\n","protected":false},"excerpt":{"rendered":"<p>[:ro] [infobox style=&#8217;info&#8217; static=&#8217;1&#8242;] [\/infobox][:]<\/p>\n","protected":false},"author":1,"featured_media":708,"comment_status":"closed","ping_status":"open","sticky":false,"template":"","format":"standard","meta":{"_kadence_starter_templates_imported_post":false,"_kad_post_transparent":"","_kad_post_title":"","_kad_post_layout":"","_kad_post_sidebar_id":"","_kad_post_content_style":"","_kad_post_vertical_padding":"","_kad_post_feature":"","_kad_post_feature_position":"","_kad_post_header":false,"_kad_post_footer":false,"_kad_post_classname":"","footnotes":""},"categories":[3],"tags":[],"class_list":["post-707","post","type-post","status-publish","format-standard","has-post-thumbnail","hentry","category-evenimente"],"_links":{"self":[{"href":"https:\/\/tinerimearomana.ro\/despre\/wp-json\/wp\/v2\/posts\/707"}],"collection":[{"href":"https:\/\/tinerimearomana.ro\/despre\/wp-json\/wp\/v2\/posts"}],"about":[{"href":"https:\/\/tinerimearomana.ro\/despre\/wp-json\/wp\/v2\/types\/post"}],"author":[{"embeddable":true,"href":"https:\/\/tinerimearomana.ro\/despre\/wp-json\/wp\/v2\/users\/1"}],"replies":[{"embeddable":true,"href":"https:\/\/tinerimearomana.ro\/despre\/wp-json\/wp\/v2\/comments?post=707"}],"version-history":[{"count":4,"href":"https:\/\/tinerimearomana.ro\/despre\/wp-json\/wp\/v2\/posts\/707\/revisions"}],"predecessor-version":[{"id":877,"href":"https:\/\/tinerimearomana.ro\/despre\/wp-json\/wp\/v2\/posts\/707\/revisions\/877"}],"wp:featuredmedia":[{"embeddable":true,"href":"https:\/\/tinerimearomana.ro\/despre\/wp-json\/wp\/v2\/media\/708"}],"wp:attachment":[{"href":"https:\/\/tinerimearomana.ro\/despre\/wp-json\/wp\/v2\/media?parent=707"}],"wp:term":[{"taxonomy":"category","embeddable":true,"href":"https:\/\/tinerimearomana.ro\/despre\/wp-json\/wp\/v2\/categories?post=707"},{"taxonomy":"post_tag","embeddable":true,"href":"https:\/\/tinerimearomana.ro\/despre\/wp-json\/wp\/v2\/tags?post=707"}],"curies":[{"name":"wp","href":"https:\/\/api.w.org\/{rel}","templated":true}]}}