{"id":638,"date":"2017-03-06T23:49:56","date_gmt":"2017-03-06T21:49:56","guid":{"rendered":"http:\/\/tinerimearomana.ro\/despre\/?p=638"},"modified":"2023-04-03T14:50:38","modified_gmt":"2023-04-03T12:50:38","slug":"i-quattro-alti-la-tinerimea-romana","status":"publish","type":"post","link":"https:\/\/tinerimearomana.ro\/despre\/ro\/i-quattro-alti-la-tinerimea-romana\/","title":{"rendered":"I QUATTRO ALTI LA TINERIMEA ROMANA"},"content":{"rendered":"[:ro]<div class=\"su-spacer\" style=\"height:40px\"><\/div>\n[infobox style=&#8217;info&#8217; static=&#8217;1&#8242;]\n<div class=\"su-row\"><div class=\"su-column su-column-size-3-5\"><div class=\"su-column-inner su-u-clearfix su-u-trim\">\n<div class=\"su-spacer\" style=\"height:130px\"><\/div>\nS\u00e2mb\u0103t\u0103 11 martie 2017 de la ora 17.00 la Sala Mare a Palatului Tinerimea Rom\u00e2n\u0103, sonorit\u0103\u021bi \u00een premier\u0103 cu \u201cI Quattro Alti\u201d un spectaculos cvartet compus din cei mai valoro\u0219i 4 violi\u0219ti ai momentului.<\/p>\n<p>Explor\u00e2nd limitele neb\u0103nuite ale acestui minunat instrument, Michael Carol mai Antal, Iulian Popovici, Theodor Andreescu \u0219i Sorin Spasinovici care semneaz\u0103 \u0219i aranjamentul muzical al programului, v\u0103 propun o panoramare nonconformist\u0103 \u0219i pin\u0103 de culoare din crea\u021bia compozitorilor A. Piazzolla, G. F. H\u00e4ndel, A. Dvo\u0159\u00e1k, The Beatles, G. Dinicu, C. Vel\u00e1zquez, Coldplay \u0219i J. Strauss.<\/p>\n<p>Proiectul este realizat de Rute Muzicale \u00een parteneriat cu EUYO (Orchestra Uniunii Europene de Tineret), Institutul Cultural Rom\u00e2n \u0219i Centrul Na\u021bional de Art\u0103 Tinerimea Rom\u00e2n\u0103. <\/p>\n<\/div><\/div>\n<div class=\"su-column su-column-size-2-5\"><div class=\"su-column-inner su-u-clearfix su-u-trim\">\n<a href=\"http:\/\/tinerimearomana.ro\/despre\/wp-content\/uploads\/sites\/10\/2017\/03\/concert-i-quattro-alti.jpeg\"><img fetchpriority=\"high\" decoding=\"async\" src=\"http:\/\/tinerimearomana.ro\/despre\/wp-content\/uploads\/sites\/10\/2017\/03\/concert-i-quattro-alti.jpeg\" alt=\"concert i quattro alti\" width=\"320\" height=\"450\" class=\"aligncenter size-full wp-image-532\" \/><\/a><br \/>\n<\/div><\/div><\/div>\n[\/infobox][:]\n","protected":false},"excerpt":{"rendered":"<p>[:ro] [infobox style=&#8217;info&#8217; static=&#8217;1&#8242;] [\/infobox][:]<\/p>\n","protected":false},"author":1,"featured_media":637,"comment_status":"closed","ping_status":"open","sticky":false,"template":"","format":"standard","meta":{"_kadence_starter_templates_imported_post":false,"_kad_post_transparent":"","_kad_post_title":"","_kad_post_layout":"","_kad_post_sidebar_id":"","_kad_post_content_style":"","_kad_post_vertical_padding":"","_kad_post_feature":"","_kad_post_feature_position":"","_kad_post_header":false,"_kad_post_footer":false,"_kad_post_classname":"","footnotes":""},"categories":[3],"tags":[],"class_list":["post-638","post","type-post","status-publish","format-standard","has-post-thumbnail","hentry","category-evenimente"],"_links":{"self":[{"href":"https:\/\/tinerimearomana.ro\/despre\/wp-json\/wp\/v2\/posts\/638"}],"collection":[{"href":"https:\/\/tinerimearomana.ro\/despre\/wp-json\/wp\/v2\/posts"}],"about":[{"href":"https:\/\/tinerimearomana.ro\/despre\/wp-json\/wp\/v2\/types\/post"}],"author":[{"embeddable":true,"href":"https:\/\/tinerimearomana.ro\/despre\/wp-json\/wp\/v2\/users\/1"}],"replies":[{"embeddable":true,"href":"https:\/\/tinerimearomana.ro\/despre\/wp-json\/wp\/v2\/comments?post=638"}],"version-history":[{"count":2,"href":"https:\/\/tinerimearomana.ro\/despre\/wp-json\/wp\/v2\/posts\/638\/revisions"}],"predecessor-version":[{"id":3734,"href":"https:\/\/tinerimearomana.ro\/despre\/wp-json\/wp\/v2\/posts\/638\/revisions\/3734"}],"wp:featuredmedia":[{"embeddable":true,"href":"https:\/\/tinerimearomana.ro\/despre\/wp-json\/wp\/v2\/media\/637"}],"wp:attachment":[{"href":"https:\/\/tinerimearomana.ro\/despre\/wp-json\/wp\/v2\/media?parent=638"}],"wp:term":[{"taxonomy":"category","embeddable":true,"href":"https:\/\/tinerimearomana.ro\/despre\/wp-json\/wp\/v2\/categories?post=638"},{"taxonomy":"post_tag","embeddable":true,"href":"https:\/\/tinerimearomana.ro\/despre\/wp-json\/wp\/v2\/tags?post=638"}],"curies":[{"name":"wp","href":"https:\/\/api.w.org\/{rel}","templated":true}]}}