{"id":531,"date":"2017-01-10T22:09:58","date_gmt":"2017-01-10T20:09:58","guid":{"rendered":"http:\/\/tinerimearomana.ro\/despre\/?p=531"},"modified":"2023-04-03T14:50:45","modified_gmt":"2023-04-03T12:50:45","slug":"dor-de-eminescu-la-palatul-tinerimea-romana","status":"publish","type":"post","link":"https:\/\/tinerimearomana.ro\/despre\/ro\/dor-de-eminescu-la-palatul-tinerimea-romana\/","title":{"rendered":"&#8220;DOR DE EMINESCU&#8221; LA PALATUL TINERIMEA ROMANA"},"content":{"rendered":"[:ro]<div class=\"su-spacer\" style=\"height:40px\"><\/div>\n[infobox style=&#8217;info&#8217; static=&#8217;1&#8242;]\n<div class=\"su-row\"><div class=\"su-column su-column-size-3-5\"><div class=\"su-column-inner su-u-clearfix su-u-trim\">\n<div class=\"su-spacer\" style=\"height:130px\"><\/div>\n&#8220;Dor de Eminescu&#8221; spectacolul de muzic\u0103 \u0219i poezie devenit tradi\u021bie la Sala Mare a Palatului <strong>Tinerimea Rom\u00e2n\u0103<\/strong> \u00een ziua de <strong>15 ianuarie<\/strong>, va \u00eenc\u00e2nta din nou auditoriul \u00eencep\u00e2nd de la ora <strong>17.00<\/strong> cu lirica eminescian\u0103 \u0219i muzica inspirat\u0103 de aceasta, ca \u00eentotdeauna \u00een interpret\u0103ri de v\u00e2rf girate de<strong> Corul de Camer\u0103 Preludiu<\/strong> dirijat de <strong>Voicu En\u0103chescu<\/strong>, <strong>Ansamblul Archaeus <\/strong>dirijat de <strong>Liviu D\u0103nceanu<\/strong> \u0219i invitatul special actorul <strong>Adrian P\u0103duraru<\/strong>. <\/p>\n<\/div><\/div>\n<div class=\"su-column su-column-size-2-5\"><div class=\"su-column-inner su-u-clearfix su-u-trim\">\n<a href=\"http:\/\/tinerimearomana.ro\/despre\/wp-content\/uploads\/sites\/10\/2017\/01\/15ian-2017_Dor-de-EMINESCU.jpg\"><img fetchpriority=\"high\" decoding=\"async\" src=\"http:\/\/tinerimearomana.ro\/despre\/wp-content\/uploads\/sites\/10\/2017\/01\/15ian-2017_Dor-de-EMINESCU.jpg\" alt=\"15ian-2017_dor-de-eminescu\" width=\"320\" height=\"450\" class=\"aligncenter size-full wp-image-532\" \/><\/a><br \/>\n<\/div><\/div><\/div>\n<div class=\"su-spacer\" style=\"height:30px\"><\/div>\nFOTO<br \/>\n<div class=\"su-custom-gallery su-custom-gallery-align-left su-custom-gallery-title-never su-lightbox-gallery\"><div class=\"su-custom-gallery-slide\" style=\"width:205px;height:140px\"><a href=\"https:\/\/tinerimearomana.ro\/despre\/wp-content\/uploads\/sites\/10\/2017\/01\/Dor-de-Eminescu_10_Foto_Virgil-Oprina1_2017_01_15.jpg\" title=\"Dor de Eminescu_10_Foto_Virgil Oprina1_2017_01_15\"><img decoding=\"async\" src=\"https:\/\/tinerimearomana.ro\/despre\/wp-content\/uploads\/sites\/10\/2017\/01\/Dor-de-Eminescu_10_Foto_Virgil-Oprina1_2017_01_15.jpg\" alt=\"Dor de Eminescu_10_Foto_Virgil Oprina1_2017_01_15\" width=\"205\" height=\"140\" \/><span class=\"su-custom-gallery-title\">Dor de Eminescu_10_Foto_Virgil Oprina1_2017_01_15<\/span><\/a><\/div><div class=\"su-custom-gallery-slide\" style=\"width:205px;height:140px\"><a href=\"https:\/\/tinerimearomana.ro\/despre\/wp-content\/uploads\/sites\/10\/2017\/01\/Dor-de-Eminescu_10_Foto_Virgil-Oprina2_2017_01_15.jpg\" title=\"Dor de Eminescu_10_Foto_Virgil Oprina2_2017_01_15\"><img decoding=\"async\" src=\"https:\/\/tinerimearomana.ro\/despre\/wp-content\/uploads\/sites\/10\/2017\/01\/Dor-de-Eminescu_10_Foto_Virgil-Oprina2_2017_01_15.jpg\" alt=\"Dor de Eminescu_10_Foto_Virgil Oprina2_2017_01_15\" width=\"205\" height=\"140\" \/><span class=\"su-custom-gallery-title\">Dor de Eminescu_10_Foto_Virgil Oprina2_2017_01_15<\/span><\/a><\/div><div class=\"su-custom-gallery-slide\" style=\"width:205px;height:140px\"><a href=\"https:\/\/tinerimearomana.ro\/despre\/wp-content\/uploads\/sites\/10\/2017\/01\/Dor-de-Eminescu_10_Foto_Virgil-Oprina3_2017_01_15.jpg\" title=\"Dor de Eminescu_10_Foto_Virgil Oprina3_2017_01_15\"><img loading=\"lazy\" decoding=\"async\" src=\"https:\/\/tinerimearomana.ro\/despre\/wp-content\/uploads\/sites\/10\/2017\/01\/Dor-de-Eminescu_10_Foto_Virgil-Oprina3_2017_01_15.jpg\" alt=\"Dor de Eminescu_10_Foto_Virgil Oprina3_2017_01_15\" width=\"205\" height=\"140\" \/><span class=\"su-custom-gallery-title\">Dor de Eminescu_10_Foto_Virgil Oprina3_2017_01_15<\/span><\/a><\/div><div class=\"su-custom-gallery-slide\" style=\"width:205px;height:140px\"><a href=\"https:\/\/tinerimearomana.ro\/despre\/wp-content\/uploads\/sites\/10\/2017\/01\/Dor-de-Eminescu_10_Foto_Virgil-Oprina4_2017_01_15.jpg\" title=\"Dor de Eminescu_10_Foto_Virgil Oprina4_2017_01_15\"><img loading=\"lazy\" decoding=\"async\" src=\"https:\/\/tinerimearomana.ro\/despre\/wp-content\/uploads\/sites\/10\/2017\/01\/Dor-de-Eminescu_10_Foto_Virgil-Oprina4_2017_01_15.jpg\" alt=\"Dor de Eminescu_10_Foto_Virgil Oprina4_2017_01_15\" width=\"205\" height=\"140\" \/><span class=\"su-custom-gallery-title\">Dor de Eminescu_10_Foto_Virgil Oprina4_2017_01_15<\/span><\/a><\/div><div class=\"su-custom-gallery-slide\" style=\"width:205px;height:140px\"><a href=\"https:\/\/tinerimearomana.ro\/despre\/wp-content\/uploads\/sites\/10\/2017\/01\/Dor-de-Eminescu_10_Foto_Virgil-Oprina5_2017_01_15.jpg\" title=\"Dor de Eminescu_10_Foto_Virgil Oprina5_2017_01_15\"><img loading=\"lazy\" decoding=\"async\" src=\"https:\/\/tinerimearomana.ro\/despre\/wp-content\/uploads\/sites\/10\/2017\/01\/Dor-de-Eminescu_10_Foto_Virgil-Oprina5_2017_01_15.jpg\" alt=\"Dor de Eminescu_10_Foto_Virgil Oprina5_2017_01_15\" width=\"205\" height=\"140\" \/><span class=\"su-custom-gallery-title\">Dor de Eminescu_10_Foto_Virgil Oprina5_2017_01_15<\/span><\/a><\/div><div class=\"su-custom-gallery-slide\" style=\"width:205px;height:140px\"><a href=\"https:\/\/tinerimearomana.ro\/despre\/wp-content\/uploads\/sites\/10\/2017\/01\/Dor-de-Eminescu_10_Foto_Virgil-Oprina6_2017_01_15.jpg\" title=\"Dor de Eminescu_10_Foto_Virgil Oprina6_2017_01_15\"><img loading=\"lazy\" decoding=\"async\" src=\"https:\/\/tinerimearomana.ro\/despre\/wp-content\/uploads\/sites\/10\/2017\/01\/Dor-de-Eminescu_10_Foto_Virgil-Oprina6_2017_01_15.jpg\" alt=\"Dor de Eminescu_10_Foto_Virgil Oprina6_2017_01_15\" width=\"205\" height=\"140\" \/><span class=\"su-custom-gallery-title\">Dor de Eminescu_10_Foto_Virgil Oprina6_2017_01_15<\/span><\/a><\/div><div class=\"su-custom-gallery-slide\" style=\"width:205px;height:140px\"><a href=\"https:\/\/tinerimearomana.ro\/despre\/wp-content\/uploads\/sites\/10\/2017\/01\/Dor-de-Eminescu_10_Foto_Virgil-Oprina7_2017_01_15.jpg\" title=\"Dor de Eminescu_10_Foto_Virgil Oprina7_2017_01_15\"><img loading=\"lazy\" decoding=\"async\" src=\"https:\/\/tinerimearomana.ro\/despre\/wp-content\/uploads\/sites\/10\/2017\/01\/Dor-de-Eminescu_10_Foto_Virgil-Oprina7_2017_01_15.jpg\" alt=\"Dor de Eminescu_10_Foto_Virgil Oprina7_2017_01_15\" width=\"205\" height=\"140\" \/><span class=\"su-custom-gallery-title\">Dor de Eminescu_10_Foto_Virgil Oprina7_2017_01_15<\/span><\/a><\/div><div class=\"su-custom-gallery-slide\" style=\"width:205px;height:140px\"><a href=\"https:\/\/tinerimearomana.ro\/despre\/wp-content\/uploads\/sites\/10\/2017\/01\/Dor-de-Eminescu_14_Foto_Virgil-Oprina8_2017_01_15.jpg\" title=\"Dor de Eminescu_14_Foto_Virgil Oprina8_2017_01_15\"><img loading=\"lazy\" decoding=\"async\" src=\"https:\/\/tinerimearomana.ro\/despre\/wp-content\/uploads\/sites\/10\/2017\/01\/Dor-de-Eminescu_14_Foto_Virgil-Oprina8_2017_01_15.jpg\" alt=\"Dor de Eminescu_14_Foto_Virgil Oprina8_2017_01_15\" width=\"205\" height=\"140\" \/><span class=\"su-custom-gallery-title\">Dor de Eminescu_14_Foto_Virgil Oprina8_2017_01_15<\/span><\/a><\/div><div class=\"su-custom-gallery-slide\" style=\"width:205px;height:140px\"><a href=\"https:\/\/tinerimearomana.ro\/despre\/wp-content\/uploads\/sites\/10\/2017\/01\/Dor-de-Eminescu_14_Foto_Virgil-Oprina9_2017_01_15.jpg\" title=\"Dor de Eminescu_14_Foto_Virgil Oprina9_2017_01_15\"><img loading=\"lazy\" decoding=\"async\" src=\"https:\/\/tinerimearomana.ro\/despre\/wp-content\/uploads\/sites\/10\/2017\/01\/Dor-de-Eminescu_14_Foto_Virgil-Oprina9_2017_01_15.jpg\" alt=\"Dor de Eminescu_14_Foto_Virgil Oprina9_2017_01_15\" width=\"205\" height=\"140\" \/><span class=\"su-custom-gallery-title\">Dor de Eminescu_14_Foto_Virgil Oprina9_2017_01_15<\/span><\/a><\/div><div class=\"su-custom-gallery-slide\" style=\"width:205px;height:140px\"><a href=\"https:\/\/tinerimearomana.ro\/despre\/wp-content\/uploads\/sites\/10\/2017\/01\/Dor-de-Eminescu_14_Foto_Virgil-Oprina10_2017_01_15.jpg\" title=\"Dor de Eminescu_14_Foto_Virgil Oprina10_2017_01_15\"><img loading=\"lazy\" decoding=\"async\" src=\"https:\/\/tinerimearomana.ro\/despre\/wp-content\/uploads\/sites\/10\/2017\/01\/Dor-de-Eminescu_14_Foto_Virgil-Oprina10_2017_01_15.jpg\" alt=\"Dor de Eminescu_14_Foto_Virgil Oprina10_2017_01_15\" width=\"205\" height=\"140\" \/><span class=\"su-custom-gallery-title\">Dor de Eminescu_14_Foto_Virgil Oprina10_2017_01_15<\/span><\/a><\/div><div class=\"su-custom-gallery-slide\" style=\"width:205px;height:140px\"><a href=\"https:\/\/tinerimearomana.ro\/despre\/wp-content\/uploads\/sites\/10\/2017\/01\/Dor-de-Eminescu_14_Foto_Virgil-Oprina11_2017_01_15.jpg\" title=\"Dor de Eminescu_14_Foto_Virgil Oprina11_2017_01_15\"><img loading=\"lazy\" decoding=\"async\" src=\"https:\/\/tinerimearomana.ro\/despre\/wp-content\/uploads\/sites\/10\/2017\/01\/Dor-de-Eminescu_14_Foto_Virgil-Oprina11_2017_01_15.jpg\" alt=\"Dor de Eminescu_14_Foto_Virgil Oprina11_2017_01_15\" width=\"205\" height=\"140\" \/><span class=\"su-custom-gallery-title\">Dor de Eminescu_14_Foto_Virgil Oprina11_2017_01_15<\/span><\/a><\/div><div class=\"su-custom-gallery-slide\" style=\"width:205px;height:140px\"><a href=\"https:\/\/tinerimearomana.ro\/despre\/wp-content\/uploads\/sites\/10\/2017\/01\/Dor-de-Eminescu_14_Foto_Virgil-Oprina12_2017_01_15.jpg\" title=\"Dor de Eminescu_14_Foto_Virgil Oprina12_2017_01_15\"><img loading=\"lazy\" decoding=\"async\" src=\"https:\/\/tinerimearomana.ro\/despre\/wp-content\/uploads\/sites\/10\/2017\/01\/Dor-de-Eminescu_14_Foto_Virgil-Oprina12_2017_01_15.jpg\" alt=\"Dor de Eminescu_14_Foto_Virgil Oprina12_2017_01_15\" width=\"205\" height=\"140\" \/><span class=\"su-custom-gallery-title\">Dor de Eminescu_14_Foto_Virgil Oprina12_2017_01_15<\/span><\/a><\/div><div class=\"su-clear\"><\/div><\/div>\n[\/infobox][:]\n","protected":false},"excerpt":{"rendered":"<p>[:ro] [infobox style=&#8217;info&#8217; static=&#8217;1&#8242;] FOTO [\/infobox][:]<\/p>\n","protected":false},"author":1,"featured_media":532,"comment_status":"open","ping_status":"open","sticky":false,"template":"","format":"standard","meta":{"_kadence_starter_templates_imported_post":false,"_kad_post_transparent":"","_kad_post_title":"","_kad_post_layout":"","_kad_post_sidebar_id":"","_kad_post_content_style":"","_kad_post_vertical_padding":"","_kad_post_feature":"","_kad_post_feature_position":"","_kad_post_header":false,"_kad_post_footer":false,"_kad_post_classname":"","footnotes":""},"categories":[3],"tags":[],"class_list":["post-531","post","type-post","status-publish","format-standard","has-post-thumbnail","hentry","category-evenimente"],"_links":{"self":[{"href":"https:\/\/tinerimearomana.ro\/despre\/wp-json\/wp\/v2\/posts\/531"}],"collection":[{"href":"https:\/\/tinerimearomana.ro\/despre\/wp-json\/wp\/v2\/posts"}],"about":[{"href":"https:\/\/tinerimearomana.ro\/despre\/wp-json\/wp\/v2\/types\/post"}],"author":[{"embeddable":true,"href":"https:\/\/tinerimearomana.ro\/despre\/wp-json\/wp\/v2\/users\/1"}],"replies":[{"embeddable":true,"href":"https:\/\/tinerimearomana.ro\/despre\/wp-json\/wp\/v2\/comments?post=531"}],"version-history":[{"count":10,"href":"https:\/\/tinerimearomana.ro\/despre\/wp-json\/wp\/v2\/posts\/531\/revisions"}],"predecessor-version":[{"id":3735,"href":"https:\/\/tinerimearomana.ro\/despre\/wp-json\/wp\/v2\/posts\/531\/revisions\/3735"}],"wp:featuredmedia":[{"embeddable":true,"href":"https:\/\/tinerimearomana.ro\/despre\/wp-json\/wp\/v2\/media\/532"}],"wp:attachment":[{"href":"https:\/\/tinerimearomana.ro\/despre\/wp-json\/wp\/v2\/media?parent=531"}],"wp:term":[{"taxonomy":"category","embeddable":true,"href":"https:\/\/tinerimearomana.ro\/despre\/wp-json\/wp\/v2\/categories?post=531"},{"taxonomy":"post_tag","embeddable":true,"href":"https:\/\/tinerimearomana.ro\/despre\/wp-json\/wp\/v2\/tags?post=531"}],"curies":[{"name":"wp","href":"https:\/\/api.w.org\/{rel}","templated":true}]}}