{"id":495,"date":"2016-08-10T12:32:17","date_gmt":"2016-08-10T10:32:17","guid":{"rendered":"http:\/\/tinerimearomana.ro\/despre\/?p=495"},"modified":"2023-04-03T14:50:58","modified_gmt":"2023-04-03T12:50:58","slug":"vara-magica-2016-valentin-gheorghiu-si-invitatii-sai","status":"publish","type":"post","link":"https:\/\/tinerimearomana.ro\/despre\/ro\/vara-magica-2016-valentin-gheorghiu-si-invitatii-sai\/","title":{"rendered":"VARA MAGIC\u0102 2016 &#8211; VALENTIN GHEORGHIU SI INVITATII S\u0102I"},"content":{"rendered":"[:ro]<div class=\"su-spacer\" style=\"height:40px\"><\/div>\n[infobox style=&#8217;info&#8217; static=&#8217;1&#8242;]\n<div class=\"su-row\"><div class=\"su-column su-column-size-3-5\"><div class=\"su-column-inner su-u-clearfix su-u-trim\">\n<p><strong>Tinere\u021be f\u0103r\u0103 b\u0103tr\u00e2ne\u021be &#8211; Valentin Gheorghiu \u0219i invita\u021bii s\u0103i la Vara Magic\u0103<\/strong><\/p>\n<p>Pianistul Valentin Gheorghiu, seniorul incontestabil al scenei concertelor clasice din Rom\u00e2nia apare din nou \u00een stagiunea Vara Magic\u0103 miercuri, 17 august, la Ateneul Rom\u00e2n, de la ora 19.30, \u00eentr-un program dedicat\u2026 \u201etinere\u021bii f\u0103r\u0103 b\u0103tr\u00e2ne\u021be\u201d.<\/p>\n<p> Soli\u015ftii serii sus\u0163inute de Orchestra Junior dirijat\u0103 de Cristian Oro\u0219anu vor fi Valentin Gheorghiu \u2013 pian \u015fi Roxana Gheorghiu \u2013 pian, \u00een partea cameral\u0103 a serii acestora al\u0103tur\u00eendu-li-se \u015fi Iulia Adriana Cazacu &#8211; vioar\u0103 \u015fi Marin Cazacu \u2013 violoncel. Programul deosebit de divers al serii va avea o parte orchestral\u0103 \u015fi una cameral\u0103, cuprinz\u00e2nd : W.A. Mozart \u2013 Divertisment \u00een Re major KV 136, J. Haydn &#8211; Simfonia nr. 60 in Do major, \u201cIl Distratto\u201d, J.S. Bach \u2013 Concertul \u00een fa minor BWV 1056 pentru dou\u0103 piane \u0219i orchestr\u0103, S. Rachmaninov \u2013 Trio elegiac nr. 1 \u00een sol minor, S. Rachmaninov \u2013 Suita pentru pian la patru m\u00e2ini.<\/p>\n<\/div><\/div>\n<div class=\"su-column su-column-size-2-5\"><div class=\"su-column-inner su-u-clearfix su-u-trim\">\n<a href=\"http:\/\/tinerimearomana.ro\/despre\/wp-content\/uploads\/sites\/10\/2016\/08\/Valentin-Gheorghiu.jpg\"><img fetchpriority=\"high\" decoding=\"async\" src=\"http:\/\/tinerimearomana.ro\/despre\/wp-content\/uploads\/sites\/10\/2016\/08\/Valentin-Gheorghiu.jpg\" alt=\"Valentin Gheoghiu\" width=\"400\" height=\"250\" class=\"aligncenter size-full wp-image-478\" \/><\/a><br \/>\n<\/div><\/div>\n<\/div>\n<div class=\"su-row\"><div class=\"su-column su-column-size-1-12\"><div class=\"su-column-inner su-u-clearfix su-u-trim\">\n<p>Pentru cei mai tineri muzicieni de orchestr\u0103 rom\u00e2ni, membri ai Orchestrei Junior, care vor ap\u0103rea \u00een fa\u0163a publicului bucure\u015ftean al\u0103turi de mari nume ale solisticii rom\u00e2ne\u0219ti pe scena Ateneului Rom\u00e2n, acest concert va constitui punctul culminant al stagiului de preg\u0103tire desf\u0103\u0219urat la Sinaia \u00een cadrul Festivalului Interna\u021bional \u201eEnescu \u0219i Muzica Lumii\u201d &#8211; edi\u021bia a XVII-a. De aceast\u0103 dat\u0103, ei vor evolua sub bagheta lui Cristian Oro\u015fanu, dirijorul rom\u00e2n care s-a ocupat \u015fi de preg\u0103tirea lor la Sinaia \u00een perioada premerg\u0103toare concertului programat la Casino, pe 15 august, ca o avanpremier\u0103 a celui de la Bucure\u015fti.<\/p>\n<p>Lanto Communication organizeaz\u0103 a cincea edi\u0163ie a Festivalului \u201cVara Magic\u0103\u201d la Ateneul Rom\u00e2n din Bucure\u015fti \u00eentre 13 iulie \u015fi 24 august 2016, concertele fiind organizate \u00een fiecare s\u0103pt\u0103m\u00e2n\u0103 \u015fi av\u00e2nd pe afi\u015f Orchestra Rom\u00e2n\u0103 de Tineret, Orchestra de Tineret a Portugaliei, Orchestra Sinfonietta si Orchestra Junior, al\u0103turi de celebri dirijori \u015fi soli\u015fti rom\u00e2ni \u015fi str\u0103ini. Cea de a V-a edi\u021bie a Festivalului \u201eVara Magic\u0103\u201d reafirm\u0103 for\u021ba PARTENERIATULUI prin care Lanto Communication ofer\u0103 publicului s\u0103u o var\u0103 la standarde culturale europene. <\/p>\n<p>Organizator: Lanto Communication<br \/>\nPartener asociat : Centrul Na\u0163ional de Art\u0103 Tinerimea Romana<br \/>\nPartener: Fundatia Prietenii muzicii &#8211; Serafim Antropov<br \/>\nParteneri media : Radio Rom\u00e2nia Cultural, Radio Rom\u00e2nia Muzical, TVR 2<\/p>\n<p>Biletele \u015fi abonamentele s-au pus \u00een v\u00e2nzare pe www.bilete.ro \u015fi la casa de bilete a Ateneului Rom\u00e2n tel. 0733.612.948<br \/>\nInfo suplimentare https:\/\/www.facebook.com\/FestivalulVaraMagica\/<\/p>\n<p><strong>Biografii arti\u0219ti<\/strong><\/p>\n<p><strong>Orchestra JUNIOR <\/strong><\/p>\n<p>Cea mai t\u00e2n\u0103r\u0103 orchestr\u0103 din Rom\u00e2nia, a  fost \u00eenfiin\u021bat\u0103 la Sinaia, \u00een anul 2013, \u00een cadrul \u0218colii de var\u0103 pentru tineri muzicieni, proiect ini\u021biat  de Marin Cazacu cu scopul de a apropia t\u00e2n\u0103ra genera\u021bie de muzicieni rom\u00e2ni de aspira\u021biile artistice \u0219i profesionale europene. Tineri selecta\u021bi din \u00eentreaga \u021bar\u0103, cu v\u00e2rste cuprinse \u00eentre 12 \u0219i 16 ani, sunt preg\u0103ti\u021bi anul acesta de dirijorul Cristian Oro\u0219anu. Majoritatea dintre ei c\u00e2nt\u0103 pentru prima dat\u0103 \u00eentr-un ansamblu orchestral \u0219i descoper\u0103 bucuria creativit\u0103\u021bii colective prin interpretarea unor lucr\u0103ri celebre din repertoriul baroc \u0219i clasic.<br \/>\nOrchestra Junior a concertat \u00een ultimele trei editii (2013, 2014 si 2015) ale Festivalului Interna\u0163ional \u201eEnescu \u015fi muzica lumii\u201d la Sinaia \u0219i Bu\u0219teni, iar anul acesta \u00eesi fac debutul pe scena Ateneului Rom\u00e2n, \u00een cadrul Festivalului Interna\u021bional \u201eVar\u0103 magic\u0103\u201d.<\/p>\n<p><strong>Cristian ORO\u015eANU <\/strong><\/p>\n<p>Construit\u0103 cu grij\u0103 \u015fi seriozitate, reputa\u0163ia prefesional\u0103 a dirijorului Cristian Oro\u015fanu a generat prezen\u0163a sa pe multe scene ale Europei \u00een compania unor ansambluri celebre: Orchestre de Paris \u00een cadrul Festivalului de la Aix en Provence, Orchestre National Bordeaux Aquitaine, Tonhalle Z\u00fcrich, DSO Berlin, BBC Scotish Orchestra, Lamoureux, Israel Kibbutz Orchestra, Orchestre National Porto, a filarmonicilor din Strasbourg, din Bruxelles \u015f.a. De-a lungul timpului, acesta avut ocazia s\u0103 fie asistentul dirijorilor Yutaka Sado, Mstislav Rostropovich \u015fi Ingo Metzmacher.<br \/>\nCristian Oro\u015fanu a dirijat cu succes aproape toate orchestrele filarmonicilor din \u0163ar\u0103 \u015fi ansamblurile muzicale Radio Rom\u00e2nia, \u00een prezent fiind dirijor permanent al Filarmonicii din Bra\u015fov \u015fi director artistic al Operei Na\u0163ionale din Iasi. Colaborarea cu radioul a \u00eenceput \u00eenaintea carierei de dirijor, Cristian Oro\u015fanu fiind timp de cinci ani cornist \u00een Orchestra Na\u0163ional\u0103 Radio. Este absolvent a dou\u0103 facult\u0103\u0163i ale Universit\u0103\u0163ii Na\u0163ionale de Muzic\u0103 Bucure\u015fti, una de interpretare \u015fi cealalt\u0103 de dirijat orchestr\u0103, la clasa dirijorului Cristian Br\u00e2ncu\u015fi \u015fi perfec\u0163ionat \u00een particular sub \u00eendrumarea celebrului profesor Constantin  Bugeanu. \u00cen cadrul Academiei interna\u0163ionale Bach de la Stuttgart a avut ocazia s\u0103  lucreze cu dirijorul Helmuth Rilling.<br \/>\nFascinat de lumea operei, Cristian Oro\u015fanu a fost pe r\u00e2nd dirijor permanent al  Operelor Na\u0163ionale din Bucure\u015fti, Cluj si Ia\u015fi, iar peste hotare a fost invitat \u00een Franta, Austria sau Japonia. Repertoriul s\u0103u liric curprinde peste 40 de titluri. Anul 2005 i-a adus dirijorului rom\u00e2n dou\u0103 recompense, una \u00een \u0163ar\u0103 (premiul Criticii Muzicale din Rom\u00e2nia) \u015fi una \u00een Danemarca (premiul doi la concursul international de dirijat Malko).<br \/>\nPermanent atras de latura pedagogic\u0103, Cristian Oro\u015fanu este de mai bine de 5 ani profesor de dirijat la Academia de muzic\u0103 din Ia\u015fi \u015fi a organizat mai multe cursuri internationale de m\u0103iestrie la Filamonica Moldova din Ia\u015fi, Opera Na\u0163ional\u0103 Ia\u015fi \u015fi la Filrmonica din Bra\u015fov.<br \/>\nDirijorul Cristian Oro\u015fanu este fondatorul orchestrei Kamerata Kronstadt \u015fi de\u0163ine titlul de doctor \u00een muzic\u0103.<\/p>\n<\/div><\/div>\n<\/div>\n<p><strong>FOTO<\/strong><br \/>\n<div class=\"su-custom-gallery su-custom-gallery-align-left su-custom-gallery-title-never su-lightbox-gallery\"><div class=\"su-custom-gallery-slide\" style=\"width:200px;height:140px\"><a href=\"https:\/\/tinerimearomana.ro\/despre\/wp-content\/uploads\/sites\/10\/2016\/08\/Valentin-Gheorghiu_Roxana-Gheorghiu_5.jpg\" title=\"Valentin-Gheorghiu_Roxana-Gheorghiu_5\"><img decoding=\"async\" src=\"https:\/\/tinerimearomana.ro\/despre\/wp-content\/uploads\/sites\/10\/2016\/08\/Valentin-Gheorghiu_Roxana-Gheorghiu_5.jpg\" alt=\"Valentin-Gheorghiu_Roxana-Gheorghiu_5\" width=\"200\" height=\"140\" \/><span class=\"su-custom-gallery-title\">Valentin-Gheorghiu_Roxana-Gheorghiu_5<\/span><\/a><\/div><div class=\"su-custom-gallery-slide\" style=\"width:200px;height:140px\"><a href=\"https:\/\/tinerimearomana.ro\/despre\/wp-content\/uploads\/sites\/10\/2016\/08\/Valentin-Gheorghiu_Roxana-Gheorghiu_4.jpg\" title=\"Valentin-Gheorghiu_Roxana-Gheorghiu_4\"><img decoding=\"async\" src=\"https:\/\/tinerimearomana.ro\/despre\/wp-content\/uploads\/sites\/10\/2016\/08\/Valentin-Gheorghiu_Roxana-Gheorghiu_4.jpg\" alt=\"Valentin-Gheorghiu_Roxana-Gheorghiu_4\" width=\"200\" height=\"140\" \/><span class=\"su-custom-gallery-title\">Valentin-Gheorghiu_Roxana-Gheorghiu_4<\/span><\/a><\/div><div class=\"su-custom-gallery-slide\" style=\"width:200px;height:140px\"><a href=\"https:\/\/tinerimearomana.ro\/despre\/wp-content\/uploads\/sites\/10\/2016\/08\/Valentin-Gheorghiu_Roxana-Gheorghiu_3.jpg\" title=\"Valentin-Gheorghiu_Roxana-Gheorghiu_3\"><img loading=\"lazy\" decoding=\"async\" src=\"https:\/\/tinerimearomana.ro\/despre\/wp-content\/uploads\/sites\/10\/2016\/08\/Valentin-Gheorghiu_Roxana-Gheorghiu_3.jpg\" alt=\"Valentin-Gheorghiu_Roxana-Gheorghiu_3\" width=\"200\" height=\"140\" \/><span class=\"su-custom-gallery-title\">Valentin-Gheorghiu_Roxana-Gheorghiu_3<\/span><\/a><\/div><div class=\"su-custom-gallery-slide\" style=\"width:200px;height:140px\"><a href=\"https:\/\/tinerimearomana.ro\/despre\/wp-content\/uploads\/sites\/10\/2016\/08\/Valentin-Gheorghiu_Roxana-Gheorghiu_2.jpg\" title=\"Valentin-Gheorghiu_Roxana-Gheorghiu_2\"><img loading=\"lazy\" decoding=\"async\" src=\"https:\/\/tinerimearomana.ro\/despre\/wp-content\/uploads\/sites\/10\/2016\/08\/Valentin-Gheorghiu_Roxana-Gheorghiu_2.jpg\" alt=\"Valentin-Gheorghiu_Roxana-Gheorghiu_2\" width=\"200\" height=\"140\" \/><span class=\"su-custom-gallery-title\">Valentin-Gheorghiu_Roxana-Gheorghiu_2<\/span><\/a><\/div><div class=\"su-custom-gallery-slide\" style=\"width:200px;height:140px\"><a href=\"https:\/\/tinerimearomana.ro\/despre\/wp-content\/uploads\/sites\/10\/2016\/08\/Iulia-Cazacu_Valentin-Gheorghiu_Marin-Cazacu_3.jpg\" title=\"Iulia-Cazacu_Valentin-Gheorghiu_Marin-Cazacu_3\"><img loading=\"lazy\" decoding=\"async\" src=\"https:\/\/tinerimearomana.ro\/despre\/wp-content\/uploads\/sites\/10\/2016\/08\/Iulia-Cazacu_Valentin-Gheorghiu_Marin-Cazacu_3.jpg\" alt=\"Iulia-Cazacu_Valentin-Gheorghiu_Marin-Cazacu_3\" width=\"200\" height=\"140\" \/><span class=\"su-custom-gallery-title\">Iulia-Cazacu_Valentin-Gheorghiu_Marin-Cazacu_3<\/span><\/a><\/div><div class=\"su-custom-gallery-slide\" style=\"width:200px;height:140px\"><a href=\"https:\/\/tinerimearomana.ro\/despre\/wp-content\/uploads\/sites\/10\/2016\/08\/Iulia-Cazacu_Valentin-Gheorghiu_Marin-Cazacu_2.jpg\" title=\"Iulia-Cazacu_Valentin-Gheorghiu_Marin-Cazacu_2\"><img loading=\"lazy\" decoding=\"async\" src=\"https:\/\/tinerimearomana.ro\/despre\/wp-content\/uploads\/sites\/10\/2016\/08\/Iulia-Cazacu_Valentin-Gheorghiu_Marin-Cazacu_2.jpg\" alt=\"Iulia-Cazacu_Valentin-Gheorghiu_Marin-Cazacu_2\" width=\"200\" height=\"140\" \/><span class=\"su-custom-gallery-title\">Iulia-Cazacu_Valentin-Gheorghiu_Marin-Cazacu_2<\/span><\/a><\/div><div class=\"su-custom-gallery-slide\" style=\"width:200px;height:140px\"><a href=\"https:\/\/tinerimearomana.ro\/despre\/wp-content\/uploads\/sites\/10\/2016\/08\/Iulia-Cazacu_Valentin-Gheorghiu_Marin-Cazacu_1.jpg\" title=\"Iulia-Cazacu_Valentin-Gheorghiu_Marin-Cazacu_1\"><img loading=\"lazy\" decoding=\"async\" src=\"https:\/\/tinerimearomana.ro\/despre\/wp-content\/uploads\/sites\/10\/2016\/08\/Iulia-Cazacu_Valentin-Gheorghiu_Marin-Cazacu_1.jpg\" alt=\"Iulia-Cazacu_Valentin-Gheorghiu_Marin-Cazacu_1\" width=\"200\" height=\"140\" \/><span class=\"su-custom-gallery-title\">Iulia-Cazacu_Valentin-Gheorghiu_Marin-Cazacu_1<\/span><\/a><\/div><div class=\"su-custom-gallery-slide\" style=\"width:200px;height:140px\"><a href=\"https:\/\/tinerimearomana.ro\/despre\/wp-content\/uploads\/sites\/10\/2016\/08\/Iulia-Cazacu_Valentin-Gheorghiu_1.jpg\" title=\"Iulia-Cazacu_Valentin-Gheorghiu_1\"><img loading=\"lazy\" decoding=\"async\" src=\"https:\/\/tinerimearomana.ro\/despre\/wp-content\/uploads\/sites\/10\/2016\/08\/Iulia-Cazacu_Valentin-Gheorghiu_1.jpg\" alt=\"Iulia-Cazacu_Valentin-Gheorghiu_1\" width=\"200\" height=\"140\" \/><span class=\"su-custom-gallery-title\">Iulia-Cazacu_Valentin-Gheorghiu_1<\/span><\/a><\/div><div class=\"su-clear\"><\/div><\/div>\n<div class=\"su-custom-gallery su-custom-gallery-align-left su-custom-gallery-title-never su-lightbox-gallery\"><div class=\"su-custom-gallery-slide\" style=\"width:200px;height:240px\"><a href=\"https:\/\/tinerimearomana.ro\/despre\/wp-content\/uploads\/sites\/10\/2016\/08\/Valentin-Gheorghiu_Roxana-Gheorghiu_1.jpg\" title=\"Valentin-Gheorghiu_Roxana-Gheorghiu_1\"><img loading=\"lazy\" decoding=\"async\" src=\"https:\/\/tinerimearomana.ro\/despre\/wp-content\/uploads\/sites\/10\/2016\/08\/Valentin-Gheorghiu_Roxana-Gheorghiu_1.jpg\" alt=\"Valentin-Gheorghiu_Roxana-Gheorghiu_1\" width=\"200\" height=\"240\" \/><span class=\"su-custom-gallery-title\">Valentin-Gheorghiu_Roxana-Gheorghiu_1<\/span><\/a><\/div><div class=\"su-custom-gallery-slide\" style=\"width:200px;height:240px\"><a href=\"https:\/\/tinerimearomana.ro\/despre\/wp-content\/uploads\/sites\/10\/2016\/08\/Valentin-Gheorghiu_1.jpg\" title=\"Valentin-Gheorghiu_1\"><img loading=\"lazy\" decoding=\"async\" src=\"https:\/\/tinerimearomana.ro\/despre\/wp-content\/uploads\/sites\/10\/2016\/08\/Valentin-Gheorghiu_1.jpg\" alt=\"Valentin-Gheorghiu_1\" width=\"200\" height=\"240\" \/><span class=\"su-custom-gallery-title\">Valentin-Gheorghiu_1<\/span><\/a><\/div><div class=\"su-clear\"><\/div><\/div>\n[\/infobox][:]\n","protected":false},"excerpt":{"rendered":"<p>[:ro] [infobox style=&#8217;info&#8217; static=&#8217;1&#8242;] FOTO [\/infobox][:]<\/p>\n","protected":false},"author":1,"featured_media":496,"comment_status":"open","ping_status":"open","sticky":false,"template":"","format":"standard","meta":{"_kadence_starter_templates_imported_post":false,"_kad_post_transparent":"","_kad_post_title":"","_kad_post_layout":"","_kad_post_sidebar_id":"","_kad_post_content_style":"","_kad_post_vertical_padding":"","_kad_post_feature":"","_kad_post_feature_position":"","_kad_post_header":false,"_kad_post_footer":false,"_kad_post_classname":"","footnotes":""},"categories":[3],"tags":[],"class_list":["post-495","post","type-post","status-publish","format-standard","has-post-thumbnail","hentry","category-evenimente"],"_links":{"self":[{"href":"https:\/\/tinerimearomana.ro\/despre\/wp-json\/wp\/v2\/posts\/495"}],"collection":[{"href":"https:\/\/tinerimearomana.ro\/despre\/wp-json\/wp\/v2\/posts"}],"about":[{"href":"https:\/\/tinerimearomana.ro\/despre\/wp-json\/wp\/v2\/types\/post"}],"author":[{"embeddable":true,"href":"https:\/\/tinerimearomana.ro\/despre\/wp-json\/wp\/v2\/users\/1"}],"replies":[{"embeddable":true,"href":"https:\/\/tinerimearomana.ro\/despre\/wp-json\/wp\/v2\/comments?post=495"}],"version-history":[{"count":11,"href":"https:\/\/tinerimearomana.ro\/despre\/wp-json\/wp\/v2\/posts\/495\/revisions"}],"predecessor-version":[{"id":3737,"href":"https:\/\/tinerimearomana.ro\/despre\/wp-json\/wp\/v2\/posts\/495\/revisions\/3737"}],"wp:featuredmedia":[{"embeddable":true,"href":"https:\/\/tinerimearomana.ro\/despre\/wp-json\/wp\/v2\/media\/496"}],"wp:attachment":[{"href":"https:\/\/tinerimearomana.ro\/despre\/wp-json\/wp\/v2\/media?parent=495"}],"wp:term":[{"taxonomy":"category","embeddable":true,"href":"https:\/\/tinerimearomana.ro\/despre\/wp-json\/wp\/v2\/categories?post=495"},{"taxonomy":"post_tag","embeddable":true,"href":"https:\/\/tinerimearomana.ro\/despre\/wp-json\/wp\/v2\/tags?post=495"}],"curies":[{"name":"wp","href":"https:\/\/api.w.org\/{rel}","templated":true}]}}