{"id":490,"date":"2016-08-09T00:18:54","date_gmt":"2016-08-08T22:18:54","guid":{"rendered":"http:\/\/tinerimearomana.ro\/despre\/?p=490"},"modified":"2023-04-03T14:51:10","modified_gmt":"2023-04-03T12:51:10","slug":"festivalul-internationalenescu-si-muzica-lumii-2016-in-plina-desfasurare","status":"publish","type":"post","link":"https:\/\/tinerimearomana.ro\/despre\/ro\/festivalul-internationalenescu-si-muzica-lumii-2016-in-plina-desfasurare\/","title":{"rendered":"FESTIVALUL INTERNA\u021aIONAL&#8221;ENESCU \u0218I MUZICA LUMII&#8221; 2016 \u00ceN PLIN\u0102 DESF\u0102\u0218URARE!"},"content":{"rendered":"[:ro]<div class=\"su-spacer\" style=\"height:40px\"><\/div>\n[infobox style=&#8217;info&#8217; static=&#8217;1&#8242;]\n<div class=\"su-row\"><div class=\"su-column su-column-size-3-5\"><div class=\"su-column-inner su-u-clearfix su-u-trim\">\n<p>      Festivalul Interna\u021bional Enescu \u0219i muzica Lumii edi\u021bia XVII-a 2016 este \u00een plin\u0103 desf\u0103\u0219urare!<br \/>\nAv\u00e2nd ca organizatori principali<strong> Prim\u0103ria ora\u0219ului Sinaia<\/strong> \u0219i <strong>Centrul Na\u021bional de Art\u0103 Tinerimea Rom\u00e2n\u0103<\/strong>, programul festivalului continu\u0103 dup\u0103 cum urmeaz\u0103:<\/p>\n<p><strong>Marti 9 august, Sinaia, Sala Casino, ora 19 <\/strong><br \/>\nRazvan Anemtoaiei \u2013 vioara<br \/>\nLa pian Angela Draghicescu<br \/>\nJ. S. Bach, S. Prokofiev, F. Kreisler, G. Enescu<\/p>\n<p><strong>Miercuri 10 august, Sinaia, Sala Casino, ora 19<\/strong><br \/>\nGeneratia mileniului lll<br \/>\nSolisti ai Orchestrei Junior<br \/>\nLa pian Angela Draghicescu<br \/>\nDe la Bach la Enescu<\/p>\n<p><strong>Joi 11 august, Sinaia, Sala Casino, ora 19 <\/strong><br \/>\nGeneratia mileniului lll<br \/>\nLaureati ai concursurilor internationale<br \/>\nLa pian Angela Draghicescu<br \/>\nCeaikovski, Wieniawski, Brahms, Paganini<\/p>\n<p><strong>Vineri 12 august, Sinaia, sala Casino, ora 19<\/strong><br \/>\nAvanpremiera la Concursul International \u201cG.Enescu\u201d<br \/>\nIoana Cristina Goicea \u2013 vioara<br \/>\nRazvan Costin Filipoiu \u2013 pian<br \/>\nL. van Beethoven, E. Grieg, G. Enescu<\/p>\n<p><strong>Sambata 13 august, Sinaia, Sala Casino, ora 19<\/strong><br \/>\nStefan Cazacu \u2013 violoncel<br \/>\nMihai Diaconescu \u2013 pian<br \/>\nJ. Brahms , L.van Beethoven, D. Sostakovici<\/p>\n<p><strong>Duminica 14 august , Sinaia, Biserica catolica, ora 19<\/strong><br \/>\nSub aripa Sfintei Marii<br \/>\nSolisti ai Orchestrelor Nationale de Tineret<br \/>\nI.S. Bach, A. Vivaldi, G.F. Haendel<\/p>\n<p><strong>Luni 15 august, Sinaia, Sala Casino, ora 19<\/strong><br \/>\nOrchestra Junior<br \/>\nDirijor Cristian Orosanu<br \/>\nSolisti Valentin Gheorghiu \u2013 pian<br \/>\nRoxana Gheorghiu \u2013 pian<br \/>\nInvitati:<br \/>\nIulia Adriana Cazacu &#8211; vioara<br \/>\nMarin Cazacu \u2013 violoncel<br \/>\nI.S. Bach, J. Haydn, W.A. Mozart, S. Rachmaninov<\/p>\n<p><strong>Marti 16 august, Busteni, Centrul cultural Aurel Stroe, ora 19<\/strong><br \/>\nOrchestra Junior<br \/>\nDirijor Cristian Orosanu<br \/>\nJ. Haydn, W.A. Mozart<\/p>\n<p><strong>Joi 18 august, Sinaia, sala Casino, ora 19<\/strong><br \/>\nAvanpremiera la Concursul International \u201cG.Enescu\u2019<br \/>\nOctavian Alin Lup \u2013 violoncel<br \/>\nI.S. Bach, F. Schubert , C. Debussy, Paul Hindemith, David Popper<br \/>\nDan Iuian Drutac \u2013 vioara<br \/>\nI.S. Bach, N. Paganini, J. Brahms<\/p>\n<p><strong>Vineri 19 august, Sinaia, Casa memoriala \u201cG.Enescu\u201d, ora 17<\/strong><br \/>\nEnescu la el acasa<br \/>\nRazvan Anemtoaiei \u2013 vioara<br \/>\nOctavian Lup &#8211; violoncel<br \/>\nDan Iulian Drutac &#8211; vioara<\/p>\n<p><strong>Duminica 21 august, Sinaia, Sala Casino, ora 19<\/strong><br \/>\nRodica Vica \u2013 soprana<br \/>\nI Ludici Ensemble<br \/>\nRafael Butaru &#8211; vioara<br \/>\nIulia Adriana Cazacu &#8211; vioara<br \/>\nLoredana Apetrei &#8211; viola<br \/>\nStefan Cazacu &#8211; violoncel<br \/>\nIulian Ochescu &#8211; clavecin<br \/>\nG. Fr. H\u04d3ndel, A Vivaldi<\/p>\n<p><strong>Marti 23 august, Sinaia, sala Casino, ora 19<\/strong><br \/>\nOrchestra de Tineret Romania- Moldova<br \/>\nDirijor Cristian Mandeal<br \/>\nSolist Stefan Cazacu<br \/>\nG.Enescu , P.I. Ceaikovski, S. Prokofiev<br \/>\nnternationale<br \/>\nLa pian Angela Draghicescu<br \/>\nCeaikovski, Wieniawski, Brahms, Paganini<\/p>\n<\/div><\/div>\n<div class=\"su-column su-column-size-2-5\"><div class=\"su-column-inner su-u-clearfix su-u-trim\">\n<a href=\"http:\/\/tinerimearomana.ro\/despre\/wp-content\/uploads\/sites\/10\/2016\/08\/Enescu2016.jpg\"><img fetchpriority=\"high\" decoding=\"async\" src=\"http:\/\/tinerimearomana.ro\/despre\/wp-content\/uploads\/sites\/10\/2016\/08\/Enescu2016.jpg\" alt=\"Afis_03 august 2016 Portugalia\" width=\"320\" height=\"451\" class=\"aligncenter size-full wp-image-478\" \/><\/a><br \/>\n<\/div><\/div><\/div>\n<div class=\"su-spacer\" style=\"height:30px\"><\/div>\n[\/infobox][:]\n","protected":false},"excerpt":{"rendered":"<p>[:ro] [infobox style=&#8217;info&#8217; static=&#8217;1&#8242;] [\/infobox][:]<\/p>\n","protected":false},"author":1,"featured_media":491,"comment_status":"open","ping_status":"open","sticky":false,"template":"","format":"standard","meta":{"_kadence_starter_templates_imported_post":false,"_kad_post_transparent":"","_kad_post_title":"","_kad_post_layout":"","_kad_post_sidebar_id":"","_kad_post_content_style":"","_kad_post_vertical_padding":"","_kad_post_feature":"","_kad_post_feature_position":"","_kad_post_header":false,"_kad_post_footer":false,"_kad_post_classname":"","footnotes":""},"categories":[3],"tags":[],"class_list":["post-490","post","type-post","status-publish","format-standard","has-post-thumbnail","hentry","category-evenimente"],"_links":{"self":[{"href":"https:\/\/tinerimearomana.ro\/despre\/wp-json\/wp\/v2\/posts\/490"}],"collection":[{"href":"https:\/\/tinerimearomana.ro\/despre\/wp-json\/wp\/v2\/posts"}],"about":[{"href":"https:\/\/tinerimearomana.ro\/despre\/wp-json\/wp\/v2\/types\/post"}],"author":[{"embeddable":true,"href":"https:\/\/tinerimearomana.ro\/despre\/wp-json\/wp\/v2\/users\/1"}],"replies":[{"embeddable":true,"href":"https:\/\/tinerimearomana.ro\/despre\/wp-json\/wp\/v2\/comments?post=490"}],"version-history":[{"count":6,"href":"https:\/\/tinerimearomana.ro\/despre\/wp-json\/wp\/v2\/posts\/490\/revisions"}],"predecessor-version":[{"id":3738,"href":"https:\/\/tinerimearomana.ro\/despre\/wp-json\/wp\/v2\/posts\/490\/revisions\/3738"}],"wp:featuredmedia":[{"embeddable":true,"href":"https:\/\/tinerimearomana.ro\/despre\/wp-json\/wp\/v2\/media\/491"}],"wp:attachment":[{"href":"https:\/\/tinerimearomana.ro\/despre\/wp-json\/wp\/v2\/media?parent=490"}],"wp:term":[{"taxonomy":"category","embeddable":true,"href":"https:\/\/tinerimearomana.ro\/despre\/wp-json\/wp\/v2\/categories?post=490"},{"taxonomy":"post_tag","embeddable":true,"href":"https:\/\/tinerimearomana.ro\/despre\/wp-json\/wp\/v2\/tags?post=490"}],"curies":[{"name":"wp","href":"https:\/\/api.w.org\/{rel}","templated":true}]}}