{"id":483,"date":"2016-08-08T16:21:30","date_gmt":"2016-08-08T14:21:30","guid":{"rendered":"http:\/\/tinerimearomana.ro\/despre\/?p=483"},"modified":"2023-04-03T14:44:05","modified_gmt":"2023-04-03T12:44:05","slug":"ioaa-cristina-goicea-si-radu-costin-filipoiu-in-recital-la-ateneu-la-vara-magica","status":"publish","type":"post","link":"https:\/\/tinerimearomana.ro\/despre\/ro\/ioaa-cristina-goicea-si-radu-costin-filipoiu-in-recital-la-ateneu-la-vara-magica\/","title":{"rendered":"Ioana Cristina Goicea \u0219i Radu Costin Filipoiu \u00een recital la Ateneu la Vara Magic\u0103"},"content":{"rendered":"[:ro]<div class=\"su-spacer\" style=\"height:40px\"><\/div>\n[infobox style=&#8217;info&#8217; static=&#8217;1&#8242;]\n<div class=\"su-row\"><div class=\"su-column su-column-size-3-5\"><div class=\"su-column-inner su-u-clearfix su-u-trim\">\n<p>      Tinerii muzicieni rom\u00e2ni Ioana Cristina Goicea \u015fi Radu Costin Filipoiu sunt invita\u0163ii Festivalului \u201eVara Magic\u0103\u201d la Ateneu, pe data de 10 august, manifestarea continu\u00e2nd tradi\u021bia de a aduce \u00een fa\u021ba publicului cei mai talenta\u0163i tineri muzicieni rom\u00e2ni.<\/p>\n<p>Afla\u021bi \u00een plin\u0103 form\u0103, \u00eenaintea unor importante concursuri interna\u021bionale, cei doi protagoni\u0219ti promit un recital cameral de clas\u0103 interna\u021bional\u0103 care va cuprinde J.S. Bach &#8211; Ciaccona din Partita a ll-a \u00een re minor BWV 1004, L.van Bethoven \u2013 Sonata nr. 6 \u00een La major op. 30, George Enescu &#8211; Sonata a lll-a \u201c\u00een caracter popular rom\u00e2nesc\u201d op. 25, Henri Wieniawski \u2013 Varia\u0163iuni pe o tem\u0103 original\u0103, op. 15.<\/p>\n<p>Lanto Communication organizeaz\u0103 a cincea edi\u0163ie a Festivalului \u201cVara Magic\u0103\u201d la Ateneul Rom\u00e2n din Bucure\u015fti \u00eentre 13 iulie \u015fi 24 august 2016, concertele fiind organizate \u00een fiecare s\u0103pt\u0103m\u00e2n\u0103 \u015fi av\u00e2nd pe afi\u015f Orchestra Rom\u00e2n\u0103 de Tineret, Orchestra de Tineret a Portugaliei, Orchestra Sinfonietta si Orchestra Junior, al\u0103turi de celebri dirijori \u015fi soli\u015fti rom\u00e2ni \u015fi str\u0103ini. Cea de a V-a edi\u021bie a Festivalului \u201eVara Magic\u0103\u201d reafirm\u0103 for\u021ba PARTENERIATULUI prin care Lanto Communication ofer\u0103 publicului s\u0103u o var\u0103 la standarde culturale europene.<\/p>\n<p>Organizator: Lanto Communication<\/p>\n<p>Partener asociat : Centrul Na\u0163ional de Art\u0103 Tinerimea Romana<\/p>\n<p>Partener: Fundatia Prietenii muzicii &#8211; Serafim Antropov<\/p>\n<p>Parteneri media : Radio Rom\u00e2nia Cultural, Radio Rom\u00e2nia Muzical, TVR 2<\/p>\n<p>Biletele \u015fi abonamentele s-au pus \u00een v\u00e2nzare pe www.bilete.ro \u015fi la casa de bilete a<\/p>\n<p>Ateneului Rom\u00e2n tel. 0733.612.948<\/p>\n<p>Info suplimentare https:\/\/www.facebook.com\/FestivalulVaraMagica\/<\/p>\n<\/div><\/div>\n<div class=\"su-column su-column-size-2-5\"><div class=\"su-column-inner su-u-clearfix su-u-trim\">\n<a href=\"http:\/\/tinerimearomana.ro\/despre\/wp-content\/uploads\/sites\/10\/2016\/08\/10-august-2016-Goicea-Filipoiu.jpg\"><img fetchpriority=\"high\" decoding=\"async\" src=\"http:\/\/tinerimearomana.ro\/despre\/wp-content\/uploads\/sites\/10\/2016\/08\/10-august-2016-Goicea-Filipoiu.jpg\" alt=\"Afis_03 august 2016 Portugalia\" width=\"320\" height=\"451\" class=\"aligncenter size-full wp-image-478\" \/><\/a><br \/>\n<\/div><\/div><\/div>\n<div class=\"su-spacer\" style=\"height:30px\"><\/div>\n<strong>FOTO<\/strong><br \/>\n<div class=\"su-custom-gallery su-custom-gallery-align-left su-custom-gallery-title-never su-lightbox-gallery\"><div class=\"su-custom-gallery-slide\" style=\"width:200px;height:300px\"><a href=\"https:\/\/tinerimearomana.ro\/despre\/wp-content\/uploads\/sites\/10\/2016\/08\/Ioana-Goicea.jpg\" title=\"Ioana-Goicea\"><img decoding=\"async\" src=\"https:\/\/tinerimearomana.ro\/despre\/wp-content\/uploads\/sites\/10\/2016\/08\/Ioana-Goicea.jpg\" alt=\"Ioana-Goicea\" width=\"200\" height=\"300\" \/><span class=\"su-custom-gallery-title\">Ioana-Goicea<\/span><\/a><\/div><div class=\"su-custom-gallery-slide\" style=\"width:200px;height:300px\"><a href=\"https:\/\/tinerimearomana.ro\/despre\/wp-content\/uploads\/sites\/10\/2016\/08\/Costin-Filipoiu.jpg\" title=\"Costin-Filipoiu\"><img decoding=\"async\" src=\"https:\/\/tinerimearomana.ro\/despre\/wp-content\/uploads\/sites\/10\/2016\/08\/Costin-Filipoiu.jpg\" alt=\"Costin-Filipoiu\" width=\"200\" height=\"300\" \/><span class=\"su-custom-gallery-title\">Costin-Filipoiu<\/span><\/a><\/div><div class=\"su-clear\"><\/div><\/div>\n[\/infobox][:]\n","protected":false},"excerpt":{"rendered":"<p>[:ro] [infobox style=&#8217;info&#8217; static=&#8217;1&#8242;] FOTO [\/infobox][:]<\/p>\n","protected":false},"author":1,"featured_media":485,"comment_status":"open","ping_status":"open","sticky":false,"template":"","format":"standard","meta":{"_kadence_starter_templates_imported_post":false,"_kad_post_transparent":"","_kad_post_title":"","_kad_post_layout":"","_kad_post_sidebar_id":"","_kad_post_content_style":"","_kad_post_vertical_padding":"","_kad_post_feature":"","_kad_post_feature_position":"","_kad_post_header":false,"_kad_post_footer":false,"_kad_post_classname":"","footnotes":""},"categories":[3],"tags":[],"class_list":["post-483","post","type-post","status-publish","format-standard","has-post-thumbnail","hentry","category-evenimente"],"_links":{"self":[{"href":"https:\/\/tinerimearomana.ro\/despre\/wp-json\/wp\/v2\/posts\/483"}],"collection":[{"href":"https:\/\/tinerimearomana.ro\/despre\/wp-json\/wp\/v2\/posts"}],"about":[{"href":"https:\/\/tinerimearomana.ro\/despre\/wp-json\/wp\/v2\/types\/post"}],"author":[{"embeddable":true,"href":"https:\/\/tinerimearomana.ro\/despre\/wp-json\/wp\/v2\/users\/1"}],"replies":[{"embeddable":true,"href":"https:\/\/tinerimearomana.ro\/despre\/wp-json\/wp\/v2\/comments?post=483"}],"version-history":[{"count":4,"href":"https:\/\/tinerimearomana.ro\/despre\/wp-json\/wp\/v2\/posts\/483\/revisions"}],"predecessor-version":[{"id":3708,"href":"https:\/\/tinerimearomana.ro\/despre\/wp-json\/wp\/v2\/posts\/483\/revisions\/3708"}],"wp:featuredmedia":[{"embeddable":true,"href":"https:\/\/tinerimearomana.ro\/despre\/wp-json\/wp\/v2\/media\/485"}],"wp:attachment":[{"href":"https:\/\/tinerimearomana.ro\/despre\/wp-json\/wp\/v2\/media?parent=483"}],"wp:term":[{"taxonomy":"category","embeddable":true,"href":"https:\/\/tinerimearomana.ro\/despre\/wp-json\/wp\/v2\/categories?post=483"},{"taxonomy":"post_tag","embeddable":true,"href":"https:\/\/tinerimearomana.ro\/despre\/wp-json\/wp\/v2\/tags?post=483"}],"curies":[{"name":"wp","href":"https:\/\/api.w.org\/{rel}","templated":true}]}}