{"id":480,"date":"2016-07-30T17:23:16","date_gmt":"2016-07-30T15:23:16","guid":{"rendered":"http:\/\/tinerimearomana.ro\/despre\/?p=480"},"modified":"2023-04-03T14:47:09","modified_gmt":"2023-04-03T12:47:09","slug":"orchestra-nationala-de-tineret-a-portugaliei-in-concert-la-vara-magica-2016","status":"publish","type":"post","link":"https:\/\/tinerimearomana.ro\/despre\/ro\/orchestra-nationala-de-tineret-a-portugaliei-in-concert-la-vara-magica-2016\/","title":{"rendered":"ORCHESTRA NATIONALA DE TINERET A PORTUGALIEI IN CONCERT LA &#8220;VARA MAGICA 2016&#8221;"},"content":{"rendered":"[:ro]<div class=\"su-spacer\" style=\"height:40px\"><\/div>\n[infobox style=&#8217;info&#8217; static=&#8217;1&#8242;]\n<div class=\"su-row\"><div class=\"su-column su-column-size-3-5\"><div class=\"su-column-inner su-u-clearfix su-u-trim\">\n<p>      &#8220;\u00cen calitate de partener asociat, Centrul National de Art\u0103 Tinerimea Rom\u00e2n\u0103 anun\u021b\u0103 concertul Orchestrei Na\u0163ionale de Tineret a Portugaliei la Vara Magic\u0103 2016 la Ateneul Rom\u00e2n.<\/p>\n<p>La \u00eenceputul lunii august, Festivalul \u201eVara Magic\u0103\u201d are ca invitat\u0103 la Ateneu o prestigioas\u0103 orchestr\u0103 de tineret din str\u0103in\u0103tate, mai precis Orchestra Na\u0163ional\u0103 de Tineret a Portugaliei, continu\u00e2nd astfel tradi\u021bia de a aduce \u00een fa\u021ba publicului din Rom\u00e2nia cele mai valoroase orchestre de tineret din lume. <\/p>\n<p>Dup\u0103 ce va sus\u021bine un prim concert la Sinaia, Jovem Orquestra Portuguesa va evolua \u00een Bucure\u0219ti la Ateneul Rom\u00e2n pe 3 august de la ora 19.30, c\u00e2nd va interpreta sub bagheta dirijorului Pedro Carneiro un program pe c\u00e2t de spectaculos pe at\u00e2t de preten\u021bios ce con\u021bine Simfonia a V-a de Beethoven \u0219i Simfonia a V-a de \u0218ostakovici.<\/p>\n<p> Orchestra de Tineret a Portugaliei s-a \u00eenfiin\u021bat \u00een 2010, sub \u00eendrumarea lui Pedro Carneiro &#8211; director artistic \u0219i muzician de renume interna\u021bional \u2013 care al\u0103turi de echipa sa \u0219i cu sus\u021binerea Linklaters au \u00eenfiin\u021bat forma\u021bia cu scopul de a oferi tinerilor muzicieni oportunitatea de a studia \u0219i de a interpreta \u00eentr-un ansamblu profesionist. Instrumenti\u0219tii Orchestrei de Tineret a Portugaliei studiaz\u0103 cu muzicieni din Orchestra de Camer\u0103 a Portugaliei \u0219i arti\u0219ti invita\u021bi. Ansamblul s-a dezvoltat numeric ajung\u00e2nd treptat de la o componen\u021b\u0103 restr\u00e2ns\u0103 la o orchestr\u0103 simfonic\u0103, ca majoritatea orchestrelor de tineret din Europa.<\/p>\n<p> Orchestra de Tineret a Portugaliei prezint\u0103 cele dou\u0103 concerte de debut din Rom\u00e2nia, cu sus\u021binerea EFNYO \u0219i a Orchestrei Rom\u00e2ne de Tineret. Ansamblul este invitat s\u0103 concerteze din nou la Festivalul Interna\u021bional Young Euro Classic \u00een anul 2017, iar p\u00e2n\u0103 atunci va sus\u021bine de asemenea numeroase concerte \u00een Portugalia.<\/p>\n<p> T\u00e2n\u0103rul dirijor Pedro Carneiro, consacrat ini\u021bial ca percu\u021bionist, s-a dedicat \u00cen ultimul timp dirijatului, contribuind la \u00eenfiin\u021barea Orchestrei de Camer\u0103 Portugheze \u00een anul 2007, unde are rolul de director artistic \u0219i dirijor principal, ansamblu care a devenit \u201cOrchestra in Residence\u201d al Centro Cultural de Bel\u00e9m din Lisabona, desf\u0103\u0219ur\u00e2nd o stagiune proprie, turnee na\u021bionale \u0219i interna\u021bionale.<\/p>\n<p>Lanto Communication organizeaz\u0103 a cincea edi\u0163ie a Festivalului \u201cVara Magic\u0103\u201d la Ateneul Rom\u00e2n din Bucure\u015fti \u00eentre 13 iulie \u015fi 24 august 2016, concertele fiind organizate \u00een fiecare s\u0103pt\u0103m\u00e2n\u0103 \u015fi av\u00e2nd pe afi\u015f Orchestra Rom\u00e2n\u0103 de Tineret, Orchestra de Tineret a Portugaliei, Orchestra Sinfonietta si Orchestra Junior, al\u0103turi de celebri dirijori \u015fi soli\u015fti rom\u00e2ni \u015fi str\u0103ini. Cea de a V-a edi\u021bie a Festivalului \u201eVara Magic\u0103\u201d reafirm\u0103 for\u021ba PARTENERIATULUI prin care Lanto Communication ofer\u0103 publicului s\u0103u o var\u0103 la standarde culturale europene. <\/p>\n<p>Organizator: Lanto Communication<br \/>\nPartener asociat : Centrul Na\u0163ional de Art\u0103 Tinerimea Romana<br \/>\nPartener: Fundatia Prietenii muzicii &#8211; Serafim Antropov<br \/>\nParteneri media : Radio Rom\u00e2nia Cultural, Radio Rom\u00e2nia Muzical, TVR 2&#8243;<\/p>\n<\/div><\/div>\n<div class=\"su-column su-column-size-2-5\"><div class=\"su-column-inner su-u-clearfix su-u-trim\">\n<a href=\"http:\/\/tinerimearomana.ro\/despre\/wp-content\/uploads\/sites\/10\/2016\/07\/Afis_03-august-2016-Portugalia.jpg\"><img fetchpriority=\"high\" decoding=\"async\" src=\"http:\/\/tinerimearomana.ro\/despre\/wp-content\/uploads\/sites\/10\/2016\/07\/Afis_03-august-2016-Portugalia.jpg\" alt=\"Afis_03 august 2016 Portugalia\" width=\"320\" height=\"451\" class=\"aligncenter size-full wp-image-478\" \/><\/a><br \/>\n<\/div><\/div><\/div>\n<div class=\"su-spacer\" style=\"height:30px\"><\/div>\n<strong>FOTO<\/strong><br \/>\n<div class=\"su-custom-gallery su-custom-gallery-align-left su-custom-gallery-title-never su-lightbox-gallery\"><div class=\"su-custom-gallery-slide\" style=\"width:200px;height:140px\"><a href=\"https:\/\/tinerimearomana.ro\/despre\/wp-content\/uploads\/sites\/10\/2016\/07\/ORT-Portugal.jpg\" title=\"ORT-Portugal\"><img decoding=\"async\" src=\"https:\/\/tinerimearomana.ro\/despre\/wp-content\/uploads\/sites\/10\/2016\/07\/ORT-Portugal.jpg\" alt=\"ORT-Portugal\" width=\"200\" height=\"140\" \/><span class=\"su-custom-gallery-title\">ORT-Portugal<\/span><\/a><\/div><div class=\"su-clear\"><\/div><\/div>\n[\/infobox][:]\n","protected":false},"excerpt":{"rendered":"<p>[:ro] [infobox style=&#8217;info&#8217; static=&#8217;1&#8242;] FOTO [\/infobox][:]<\/p>\n","protected":false},"author":1,"featured_media":0,"comment_status":"open","ping_status":"open","sticky":false,"template":"","format":"standard","meta":{"_kadence_starter_templates_imported_post":false,"_kad_post_transparent":"","_kad_post_title":"","_kad_post_layout":"","_kad_post_sidebar_id":"","_kad_post_content_style":"","_kad_post_vertical_padding":"","_kad_post_feature":"","_kad_post_feature_position":"","_kad_post_header":false,"_kad_post_footer":false,"_kad_post_classname":"","footnotes":""},"categories":[3],"tags":[],"class_list":["post-480","post","type-post","status-publish","format-standard","hentry","category-evenimente"],"_links":{"self":[{"href":"https:\/\/tinerimearomana.ro\/despre\/wp-json\/wp\/v2\/posts\/480"}],"collection":[{"href":"https:\/\/tinerimearomana.ro\/despre\/wp-json\/wp\/v2\/posts"}],"about":[{"href":"https:\/\/tinerimearomana.ro\/despre\/wp-json\/wp\/v2\/types\/post"}],"author":[{"embeddable":true,"href":"https:\/\/tinerimearomana.ro\/despre\/wp-json\/wp\/v2\/users\/1"}],"replies":[{"embeddable":true,"href":"https:\/\/tinerimearomana.ro\/despre\/wp-json\/wp\/v2\/comments?post=480"}],"version-history":[{"count":2,"href":"https:\/\/tinerimearomana.ro\/despre\/wp-json\/wp\/v2\/posts\/480\/revisions"}],"predecessor-version":[{"id":3719,"href":"https:\/\/tinerimearomana.ro\/despre\/wp-json\/wp\/v2\/posts\/480\/revisions\/3719"}],"wp:attachment":[{"href":"https:\/\/tinerimearomana.ro\/despre\/wp-json\/wp\/v2\/media?parent=480"}],"wp:term":[{"taxonomy":"category","embeddable":true,"href":"https:\/\/tinerimearomana.ro\/despre\/wp-json\/wp\/v2\/categories?post=480"},{"taxonomy":"post_tag","embeddable":true,"href":"https:\/\/tinerimearomana.ro\/despre\/wp-json\/wp\/v2\/tags?post=480"}],"curies":[{"name":"wp","href":"https:\/\/api.w.org\/{rel}","templated":true}]}}