{"id":471,"date":"2016-07-14T11:40:02","date_gmt":"2016-07-14T09:40:02","guid":{"rendered":"http:\/\/tinerimearomana.ro\/despre\/?p=471"},"modified":"2023-04-03T14:47:59","modified_gmt":"2023-04-03T12:47:59","slug":"romanian-national-chamber-orchestra-la-ruse","status":"publish","type":"post","link":"https:\/\/tinerimearomana.ro\/despre\/ro\/romanian-national-chamber-orchestra-la-ruse\/","title":{"rendered":"Romanian National Chamber Orchestra la Ruse"},"content":{"rendered":"[:ro]<div class=\"su-spacer\" style=\"height:40px\"><\/div>\n[infobox style=&#8217;info&#8217; static=&#8217;1&#8242;]\n<p>Festivalul Allegra \u2013 International Summer Academy de la Ruse are printre invita\u0163i, pe 17 iulie, de la ora 20, la Opera din Ruse, muzicieni din Rom\u00e2nia, reuni\u0163i sunt egida <strong>Romanian National Chamber Orchestra<\/strong>. <\/p>\n<p>Av\u00e2nd la activ numeroase prezen\u021be interna\u021bionale at\u00e2t ca soli\u0219ti \u0219i laurea\u021bi ai unor concursuri international, c\u00e2t \u0219i ca membri ai vestitei Orchestre Rom\u00e2ne de Tineret, membrii <strong>Romanian National Chamber Orchestra<\/strong> sunt de asemenea posesorii unui impresionant portofoliu de cursuri de m\u0103iestrie absolvite cu brio in ultimii 10 ani. Romanian National Chamber Orchestra reprezint\u0103 un ansamblu orchestral de elit\u0103, fiind definit\u0103 prin sunetul unic al celor mai buni \u0219i renumi\u021bi muzicieni rom\u00e2ni, reuni\u021bi \u00eentr-o orchestr\u0103 de coarde de cel mai \u00eenalt nivel al virtuozit\u0103\u021bii \u0219i al rafinamentului artistic. Recunoscut prin calitatea \u0219i poetica sa timbral\u0103 unic\u0103 de c\u0103tre mul\u021bi mari dirijori ai lumii dintre care men\u021bion\u0103m pe Sergiu Celibidache sau Zubin Mehta, sunetul violoni\u0219tilor, violi\u0219tilor \u0219i al violonceli\u0219tilor rom\u00e2ni se reg\u0103se\u0219te azi \u00een cea mai fericit\u0103 forma a sa \u00een <strong>Romanian National Chamber Orchestra. <\/strong><\/p>\n<p>Cu o recunoscut\u0103 grij\u0103 pentru \u021binuta stilistic\u0103 dublat\u0103 de posibilit\u0103\u021bile tehnice adesea uluitoare, <strong>Romanian National Chamber Orchestra<\/strong> va impresiona publicul cu un minunat program de muzic\u0103 baroc\u0103 al\u0103turi de fantasticul trompetist olandez Wim Van Hasselt \u015fi de redutabilul violonistul rom\u00e2n Rafael Butaru, la care se vor ad\u0103uga \u015fi dou\u0103 opusuri evocatoare ale ethosului rom\u00e2nesc.<\/p>\n<p>Organizator :<strong> Centrul Na\u021bional de Art\u0103 \u201eTinerimea Rom\u00e2n\u0103\u201d<\/strong><br \/>\nParteneri media :<strong> Radio Rom\u00e2nia Cultural, Radio Rom\u00e2nia Muzical, Rom\u00e2nia TV, Observator Cultural, Q Magazine<\/strong><\/p>\n<p><strong>Program <\/strong><br \/>\nRomanian National Chamber Orchestra<br \/>\nWim Van Hasselt, Trumpet<\/p>\n<p>Arcangelo Corelli \u2013 Sarabande, Gigue and Badinerie<br \/>\nAlessandro Marcello \u2013 Concerto in D minor<br \/>\nAntonio Vivaldi \u2013 \u201cSummer\u201d From Four Seasons<br \/>\nLuigi Boccherini \u2013 Fandango<br \/>\nTomaso Albinoni \u2013 Concerto in B-flat major Opus 7, Nr. 3<br \/>\nAstor Piazzolla \u2013 Oblivion<br \/>\nB\u00e9la Bart\u00f3k \u2013 Romanian Folk Dances<br \/>\nSabin Pautza \u2013 Maramures Dance from \u201d Jocuri\u201d<\/p>\n<div class=\"su-spacer\" style=\"height:30px\"><\/div>\n<strong>FOTO<\/strong><br \/>\n<div class=\"su-custom-gallery su-custom-gallery-align-left su-custom-gallery-title-never su-lightbox-gallery\"><div class=\"su-custom-gallery-slide\" style=\"width:200px;height:140px\"><a href=\"https:\/\/tinerimearomana.ro\/despre\/wp-content\/uploads\/sites\/10\/2016\/06\/Wim-Van-Hasselt.jpg\" title=\"Wim-Van-Hasselt\"><img decoding=\"async\" src=\"https:\/\/tinerimearomana.ro\/despre\/wp-content\/uploads\/sites\/10\/2016\/06\/Wim-Van-Hasselt.jpg\" alt=\"Wim-Van-Hasselt\" width=\"200\" height=\"140\" \/><span class=\"su-custom-gallery-title\">Wim-Van-Hasselt<\/span><\/a><\/div><div class=\"su-custom-gallery-slide\" style=\"width:200px;height:140px\"><a href=\"https:\/\/tinerimearomana.ro\/despre\/wp-content\/uploads\/sites\/10\/2016\/06\/Romanian-National-Chamber-Orchestra_2016.jpg\" title=\"Romanian-National-Chamber-Orchestra_2016\"><img decoding=\"async\" src=\"https:\/\/tinerimearomana.ro\/despre\/wp-content\/uploads\/sites\/10\/2016\/06\/Romanian-National-Chamber-Orchestra_2016.jpg\" alt=\"Romanian-National-Chamber-Orchestra_2016\" width=\"200\" height=\"140\" \/><span class=\"su-custom-gallery-title\">Romanian-National-Chamber-Orchestra_2016<\/span><\/a><\/div><div class=\"su-custom-gallery-slide\" style=\"width:200px;height:140px\"><a href=\"https:\/\/tinerimearomana.ro\/despre\/wp-content\/uploads\/sites\/10\/2016\/06\/Romanian-National-Chamber-Orchestra2_2016.jpg\" title=\"Romanian-National-Chamber-Orchestra2_2016\"><img decoding=\"async\" src=\"https:\/\/tinerimearomana.ro\/despre\/wp-content\/uploads\/sites\/10\/2016\/06\/Romanian-National-Chamber-Orchestra2_2016.jpg\" alt=\"Romanian-National-Chamber-Orchestra2_2016\" width=\"200\" height=\"140\" \/><span class=\"su-custom-gallery-title\">Romanian-National-Chamber-Orchestra2_2016<\/span><\/a><\/div><div class=\"su-custom-gallery-slide\" style=\"width:200px;height:140px\"><a href=\"https:\/\/tinerimearomana.ro\/despre\/wp-content\/uploads\/sites\/10\/2016\/06\/Rafael-Butaru.jpg\" title=\"Rafael-Butaru\"><img loading=\"lazy\" decoding=\"async\" src=\"https:\/\/tinerimearomana.ro\/despre\/wp-content\/uploads\/sites\/10\/2016\/06\/Rafael-Butaru.jpg\" alt=\"Rafael-Butaru\" width=\"200\" height=\"140\" \/><span class=\"su-custom-gallery-title\">Rafael-Butaru<\/span><\/a><\/div><div class=\"su-clear\"><\/div><\/div>\n[\/infobox][:]\n","protected":false},"excerpt":{"rendered":"<p>[:ro] [infobox style=&#8217;info&#8217; static=&#8217;1&#8242;] Festivalul Allegra \u2013 International Summer Academy de la Ruse are printre invita\u0163i, pe 17 iulie, de la ora 20, la Opera din Ruse, muzicieni din Rom\u00e2nia, reuni\u0163i sunt egida Romanian National Chamber Orchestra. Av\u00e2nd la activ numeroase prezen\u021be interna\u021bionale at\u00e2t ca soli\u0219ti \u0219i laurea\u021bi ai unor concursuri international, c\u00e2t \u0219i ca&#8230;<\/p>\n","protected":false},"author":1,"featured_media":474,"comment_status":"open","ping_status":"open","sticky":false,"template":"","format":"standard","meta":{"_kadence_starter_templates_imported_post":false,"_kad_post_transparent":"","_kad_post_title":"","_kad_post_layout":"","_kad_post_sidebar_id":"","_kad_post_content_style":"","_kad_post_vertical_padding":"","_kad_post_feature":"","_kad_post_feature_position":"","_kad_post_header":false,"_kad_post_footer":false,"_kad_post_classname":"","footnotes":""},"categories":[3],"tags":[],"class_list":["post-471","post","type-post","status-publish","format-standard","has-post-thumbnail","hentry","category-evenimente"],"_links":{"self":[{"href":"https:\/\/tinerimearomana.ro\/despre\/wp-json\/wp\/v2\/posts\/471"}],"collection":[{"href":"https:\/\/tinerimearomana.ro\/despre\/wp-json\/wp\/v2\/posts"}],"about":[{"href":"https:\/\/tinerimearomana.ro\/despre\/wp-json\/wp\/v2\/types\/post"}],"author":[{"embeddable":true,"href":"https:\/\/tinerimearomana.ro\/despre\/wp-json\/wp\/v2\/users\/1"}],"replies":[{"embeddable":true,"href":"https:\/\/tinerimearomana.ro\/despre\/wp-json\/wp\/v2\/comments?post=471"}],"version-history":[{"count":2,"href":"https:\/\/tinerimearomana.ro\/despre\/wp-json\/wp\/v2\/posts\/471\/revisions"}],"predecessor-version":[{"id":3724,"href":"https:\/\/tinerimearomana.ro\/despre\/wp-json\/wp\/v2\/posts\/471\/revisions\/3724"}],"wp:featuredmedia":[{"embeddable":true,"href":"https:\/\/tinerimearomana.ro\/despre\/wp-json\/wp\/v2\/media\/474"}],"wp:attachment":[{"href":"https:\/\/tinerimearomana.ro\/despre\/wp-json\/wp\/v2\/media?parent=471"}],"wp:term":[{"taxonomy":"category","embeddable":true,"href":"https:\/\/tinerimearomana.ro\/despre\/wp-json\/wp\/v2\/categories?post=471"},{"taxonomy":"post_tag","embeddable":true,"href":"https:\/\/tinerimearomana.ro\/despre\/wp-json\/wp\/v2\/tags?post=471"}],"curies":[{"name":"wp","href":"https:\/\/api.w.org\/{rel}","templated":true}]}}