{"id":4647,"date":"2025-07-30T15:11:39","date_gmt":"2025-07-30T13:11:39","guid":{"rendered":"https:\/\/tinerimearomana.ro\/despre\/?p=4647"},"modified":"2025-07-30T15:22:12","modified_gmt":"2025-07-30T13:22:12","slug":"din-nou-la-sinaia-editia-cu-numarul-26-a-festivalului-enescu-si-muzica-lumii","status":"publish","type":"post","link":"https:\/\/tinerimearomana.ro\/despre\/ro\/din-nou-la-sinaia-editia-cu-numarul-26-a-festivalului-enescu-si-muzica-lumii\/","title":{"rendered":"DIN NOU LA SINAIA EDITIA CU NUMARUL 26 A FESTIVALULUI &#8220;ENESCU SI MUZICA LUMII&#8221;"},"content":{"rendered":"<div class=\"xdj266r x14z9mp xat24cr x1lziwak x1vvkbs x126k92a\">\n<div dir=\"auto\">Peste dou\u0103 s\u0103pt\u0103m\u00e2ni de concerte la poalele Bucegilor: Enescu \u0219i muzica lumii 2025 &#8211; edi\u021bia a 26-a<\/div>\n<\/div>\n<div class=\"x14z9mp xat24cr x1lziwak x1vvkbs xtlvy1s x126k92a\">\n<div dir=\"auto\"><strong>30 iulie \u2013 19 august 2025, Sinaia<\/strong><\/div>\n<\/div>\n<div dir=\"auto\">Sinaia devine din nou capitala muzicii clasice \u00een aceast\u0103 var\u0103 \u0219i va g\u0103zdui \u00eentre <strong>30 iulie \u0219i 19 august 2025<\/strong> cea de-a 26-a edi\u021bie a <strong>Festivalului Interna\u021bional \u201eEnescu \u0219i muzica lumii\u201d<\/strong>, unul dintre cele mai longevive \u0219i \u00eendr\u0103gite evenimente culturale estivale din Rom\u00e2nia.<\/div>\n<div class=\"x14z9mp xat24cr x1lziwak x1vvkbs xtlvy1s x126k92a\">\n<div dir=\"auto\"><\/div>\n<\/div>\n<div class=\"x14z9mp xat24cr x1lziwak x1vvkbs xtlvy1s x126k92a\">\n<div dir=\"auto\">Organizat de Prim\u0103ria ora\u0219ului Sinaia \u0219i <strong>Centrul Na\u021bional de Art\u0103 \u201eTinerimea Rom\u00e2n\u0103\u201d<\/strong>, cu sprijinul <strong>Funda\u021biei Prietenii Muzicii \u201eSerafim Antropov\u201d<\/strong> \u2013 partener principal \u2013 \u0219i cofinan\u021bat de Uniunea de Crea\u021bie Interpretativ\u0103 a Muzicienilor din Rom\u00e2nia (UCIMR), festivalul propune publicului peste dou\u0103 s\u0103pt\u0103m\u00e2ni de concerte \u00een spa\u021bii emblematice \u0219i \u00een unele neconven\u021bionale: Sala Casino, Parcul \u0218tirbey, Muzeul Sinaia, Cota 2000 \u0219i Biserica Romano-Catolic\u0103.<\/div>\n<div dir=\"auto\"><\/div>\n<\/div>\n<div class=\"x14z9mp xat24cr x1lziwak x1vvkbs xtlvy1s x126k92a\">\n<div dir=\"auto\">Edi\u021bia 2025 continu\u0103 misiunea festivalului de a oferi o platform\u0103 de afirmare pentru tinerii muzicieni rom\u00e2ni, reunind nume consacrate ale scenei interna\u021bionale cu arti\u0219ti la \u00eenceput de drum, \u00eentr-o serie de evenimente cu tematici variate \u2013 de la capodopere simfonice \u0219i camerale, la recitaluri crossover \u0219i experien\u021be muzicale \u00een aer liber.<\/div>\n<div dir=\"auto\"><\/div>\n<\/div>\n<div class=\"x14z9mp xat24cr x1lziwak x1vvkbs xtlvy1s x126k92a\">\n<div dir=\"auto\">Festivalul \u00eencepe miercuri, 30 iulie, la Sala Casino, cu un concert al Orchestrei Rom\u00e2ne de Tineret, dirijat\u0103 de Katarina Wincor, av\u00e2nd-o ca solist\u0103 pe violonista Ioana Cristina Goicea, \u00eentr-un program cu lucr\u0103ri de Rahmaninov, Sibelius \u0219i Adrian Pop.<\/div>\n<div dir=\"auto\"><\/div>\n<\/div>\n<div class=\"x14z9mp xat24cr x1lziwak x1vvkbs xtlvy1s x126k92a\">\n<div dir=\"auto\">Publicul va mai putea asculta, pe parcursul edi\u021biei, recitalul pianistei Antonia Tudose, \u00een cadrul seriei \u201eGenera\u021bia mileniului III\u201d (6 august), spectacolul \u201eUn artist, un pian \u0219i un \u021bambal\u201d \u2013 Tablouri dintr-o expozi\u021bie cu C\u0103t\u0103lin R\u0103ducanu (8 august), show-urile \u00een aer liber ale lui Adrian Petrescu (9 \u0219i 10 august \u00een Parcul \u0218tirbey \u0219i la Cota 2000) cu muzic\u0103 de la clasic la folclor, Cvartetul Arcadia \u00eentr-o c\u0103l\u0103torie muzical\u0103 de la Bach la ABBA (13 august), concertul de Sf\u00e2nta Maria (14 august) la Biserica Romano-Catolic\u0103 cu soprana Noemi Onucu \u0219i pianistul Daniel Dumitra\u0219cu, apari\u021biile Orchestrei Junior (12 \u0219i 15 august), precum \u0219i recitalul \u201eAnotimpuri, lirism \u0219i virtuozitate\u201d (17 august) cu violonistul Radu Dunca \u0219i pianistul Alexandru Burc\u0103.<\/div>\n<div dir=\"auto\"><\/div>\n<\/div>\n<div class=\"x14z9mp xat24cr x1lziwak x1vvkbs xtlvy1s x126k92a\">\n<div dir=\"auto\">Festivalul se \u00eencheie mar\u021bi, 19 august, la Sala Casino, cu un concert aniversar \u201eEnescu 70\u201d, sus\u021binut de Corul de Camer\u0103 \u201ePreludiu \u2013 Voicu En\u0103chescu\u201d, dirijor Andrei St\u0103nculescu, \u00eentr-un program cu Enescu, Piazzolla, Ravel \u0219i compozitori rom\u00e2ni contemporani.<\/div>\n<\/div>\n<div class=\"x14z9mp xat24cr x1lziwak x1vvkbs xtlvy1s x126k92a\">\n<div dir=\"auto\">Marin Cazacu, ini\u021biatorul festivalului \u0219i director al Filarmonicii George Enescu: \u201eDe peste un sfert de secol, Festivalul Enescu \u0219i muzica lumii transform\u0103 Sinaia \u00eentr-un punct de \u00eent\u00e2lnire al tinerelor talente \u0219i al arti\u0219tilor consacra\u021bi, \u00eentr-un dialog \u00eentre tradi\u021bie \u0219i inova\u021bie. Edi\u021bia din acest an aduce, poate mai mult ca oric\u00e2nd, energia \u0219i creativitatea noilor genera\u021bii, dar \u0219i emo\u021bia \u00eent\u00e2lnirii cu mari personalit\u0103\u021bi ale scenei muzicale. Ne dorim ca, \u0219i \u00een 2025, muzica s\u0103 uneasc\u0103 turi\u0219tii, localnicii \u0219i to\u021bi iubitorii de frumos, \u00een decorul unic al Bucegilor.\u201d<\/div>\n<div dir=\"auto\"><\/div>\n<\/div>\n<div class=\"x14z9mp xat24cr x1lziwak x1vvkbs xtlvy1s x126k92a\">\n<div dir=\"auto\"><em>Festivalul, n\u0103scut \u00een 1999 la ini\u021biativa violoncelistului \u0219i profesorului Marin Cazacu, r\u0103m\u00e2ne o ramp\u0103 de lansare pentru tinerii muzicieni rom\u00e2ni \u0219i un reper cultural al sezonului estival \u00een sta\u021biunea Sinaia.<\/em><\/div>\n<div dir=\"auto\"><\/div>\n<\/div>\n<div class=\"x14z9mp xat24cr x1lziwak x1vvkbs xtlvy1s x126k92a\">\n<div dir=\"auto\"><strong>Organizatori:<\/strong> Prim\u0103ria ora\u0219ului Sinaia, Centrul Na\u021bional de Art\u0103 \u201eTinerimea Rom\u00e2n\u0103\u201d<\/div>\n<\/div>\n<div class=\"x14z9mp xat24cr x1lziwak x1vvkbs xtlvy1s x126k92a\">\n<div dir=\"auto\"><strong>Partener principal:<\/strong> Funda\u021bia Prietenii Muzicii \u201eSerafim Antropov\u201d<\/div>\n<\/div>\n<div class=\"x14z9mp xat24cr x1lziwak x1vvkbs xtlvy1s x126k92a\">\n<div dir=\"auto\"><strong>Cofinan\u021bare:<\/strong> UCIMR<\/div>\n<\/div>\n<div class=\"x14z9mp xat24cr x1lziwak x1vvkbs xtlvy1s x126k92a\">\n<div dir=\"auto\"><strong>Parteneri:<\/strong> Casino Sinaia, Muzeul Sinaia, Biserica Romano-Catolic\u0103, Arhiepiscopia Romano-Catolic\u0103 Bucure\u0219ti, Filarmonica \u201eGeorge Enescu\u201d, Universitatea Na\u021bional\u0103 de Muzic\u0103 Bucure\u0219ti<\/div>\n<\/div>\n<div class=\"x14z9mp xat24cr x1lziwak x1vvkbs xtlvy1s x126k92a\">\n<div dir=\"auto\"><strong>Parteneri media:<\/strong> Radio Rom\u00e2nia Cultural, Radio Rom\u00e2nia Muzical, Rom\u00e2nia TV, Mediatrust, Observator Cultural, Liternet, Agen\u021bia de Carte<\/div>\n<\/div>\n<div dir=\"auto\"><\/div>\n<div dir=\"auto\"><img fetchpriority=\"high\" decoding=\"async\" class=\"aligncenter size-full wp-image-4648\" src=\"https:\/\/tinerimearomana.ro\/despre\/wp-content\/uploads\/sites\/10\/2025\/07\/festival-enescu-sinaia-2025.jpg\" alt=\"\" width=\"900\" height=\"1253\" srcset=\"https:\/\/tinerimearomana.ro\/despre\/wp-content\/uploads\/sites\/10\/2025\/07\/festival-enescu-sinaia-2025.jpg 900w, https:\/\/tinerimearomana.ro\/despre\/wp-content\/uploads\/sites\/10\/2025\/07\/festival-enescu-sinaia-2025-215x300.jpg 215w, https:\/\/tinerimearomana.ro\/despre\/wp-content\/uploads\/sites\/10\/2025\/07\/festival-enescu-sinaia-2025-736x1024.jpg 736w, https:\/\/tinerimearomana.ro\/despre\/wp-content\/uploads\/sites\/10\/2025\/07\/festival-enescu-sinaia-2025-768x1069.jpg 768w, https:\/\/tinerimearomana.ro\/despre\/wp-content\/uploads\/sites\/10\/2025\/07\/festival-enescu-sinaia-2025-200x278.jpg 200w\" sizes=\"(max-width: 900px) 100vw, 900px\" \/><\/div>\n","protected":false},"excerpt":{"rendered":"<p>Peste dou\u0103 s\u0103pt\u0103m\u00e2ni de concerte la poalele Bucegilor: Enescu \u0219i muzica lumii 2025 &#8211; edi\u021bia a 26-a 30 iulie \u2013 19 august 2025, Sinaia Sinaia devine din nou capitala muzicii clasice \u00een aceast\u0103 var\u0103 \u0219i va g\u0103zdui \u00eentre 30 iulie \u0219i 19 august 2025 cea de-a 26-a edi\u021bie a Festivalului Interna\u021bional \u201eEnescu \u0219i muzica lumii\u201d,&#8230;<\/p>\n","protected":false},"author":1,"featured_media":4570,"comment_status":"closed","ping_status":"open","sticky":false,"template":"","format":"standard","meta":{"_kadence_starter_templates_imported_post":false,"_kad_post_transparent":"default","_kad_post_title":"default","_kad_post_layout":"default","_kad_post_sidebar_id":"","_kad_post_content_style":"default","_kad_post_vertical_padding":"default","_kad_post_feature":"","_kad_post_feature_position":"","_kad_post_header":false,"_kad_post_footer":false,"_kad_post_classname":"","footnotes":""},"categories":[3],"tags":[],"class_list":["post-4647","post","type-post","status-publish","format-standard","has-post-thumbnail","hentry","category-evenimente"],"_links":{"self":[{"href":"https:\/\/tinerimearomana.ro\/despre\/wp-json\/wp\/v2\/posts\/4647"}],"collection":[{"href":"https:\/\/tinerimearomana.ro\/despre\/wp-json\/wp\/v2\/posts"}],"about":[{"href":"https:\/\/tinerimearomana.ro\/despre\/wp-json\/wp\/v2\/types\/post"}],"author":[{"embeddable":true,"href":"https:\/\/tinerimearomana.ro\/despre\/wp-json\/wp\/v2\/users\/1"}],"replies":[{"embeddable":true,"href":"https:\/\/tinerimearomana.ro\/despre\/wp-json\/wp\/v2\/comments?post=4647"}],"version-history":[{"count":8,"href":"https:\/\/tinerimearomana.ro\/despre\/wp-json\/wp\/v2\/posts\/4647\/revisions"}],"predecessor-version":[{"id":4656,"href":"https:\/\/tinerimearomana.ro\/despre\/wp-json\/wp\/v2\/posts\/4647\/revisions\/4656"}],"wp:featuredmedia":[{"embeddable":true,"href":"https:\/\/tinerimearomana.ro\/despre\/wp-json\/wp\/v2\/media\/4570"}],"wp:attachment":[{"href":"https:\/\/tinerimearomana.ro\/despre\/wp-json\/wp\/v2\/media?parent=4647"}],"wp:term":[{"taxonomy":"category","embeddable":true,"href":"https:\/\/tinerimearomana.ro\/despre\/wp-json\/wp\/v2\/categories?post=4647"},{"taxonomy":"post_tag","embeddable":true,"href":"https:\/\/tinerimearomana.ro\/despre\/wp-json\/wp\/v2\/tags?post=4647"}],"curies":[{"name":"wp","href":"https:\/\/api.w.org\/{rel}","templated":true}]}}