{"id":4577,"date":"2024-11-21T16:50:42","date_gmt":"2024-11-21T14:50:42","guid":{"rendered":"https:\/\/tinerimearomana.ro\/despre\/?p=4577"},"modified":"2026-01-21T10:00:35","modified_gmt":"2026-01-21T08:00:35","slug":"violoncellissimo-in-turneu-la-budapesta-pe-27-noiembrie-si-beijing-pe-5-decembrie-de-ziua-nationala-a-romaniei","status":"publish","type":"post","link":"https:\/\/tinerimearomana.ro\/despre\/ro\/violoncellissimo-in-turneu-la-budapesta-pe-27-noiembrie-si-beijing-pe-5-decembrie-de-ziua-nationala-a-romaniei\/","title":{"rendered":"Violoncellissimo \u00een turneu la Budapesta, pe 27 noiembrie \u015fi Beijing, pe 5 decembrie,  de Ziua Na\u0163ional\u0103 a Rom\u00e2niei"},"content":{"rendered":"<p style=\"font-weight: 400;\">\u00a0 \u00a0 \u00a0 \u00a0 \u00a0 \u00a0 Celebrul ansamblu <strong>Violoncellissimo<\/strong>\u00a0va evolua pe\u00a0<strong>27 noiembrie 2024<\/strong>\u00a0pe scena\u00a0<strong>Teatrului Na\u021bional de Dans din Budapesta\u00a0<\/strong>\u015fi pe\u00a0<strong>5 decembrie 2024<\/strong>, la\u00a0<strong>China National Opera House din Beijing<\/strong>, ambele concerte marc\u00e2nd\u00a0<strong>Ziua Na\u0163ional\u0103 a Rom\u00e2niei<\/strong>.<\/p>\n<p style=\"font-weight: 400;\">\u00a0\u00a0\u00a0\u00a0\u00a0\u00a0\u00a0\u00a0\u00a0\u00a0\u00a0 Primul eveniment sus\u0163inut de Violoncellissimo, parte a grupului de ansambluri artistice ale Centrului Na\u021bional de Art\u0103 \u201eTinerimea Rom\u00e2n\u0103\u201d este Concertul festiv de la Budapesta de Ziua Na\u021bional\u0103 a Rom\u00e2niei, ce se va desf\u0103\u0219ura pe 27 noiembrie 2024, de la ora 19, pe scena Teatrului Na\u021bional de Dans din Budapesta, la invita\u021bia Ambasadei Rom\u00e2niei la Budapesta \u0219i cu sprijinul ICR Budapesta.<\/p>\n<p style=\"font-weight: 400;\">\u00a0\u00a0\u00a0\u00a0\u00a0\u00a0\u00a0\u00a0\u00a0\u00a0\u00a0 Al doilea eveniment, concertul\u00a0<em>De la clasic la modern<\/em>, dedicat anivers\u0103rii a 75 de ani de rela\u0163ii bilaterale rom\u00e2no-chineze, precum \u015fi s\u0103rb\u0103toririi Zilei Na\u0163ionale a Rom\u00e2niei, se va desf\u0103\u0219ura pe 5 decembrie 2024, la China National Opera House din Beijing, la invita\u0163ia Ambasadei Rom\u00e2niei la Beijing \u015fi cu sprijinul ICR Beijing.<\/p>\n<p style=\"font-weight: 400;\">\u00a0\u00a0\u00a0\u00a0\u00a0\u00a0\u00a0\u00a0\u00a0\u00a0\u00a0 Ansamblul\u00a0<strong>Violoncellissimo\u00a0<\/strong>a sus\u0163inut \u00een aceast\u0103 toamn\u0103 un spectaculos turneu na\u0163ional,\u00a0<em>Clasic la puterea a treia<\/em>, pentru al cincilea an consecutiv, turneu ce a dus forma\u0163ia \u00een toate col\u0163urile \u0163\u0103rii, ca \u00een fiecare an, Ziua Na\u0163ional\u0103 Rom\u00e2niei aduc\u00e2ndu-le invita\u0163ii \u00een cele mai diferite col\u0163uri ale lumii, \u00een calitate de ambasadori culturali ai Rom\u00e2niei.<\/p>\n<p style=\"font-weight: 400;\">\u00a0\u00a0\u00a0\u00a0\u00a0\u00a0\u00a0\u00a0\u00a0\u00a0\u00a0 Pentru aceste concerte ce au \u00een repertoriu de la\u00a0<strong>muzica clasic\u0103 la hiturile contemporane,<\/strong>\u00a0toate piesele din concert au fost\u00a0<strong>adaptate special pentru ansamblu de violoncele,<\/strong>\u00a0oferind publicului o perspectiv\u0103 nou\u0103 asupra unor lucr\u0103ri celebre. Programul concertelor include interpret\u0103ri ale unor piese de referin\u021b\u0103 din repertoriul clasic, dar \u015fi teme muzicale moderne sau de muzic\u0103 de film, sau compozi\u021bii originale rom\u00e2ne\u0219ti.<\/p>\n<p style=\"font-weight: 400;\"><strong>\u00a0\u00a0\u00a0\u00a0\u00a0\u00a0\u00a0\u00a0\u00a0\u00a0\u00a0 Violoncellissimo<\/strong>\u00a0este unul dintre cele mai vestite ansambluri camerale rom\u00e2ne\u0219ti din ultimele decenii \u0219i s-a format la ini\u021biativa renumitului violoncelist Marin Cazacu, care, al\u0103turi de actuali \u015fi fo\u015fti studen\u0163i ai s\u0103i, a deschis un nou drum \u00een promovarea muzicii \u015fi a tinerelor talente din Rom\u00e2nia.<\/p>\n<p style=\"font-weight: 400;\">\u00a0\u00a0\u00a0\u00a0\u00a0\u00a0\u00a0\u00a0\u00a0\u00a0\u00a0 \u00cen anul 2001, concertul sus\u021binut de Violoncellissimo \u00een cadrul Festivalului Interna\u021bional George Enescu s-a bucurat de un mare succes. \u0218apte ani mai t\u00e2rziu, Violoncellissimo uimea publicul cu un moment muzical f\u0103r\u0103 precedent, c\u00e2nd 60 de violonceli\u0219ti au urcat pe scena Ateneului Rom\u00e2n \u2013 \u201eun concert demn de cartea recordurilor\u201d, dup\u0103 cum a scris, la acel moment, presa. \u00cen data de 26 mai 2013, Marin Cazacu a urcat din nou pe scena Ateneul Rom\u00e2n, de aceast\u0103 dat\u0103 \u00eentr-un concert extraordinar al\u0103turi de 100 de violonceli\u0219ti.<\/p>\n<p style=\"font-weight: 400;\">\u00a0\u00a0\u00a0\u00a0\u00a0\u00a0\u00a0\u00a0\u00a0\u00a0\u00a0 \u00cen ultimii ani, ansamblul Violoncellissimo a sus\u021binut concerte \u00een cadrul a unor importante evenimente culturale din Rom\u00e2nia \u0219i str\u0103in\u0103tate, dintre care amintim: Concert cu ocazia anivers\u0103rii a 140 de ani de la na\u0219terea lui Constantin Br\u00e2ncu\u0219i, Ziua Culturii Na\u021bionale, Gala premiilor UNITER,\u00a0 Hope Concert si UNESCO 2021. Anul trecut, Ansamblul Violoncellissimo a sus\u021binut dou\u0103 concerte extraordinare cu ocazia s\u0103rb\u0103toririi Zilei Na\u0163ionale a Rom\u00e2niei la Madrid \u015fi Barcelona.<\/p>\n<p style=\"font-weight: 400;\"><strong>Violoncellissimo \u00een concert<\/strong><\/p>\n<div class=\"ose-youtube ose-uid-b979d8b98da998ac3180731a4ec0f1be ose-embedpress-responsive\" style=\"width:820px; height:500px; max-height:500px; max-width:100%; display:inline-block;\" data-embed-type=\"Youtube\"><iframe allowFullScreen=\"true\" title=\"Turneul Na\u021bional Violoncellissimo 2023 deschide la Ateneu seria concertelor din mari ora\u015fe ale \u0163\u0103rii\" width=\"820\" height=\"500\" src=\"https:\/\/www.youtube.com\/embed\/Q_MVYuUreSM?feature=oembed&color=red&rel=0&controls=1&start=&end=&fs=0&iv_load_policy=0&autoplay=0&mute=0&modestbranding=0&cc_load_policy=1&playsinline=1\" frameborder=\"0\" allow=\"accelerometer; encrypted-media;accelerometer;autoplay;clipboard-write;gyroscope;picture-in-picture clipboard-write; encrypted-media; gyroscope; picture-in-picture; web-share\" referrerpolicy=\"strict-origin-when-cross-origin\" allowfullscreen><\/iframe><\/div>\n<p style=\"font-weight: 400;\"><strong>Organizator :\u00a0<\/strong>Ambasada Rom\u00e2niei \u00een Ungaria \u015fi Ambasada Rom\u00e2niei la Beijing<\/p>\n<p style=\"font-weight: 400;\"><strong>Parteneri :\u00a0<\/strong>Centrul Na\u0163ional de Art\u0103\u00a0\u201eTinerimea Rom\u00e2n\u0103\u201c, Institutul Cultural Rom\u00e2n din Budapesta, Institutul Cultural Rom\u00e2n din Beijing<\/p>\n<p style=\"font-weight: 400;\"><strong>Parteneri media<\/strong>:\u00a0Radio Rom\u00e2nia Cultural, Radio Rom\u00e2nia Muzical, mediaTRUST, Rom\u00e2niaTV, Liternet, Agen\u021bia de Carte<\/p>\n","protected":false},"excerpt":{"rendered":"<p>\u00a0 \u00a0 \u00a0 \u00a0 \u00a0 \u00a0 Celebrul ansamblu Violoncellissimo\u00a0va evolua pe\u00a027 noiembrie 2024\u00a0pe scena\u00a0Teatrului Na\u021bional de Dans din Budapesta\u00a0\u015fi pe\u00a05 decembrie 2024, la\u00a0China National Opera House din Beijing, ambele concerte marc\u00e2nd\u00a0Ziua Na\u0163ional\u0103 a Rom\u00e2niei. \u00a0\u00a0\u00a0\u00a0\u00a0\u00a0\u00a0\u00a0\u00a0\u00a0\u00a0 Primul eveniment sus\u0163inut de Violoncellissimo, parte a grupului de ansambluri artistice ale Centrului Na\u021bional de Art\u0103 \u201eTinerimea Rom\u00e2n\u0103\u201d este Concertul&#8230;<\/p>\n","protected":false},"author":1,"featured_media":4627,"comment_status":"closed","ping_status":"open","sticky":false,"template":"","format":"standard","meta":{"_kadence_starter_templates_imported_post":false,"_kad_post_transparent":"default","_kad_post_title":"default","_kad_post_layout":"default","_kad_post_sidebar_id":"","_kad_post_content_style":"default","_kad_post_vertical_padding":"default","_kad_post_feature":"","_kad_post_feature_position":"","_kad_post_header":false,"_kad_post_footer":false,"_kad_post_classname":"","footnotes":""},"categories":[3],"tags":[],"class_list":["post-4577","post","type-post","status-publish","format-standard","has-post-thumbnail","hentry","category-evenimente"],"_links":{"self":[{"href":"https:\/\/tinerimearomana.ro\/despre\/wp-json\/wp\/v2\/posts\/4577"}],"collection":[{"href":"https:\/\/tinerimearomana.ro\/despre\/wp-json\/wp\/v2\/posts"}],"about":[{"href":"https:\/\/tinerimearomana.ro\/despre\/wp-json\/wp\/v2\/types\/post"}],"author":[{"embeddable":true,"href":"https:\/\/tinerimearomana.ro\/despre\/wp-json\/wp\/v2\/users\/1"}],"replies":[{"embeddable":true,"href":"https:\/\/tinerimearomana.ro\/despre\/wp-json\/wp\/v2\/comments?post=4577"}],"version-history":[{"count":8,"href":"https:\/\/tinerimearomana.ro\/despre\/wp-json\/wp\/v2\/posts\/4577\/revisions"}],"predecessor-version":[{"id":4904,"href":"https:\/\/tinerimearomana.ro\/despre\/wp-json\/wp\/v2\/posts\/4577\/revisions\/4904"}],"wp:featuredmedia":[{"embeddable":true,"href":"https:\/\/tinerimearomana.ro\/despre\/wp-json\/wp\/v2\/media\/4627"}],"wp:attachment":[{"href":"https:\/\/tinerimearomana.ro\/despre\/wp-json\/wp\/v2\/media?parent=4577"}],"wp:term":[{"taxonomy":"category","embeddable":true,"href":"https:\/\/tinerimearomana.ro\/despre\/wp-json\/wp\/v2\/categories?post=4577"},{"taxonomy":"post_tag","embeddable":true,"href":"https:\/\/tinerimearomana.ro\/despre\/wp-json\/wp\/v2\/tags?post=4577"}],"curies":[{"name":"wp","href":"https:\/\/api.w.org\/{rel}","templated":true}]}}