{"id":4569,"date":"2024-07-18T16:09:04","date_gmt":"2024-07-18T14:09:04","guid":{"rendered":"https:\/\/tinerimearomana.ro\/despre\/?p=4569"},"modified":"2024-07-18T16:17:05","modified_gmt":"2024-07-18T14:17:05","slug":"festivalul-international-enescu-si-muzica-lumii-la-editia-cu-numarul-25","status":"publish","type":"post","link":"https:\/\/tinerimearomana.ro\/despre\/ro\/festivalul-international-enescu-si-muzica-lumii-la-editia-cu-numarul-25\/","title":{"rendered":"FESTIVALUL INTERNATIONAL &#8220;ENESCU SI MUZICA LUMII&#8221; LA EDITIA CU NUMARUL 25"},"content":{"rendered":"<p class=\"tm8\"><strong><span class=\"tm10\">\u00a0 \u00a0 \u00a0 \u00a0 \u00a0 \u00a0Festivalul Interna\u021bional \u201c<\/span><em><span class=\"tm11\">Enescu \u0219i muzica lumii\u201d<\/span><\/em><\/strong><span class=\"tm9\"> revine \u00een 2024, la Sinaia, cu <\/span><strong><span class=\"tm10\">edi\u021bia a 25-a, <\/span><\/strong><span class=\"tm9\">\u00een care concertele \u00een aer liber vor alterna, \u00een perioada <\/span><strong><span class=\"tm10\">2 \u2013 25 august,<\/span><\/strong><span class=\"tm9\"> cu cele din interior, principala sal\u0103 fiind <\/span><strong><span class=\"tm10\">Casino-ul Sinaia<\/span><\/strong><span class=\"tm9\">, f\u0103r\u0103 a renun\u0163a la evolu\u0163iile \u00een spa\u0163iile neconven\u0163ionale puse la dispozi\u0163ie de<\/span><strong><span class=\"tm10\"> Prim\u0103ria Sinaia<\/span><\/strong><span class=\"tm9\">, precum<\/span><strong><span class=\"tm10\"> Muzeul Sinaia \u0219i Parcul \u0218tirbei, <\/span><\/strong><span class=\"tm9\">dar vor concerte \u0219i la<\/span><strong><span class=\"tm10\"> Casa Memorial\u0103 George Enescu <\/span><\/strong><span class=\"tm9\">\u0219i<\/span><strong><span class=\"tm10\"> Biserica Romano Catolic\u0103.<\/span><\/strong><\/p>\n<p class=\"tm8\"><span class=\"tm9\">\u00a0\u00a0\u00a0\u00a0\u00a0\u00a0\u00a0\u00a0\u00a0\u00a0\u00a0Loc de \u00eent\u00e2lnire plin\u0103 de emo\u021bie a unui public fidel, la care \u00een fiecare an se adaug\u0103 noi melomani, mai ales din genera\u021bia t\u00e2n\u0103r\u0103, Festivalul Interna\u021bional \u201cEnescu \u0219i muzica lumii\u201d este, de <\/span><strong><span class=\"tm10\">un sfert de secol, <\/span><\/strong><span class=\"tm9\">una dintre <\/span><strong><span class=\"tm10\">cele mai importante \u0219i bine expuse rampe de lansare a celor mai valoro\u0219i tineri muzicieni<\/span><\/strong><span class=\"tm9\"> ai Rom\u00e2niei.<\/span><\/p>\n<p class=\"tm8\"><strong><span class=\"tm10\">\u00a0\u00a0\u00a0\u00a0\u00a0\u00a0\u00a0\u00a0\u00a0\u00a0\u00a0Violoncelistul \u015fi profesorul Marin Cazacu<\/span><\/strong><span class=\"tm9\">, ini\u021biatorul proiectului, directorul general al Filarmonicii \u201eGeorge Enescu\u201d,<\/span> <span class=\"tm9\">declar\u0103 \u00eenainte de aceast\u0103 nou\u0103 edi\u0163ie: <a id=\"docsinternalguid68b2b49b7fff1589d6\"><\/a>\u201d<\/span><em><span class=\"tm12\">Festivalul Interna\u021bional Enescu \u0219i Muzica lumii a \u00eensemnat de-a lungul celor 25 de ani de existen\u021b\u0103 nu doar cel mai important reper cultural de mare amploare pentru a doua cea mai important\u0103 zon\u0103 turistic\u0103 a Rom\u00e2niei (dup\u0103 litoral) \u00een perioada estival\u0103, adesea cu extensie p\u00e2n\u0103 la Bra\u0219ov \u0219i Sibiu, ci \u0219i locul de \u00eent\u00e2lnire al celor mai importan\u021bi muzicieni rom\u00e2ni din \u021bar\u0103 \u0219i din diaspora. <\/span><span class=\"tm9\">Aici au avut astfel loc concerte memorabile, unice prin distribu\u021biile fabuloase, care au adus pe scen\u0103 al\u0103turi nume care definesc valoarea \u0219colii rom\u00e2ne\u0219ti de interpretare muzical\u0103, (de la Valentin Gheorghiu, la Valentin \u0218erban, trec\u00e2nd prin cei mai importan\u021bi exponen\u021bi ai genera\u021biilor &#8217;80 \u0219i &#8217;90 precum Silvia Marcovici, Mihaela Martin, Dorin Marc, Stelu\u021ba Radu, Gabriel Croitoru, Liviu Prunaru \u0219i mul\u021bi al\u021bii,) al\u0103turi de nume importante din Europa \u0219i Statele Unite ale Americii.\u201d <\/span><\/em><strong><span class=\"tm10\">(Marin Cazacu)<\/span><\/strong><\/p>\n<p class=\"tm8\"><span class=\"tm9\">\u00a0\u00a0\u00a0\u00a0\u00a0\u00a0\u00a0\u00a0\u00a0\u00a0\u00a0\u00a0\u00a0\u00a0Din anul 2008, al\u0103turi de aceste concentr\u0103ri de for\u021be artistice al c\u0103ror catalizator a fost \u0219i continu\u0103 s\u0103 fie violoncelistul \u0219i profesorul Marin Cazacu, Festivalul Interna\u021bional \u201dEnescu \u0219i muzica lumii\u201d a devenit \u0219i <\/span><strong><span class=\"tm10\">locul de \u00eent\u00e2lnire a celor mai buni tineri muzicieni din Rom\u00e2nia<\/span><\/strong><span class=\"tm9\">, prin crearea &#8211; de c\u0103tre acela\u0219i Marin Cazacu &#8211; a Orchestrelor Na\u021bionale de Tineret ale Rom\u00e2niei. Astfel, ora\u0219ul Sinaia devine nu doar loc de preg\u0103tire \u0219i prime \u00eent\u00e2lniri a tinerilor muzicieni cu publicul, ci l<\/span><strong><span class=\"tm10\">oc de pornire c\u0103tre cele mai importante scene de concert ale lumii. <\/span><\/strong><\/p>\n<p class=\"tm8\"><span class=\"tm9\">\u00a0 \u00a0 \u00a0 \u00a0 \u00a0 \u00a0 \u00a0 \u00a0Organizat de Prim\u0103ria ora\u0219ului Sinaia \u0219i Centrul Na\u021bional de Art\u0103 \u201eTinerimea Rom\u00e2n\u0103\u201d<\/span><span class=\"tm13\">, <\/span><span class=\"tm9\">partener principal\u00a0Funda\u021bia Prietenii muzicii \u201eSerafim Antropov,<\/span><span class=\"tm13\"> cofinan\u0163at de Uniunea de Crea\u021bie Interpretativ\u0103 a Muzicienilor din Rom\u00e2nia, <\/span><span class=\"tm9\">Festivalul Interna\u0163ional \u201cEnescu \u015fi muzica lumii\u201d propune <\/span><strong><span class=\"tm10\">21 concerte<\/span><\/strong> <strong><span class=\"tm10\">cu un program dens \u015fi divers, sus\u0163inut de tineri \u0219i foarte tineri muzicieni.<\/span><\/strong><\/p>\n<p class=\"tm8\"><span class=\"tm9\">\u00a0 \u00a0 \u00a0 \u00a0 \u00a0 \u00a0 \u00a0 \u00a0<\/span><span class=\"tm9\">Ca \u015fi \u00een anii trecu\u0163i, \u015fi actuala edi\u0163ie are \u00een centru prezen\u021ba <\/span><strong><span class=\"tm10\">Orchestrelor Na\u021bionale de Tineret ale Rom\u00e2niei,<\/span><\/strong><span class=\"tm9\"> respectiv: <\/span><strong><span class=\"tm10\">Orchestra Rom\u00e2n\u0103 de Tineret<\/span><\/strong><span class=\"tm9\">, dirijor Cristian Mandeal, solist Petru Pane \u2013 clarinet, care va sus\u021bine un concert<\/span><strong><span class=\"tm10\"> mar\u021bi 13 august, la Sala Casino, de la ora 19:00. <\/span><\/strong><span class=\"tm9\">\u00cen program, lucr\u0103ri de Rossini, Dvorak, Luigi Bassi, Bela Kovacs; <\/span><strong><span class=\"tm10\">Orchestra Junior<\/span><\/strong><span class=\"tm9\"> va concerta <\/span><strong><span class=\"tm10\">vineri, 9 august, la Sala Casino, de la ora 19:00, <\/span><\/strong><span class=\"tm9\">av\u00e2ndu-l ca dirijor pe Andrei St\u0103nculescu. \u00cen program, lucr\u0103ri de Mozart, Haydn, Beethoven; <\/span><strong><span class=\"tm10\">mar\u021bi, 20 august, la Sala Casino, de la ora ora 19:00, <\/span><\/strong><span class=\"tm9\">va sus\u021bine un concert <\/span><strong><span class=\"tm10\">Romanian Sinfonietta Orchestra, <\/span><\/strong><span class=\"tm9\">dirijor \u0219i solist<\/span><strong> <span class=\"tm10\">Alexander Sitkovetski, <\/span><\/strong><span class=\"tm9\">cu un program alc\u0103tuit din lucr\u0103ri de Mozart, Mendelssohn, Prokofiev.<\/span><\/p>\n<p class=\"tm8\"><span class=\"tm9\">\u00a0 \u00a0 \u00a0 \u00a0 \u00a0 \u00a0 \u00a0 \u00a0 Din anul 1999 \u0219i p\u00e2n\u0103 \u00een prezent, Festivalul Interna\u0163ional \u201cEnescu \u015fi muzica lumii\u201d propune celor afla\u021bi la Sinaia \u00een vacan\u021ba de var\u0103 un program atractiv, inclusiv \u00een <\/span><strong><span class=\"tm10\">aer liber,<\/span><\/strong><span class=\"tm9\"> edi\u0163ia din 2024 av\u00e2nd multiple concerte \u00een <\/span><strong><span class=\"tm10\">parcul \u0218tirbei<\/span><\/strong><span class=\"tm9\">, printre care cel de <\/span><strong><span class=\"tm10\">s\u00e2mb\u0103t\u0103, 3 august, <\/span><\/strong><span class=\"tm9\">sus\u021binut de <\/span><strong><span class=\"tm10\">Orchestra de Tineret a Austriei<\/span><\/strong><span class=\"tm9\"> (<\/span><strong><span class=\"tm10\">Wiener Jeunesse Orchester Ensembles), de la ora 19:00, <\/span><\/strong><span class=\"tm9\">sau cel de <\/span><strong><span class=\"tm10\">joi, 15 august, de la ora 19:00, <\/span><\/strong><span class=\"tm9\">cu<\/span><strong><span class=\"tm10\"> Valentin \u0218erban \u2013 vioar\u0103 <\/span><\/strong><span class=\"tm9\">&amp; <\/span><strong><span class=\"tm10\">Enescu Ensemble. <\/span><\/strong><span class=\"tm9\">Acestora li se adaug\u0103 concertele de <\/span><strong><span class=\"tm10\">s\u00e2mb\u0103t\u0103, 17 august<\/span><em><span class=\"tm11\">, <\/span><\/em><\/strong><span class=\"tm9\">cu<\/span><strong><span class=\"tm10\"> Adrian Petrescu \u2013 <\/span><\/strong><span class=\"tm9\">saxofon, oboi \u0219i alte instrumente de suflat sau cel de <\/span><strong><span class=\"tm10\">duminic\u0103, 25 august \u2013 concertul care \u00eencheie edi\u021bia din acest an a festivalului \u2013 sus\u021binut, d<a id=\"aHlk140844447_Copy_1\"><\/a>e la ora 19:00, de <a id=\"aHlk137984431_Copy_1\"><\/a>Ansamblul Violoncellissimo, condus de Marin Cazacu, cu un program <\/span><\/strong><span class=\"tm9\">Clasic, Jazz, Rock and more.\u2026<\/span><\/p>\n<p class=\"tm8\"><span class=\"tm9\">\u00a0 \u00a0 \u00a0 \u00a0 \u00a0 \u00a0 \u00a0 \u00a0 Tot \u00een aer liber va fi \u0219i concertul sus\u021binut de<\/span><strong><span class=\"tm10\"> soli\u0219tii Orchestrei Rom\u00e2ne de Tineret duminic\u0103, 11 august, \u00een fa\u021ba prim\u0103riei din Sinaia, cu \u00eencepere de la ora 19:00 sau<\/span><\/strong><span class=\"tm9\"> concertul de <\/span><strong><span class=\"tm10\">duminic\u0103, 18 august, de la Cota 2000. <\/span><\/strong><span class=\"tm9\">\u00cencep\u00e2nd cu <\/span><strong><span class=\"tm10\">ora 13:00,<\/span><\/strong><span class=\"tm9\"> sin\u0103ienii \u0219i turi\u0219tii vor asculta <\/span><strong><em><span class=\"tm11\">Muzica mun\u021bilor<\/span><\/em><\/strong><span class=\"tm9\"> \u00een interpretarea saxofonistului <\/span><strong><span class=\"tm10\">Adrian Petrescu.<\/span><\/strong><\/p>\n<p class=\"tm8\"><span class=\"tm9\">\u00a0 \u00a0 \u00a0 \u00a0 \u00a0 \u00a0 \u00a0 \u00a0 Un alt spa\u021biu neconven\u021bional \u0219i \u00een aer liber pentru concertele din festival, este <\/span><strong><span class=\"tm10\">Muzeul Sinaia: miercuri<\/span><\/strong><span class=\"tm9\">, <\/span><strong><span class=\"tm10\">7 august, de la ora 19:00,<\/span><\/strong><span class=\"tm9\"> va avea loc un concert sus\u021binut de <\/span><strong><span class=\"tm10\">Soli\u0219tii Orchestrei Junior, <\/span><\/strong><span class=\"tm9\">iar<\/span><strong><span class=\"tm10\"> s\u00e2mb\u0103t\u0103, 10 august, Ansamblul Playthoven, <\/span><\/strong><span class=\"tm9\">av\u00e2ndu-i \u00een componen\u021b\u0103 pe Anca Sinaci \u2013 vioar\u0103 \u0219i Radu Sinaci \u2013 violoncel \u0219i percu\u021bie, va concerta tot la <\/span><strong><span class=\"tm10\">Muzeul Sinaia, de la ora 19:00.<\/span><\/strong><\/p>\n<p class=\"tm15\"><span class=\"tm9\">\u00a0 \u00a0 \u00a0 \u00a0 \u00a0 \u00a0 \u00a0 \u00a0 <\/span><span class=\"tm9\">Un loc emblematic pentru concertele din Festivalul Interna\u021bional \u201dEnescu \u0219i muzica lumii\u201d este<\/span><strong><span class=\"tm10\"> Casa Memorial\u0103 a compozitorului rom\u00e2n.<\/span><\/strong><span class=\"tm9\"> Astfel, <\/span><strong><span class=\"tm10\">duminic\u0103, 18 august, de la ora 17:00, violonista Sofia Sm\u0103r\u0103ndescu <\/span><\/strong><span class=\"tm9\">va sus\u021bine concertul <\/span><em><span class=\"tm18\">Enescu la el acas\u0103! <\/span><\/em><span class=\"tm9\">\u00cen program, lucr\u0103ri de Enescu, Bach, Beethoven.<\/span><\/p>\n<p class=\"tm8\"><span class=\"tm9\">\u00a0 \u00a0 \u00a0 \u00a0 \u00a0 \u00a0 \u00a0 \u00a0 Proiectul creat de <\/span><strong><span class=\"tm10\">violoncelistul \u0219i profesorul Marin Cazacu<\/span><\/strong><span class=\"tm9\"> va \u00eencepe anul acesta <\/span><strong><span class=\"tm10\">vineri,<\/span><\/strong> <strong><span class=\"tm10\">pe 2 august<\/span><\/strong><span class=\"tm9\">, \u00een <\/span><strong><span class=\"tm10\">Sala Casino,<\/span><\/strong> <strong><span class=\"tm10\">de la ora 19:00<\/span><\/strong><span class=\"tm9\">, cu un concert sus\u021binut de <\/span><strong><span class=\"tm10\">Orchestra de Tineret a Austriei (Wiener Jeunesse Orchester), <\/span><\/strong><span class=\"tm9\">dirijor <\/span><strong><span class=\"tm10\">Herbert Bock, s<\/span><\/strong><span class=\"tm9\">olist <\/span><strong><span class=\"tm10\">Daniel Auner \u2013<\/span><\/strong><span class=\"tm9\"> vioar\u0103. \u00cen program, lucr\u0103ri de Bernstein, Korngold, Mahler.<\/span><\/p>\n<p class=\"tm8\"><span class=\"tm9\">\u00a0 \u00a0 \u00a0 \u00a0 \u00a0 \u00a0 \u00a0 \u00a0 Ca \u00een fiecare an, <\/span><strong><span class=\"tm10\">Sala Casino-ului Sinaia<\/span><\/strong><span class=\"tm9\"> va g\u0103zdui multe concerte din festival, at\u00e2t cele cu orchestre c\u00e2t \u015fi cele camerale precum: cel de <\/span><strong><span class=\"tm10\">mar\u021bi, 6 august, sus\u021binut, de la ora 19:00, de C\u0103t\u0103lin R\u0103ducanu <\/span><\/strong><span class=\"tm9\">\u2013 pian, \u021bambal &#8211; care va concerta \u00een avanpremiera turneului na\u0163ional <\/span><em><span class=\"tm18\">Un artist, un pian \u015fi un \u0163ambal<\/span><\/em><span class=\"tm9\"> cu un program care include lucr\u0103ri de Scarlatti, Chopin, Rahmaninov, improviza\u021bii pe teme clasice \u0219i folclor; sau cel de <\/span><strong><span class=\"tm10\">vineri, 16 august, de la ora 19:00, sus\u021binut de arti\u0219tii Valentin \u0218erban<\/span><\/strong><span class=\"tm9\"> \u2013 vioar\u0103, <\/span><strong><span class=\"tm10\">\u0218tefan Cazacu<\/span><\/strong><span class=\"tm9\"> \u2013 violoncel \u0219i <\/span><strong><span class=\"tm10\">Drago\u0219 Dimitriu<\/span><\/strong><span class=\"tm9\"> \u2013 pian. Din program, lucr\u0103ri de Enescu, Rahmaninov, Ceaikovski. Iar <\/span><strong><span class=\"tm10\">luni, 19 august, tot de la ora 19:00, sin\u0103ienii \u0219i turi\u0219tii vor asculta Cvartetul Arcadia <\/span><\/strong><span class=\"tm9\">cu un program alc\u0103tuit din lucr\u0103ri de Enescu, Schubert, Mendelssohn. <\/span><\/p>\n<p class=\"tm8\"><strong><span class=\"tm10\">\u00a0 \u00a0 \u00a0 \u00a0 \u00a0 \u00a0 \u00a0 \u00a0 Joi, 8 august, de la ora 19:00,<\/span><\/strong><span class=\"tm9\"> Sala Casino va g\u0103zdui concertul sus\u021binut de <\/span><strong><span class=\"tm10\">Orchestra de Tineret a Sloveniei (Slovenian Youth Orchestra), <\/span><\/strong><span class=\"tm9\">d<\/span><span class=\"tm13\">irijor \u017diva Ploj Per\u0161uh, solist: Rok Zaletel \u010cerno\u0161 &#8211; vioar\u0103, cu un program alc\u0103tuit din lucr\u0103ri de Brahms, Osterc, Ceaikovski, Beethoven. <\/span><\/p>\n<p class=\"tm8\"><strong><span class=\"tm10\">\u00a0 \u00a0 \u00a0 \u00a0 \u00a0 \u00a0 \u00a0 \u00a0 Genera\u021bia mileniului III<\/span><\/strong><span class=\"tm9\"> &#8211; a\u0219a se numesc concertele sus\u021binute de cei mai tineri interpre\u021bi la Sala Casino-ului din Sinaia, avanpremiere la Concursul Interna\u021bional George Enescu. A\u0219adar, <\/span><strong><span class=\"tm10\">miercuri, 21 august, de la ora 19:00, Jan Sekaci <\/span><\/strong><span class=\"tm9\">\u2013 violoncel \u0219i <\/span><strong><span class=\"tm10\">Daria Tudor \u2013<\/span><\/strong><span class=\"tm9\"> pian vor c\u00e2nta lucr\u0103ri de Schumann, Haydn, Brahms, Enescu; <\/span><strong><span class=\"tm10\">joi, 22 august, de la ora 19:00<\/span><\/strong><span class=\"tm9\">, <\/span><strong><span class=\"tm10\">Cornelius Zirbo <\/span><\/strong><span class=\"tm9\">\u2013 violoncel, <\/span><strong><span class=\"tm10\">Teodora Chirc\u0103 <\/span><\/strong><span class=\"tm9\">\u2013 pian, <\/span><strong><span class=\"tm10\">Hora\u021biu Ludu\u0219an <\/span><\/strong><span class=\"tm9\">\u2013 violoncel \u0219i <\/span><strong><span class=\"tm10\">Daniel Dasc\u0103lu \u2013<\/span><\/strong><span class=\"tm9\"> pian vor interpreta lucr\u0103ri de Haydn, Brahms, Schumann, Schubert, Enescu; iar <\/span><strong><span class=\"tm10\">vineri, 23 august, tot de la ora 19:00, <\/span><\/strong><span class=\"tm9\">pianistul <\/span><strong><span class=\"tm10\">Sebastian Cazan <\/span><\/strong><span class=\"tm9\">va interpreta Bach, Mozart, Beethoven, Chopin, Enescu. <\/span><\/p>\n<p class=\"tm8\"><span class=\"tm9\">\u00a0 \u00a0 \u00a0 \u00a0 \u00a0 \u00a0 \u00a0 \u00a0 \u00a0Ca de fiecare dat\u0103 nu va lipsi nici <\/span><strong><span class=\"tm10\">concertul de la Biserica Romano Catolic\u0103, <\/span><\/strong><span class=\"tm9\">unde <\/span><strong><span class=\"tm10\">miercuri, 14 august, de la ora 19:00<\/span><em><span class=\"tm11\">, <\/span><\/em><span class=\"tm10\">Oana \u0218erban<\/span><\/strong><span class=\"tm9\"> \u2013 sopran\u0103, <\/span><strong><span class=\"tm10\">Andrei Mihalcea<\/span><\/strong><span class=\"tm9\"> \u2013 tenor \u0219i <\/span><strong><span class=\"tm10\">Raluca Ouatu<\/span><\/strong><span class=\"tm9\"> \u2013 pian vor sus\u021bine un concert cu lucr\u0103ri de Haendel, Purcell, Caccini, Haydn, Mozart, Franck<\/span><\/p>\n<p class=\"tm8\"><strong><span class=\"tm10\">Organizatori: <\/span><\/strong><span class=\"tm9\">Prim\u0103ria Ora\u0219ului Sinaia,\u00a0Centrul Na\u021bional de Art\u0103 \u201eTinerimea Rom\u00e2n\u0103&#8221;.<\/span><\/p>\n<p class=\"tm8\"><strong><span class=\"tm10\">Partener principal: <\/span><\/strong><span class=\"tm9\">Funda\u021bia Prietenii muzicii \u201eSerafim Antropov\u201d<\/span><\/p>\n<p class=\"tm8\"><strong><span class=\"tm10\">Proiect cofinan\u021bat de: <\/span><\/strong><span class=\"tm9\">Uniunea de Crea\u021bie Interpretativ\u0103 a Muzicienilor din Rom\u00e2nia<\/span><\/p>\n<p class=\"tm8\"><strong><span class=\"tm10\">Parteneri: <\/span><\/strong><span class=\"tm9\">Filarmonica George Enescu, Universitatea Na\u0163ional\u0103 de Muzic\u0103 Bucure\u015fti, Casino Sinaia, Muzeul Na\u0163ional \u201eGeorge Enescu\u201d, Arhiepiscopia Romano-Catolic\u0103 Bucure\u0219ti.<\/span><\/p>\n<p class=\"tm8\"><strong><span class=\"tm10\">Cu sprijinul: <\/span><\/strong><span class=\"tm9\">BRD Groupe Soci\u00e9t\u00e9 G\u00e9n\u00e9rale\u00a0<\/span><\/p>\n<p class=\"tm8\"><strong><span class=\"tm10\">Sponsori<\/span><\/strong><span class=\"tm9\">: Hotel Palace, Hotel Caraiman, Vizual Graph<\/span><\/p>\n<p class=\"tm8\"><strong><span class=\"tm10\">Parteneri media:<\/span><\/strong><span class=\"tm9\">\u00a0Radio Rom\u00e2nia Cultural \u015fi Radio Rom\u00e2nia Muzical, Rom\u00e2nia TV, Mediatrust, Observator Cultural, Liternet, Agen\u0163ia de carte.<\/span><\/p>\n<p class=\"tm19\"><strong><span class=\"tm10\">PROGRAM<\/span><\/strong><\/p>\n<p><strong>Festivalul Interna\u021bional \u201eEnescu \u0219i muzica lumii\u201d<\/strong><br \/>\n<strong>Edi\u021bia a XXV-a<\/strong><br \/>\n<strong>SINAIA 2-25 august 2024<\/strong><\/p>\n<p><strong>Vineri 2 august<\/strong><br \/>\n<strong>Sinaia, Sala Casino, ora 19:00 <\/strong><br \/>\n<strong>Concertul de deschidere al Festivalului <\/strong><br \/>\n<strong>Orchestra de Tineret a Austriei ( Wiener Jeunesse Orchester)<\/strong><br \/>\nDirijor <strong>Herbert Bock<\/strong><br \/>\nSolist <strong>Daniel Auner<\/strong> &#8211; vioar\u0103<br \/>\nBernstein, Korngold, Mahler<\/p>\n<p><strong>S\u00e2mb\u0103t\u0103 3 august<\/strong><br \/>\n<strong>Sinaia, Parcul \u0218tirbei, ora 19:00<\/strong> (aer liber)<br \/>\n<em>Wiener Jeunesse Orchester Ensembles<\/em><br \/>\nClasic, divertisment<\/p>\n<p><strong>Mar\u021bi 6 august <\/strong><br \/>\n<strong>Sinaia, Sala Casino, ora 19:00<\/strong><br \/>\n<em>Un artist, un pian \u0219i un \u021bambal<\/em><br \/>\n<strong>C\u0103t\u0103lin R\u0103ducanu<\/strong> \u2013 pian \u0219i \u021bambal<br \/>\nScarlatti, Chopin, Rahmaninov, improviza\u021bii pe teme clasice \u0219i folclor<\/p>\n<p><strong>Miercuri 7 august<\/strong><br \/>\n<strong>Sinaia, Muzeul Sinaia, ora 19 ( aer liber)<\/strong><br \/>\n<strong>Soli\u0219tii Orchestrei Junior<\/strong><br \/>\nBijuterii muzicale<br \/>\nBach, Enescu, Sarasate, Kreisler, Korsakov, De Falla, Jianu, Van Goens.<\/p>\n<p><strong>Joi 8 august<\/strong><br \/>\n<strong>Sinaia, Sala Casino, ora 19:00<\/strong><br \/>\n<strong>Orchestra de Tineret a Sloveniei ( Slovenian Youth Orchestra)<\/strong><br \/>\nDirijor: <strong>\u017diva Ploj Per\u0161uh<\/strong><br \/>\nSolist: <strong>Rok Zaletel \u010cerno\u0161<\/strong> &#8211; vioar\u0103<br \/>\nBrahms, Osterc, Ceaikovski, Beethoven<\/p>\n<p><strong>Vineri 9 august<\/strong><br \/>\n<strong>Sinaia, Sala Casino, ora 19:00<\/strong><br \/>\n<strong>Orchestra Junior<\/strong><br \/>\nDirijor <strong>Andrei St\u0103nculescu<\/strong><br \/>\nMozart, Haydn, Beethoven<\/p>\n<p><strong>S\u00e2mb\u0103t\u0103 10 august<\/strong><br \/>\n<strong>Sinaia, Muzeul Sinaia, ora 19:00<\/strong> ( aer liber)<br \/>\n<strong>Ansamblul Playthoven<\/strong><br \/>\n<strong>Anca Sinaci<\/strong> \u2013 vioar\u0103<br \/>\n<strong>Radu Sinaci<\/strong> \u2013 violoncel \u0219i percu\u021bie<br \/>\nJazz, rock<\/p>\n<p><strong>Duminic\u0103 11 august<\/strong><br \/>\n<strong>Sinaia, Prim\u0103ria Sinaia, ora 19:00<\/strong> (aer liber)<br \/>\n<strong>Soli\u0219tii Orchestrei Rom\u00e2ne de Tineret<\/strong><br \/>\nClasic, divertisment, muzic\u0103 de film<\/p>\n<p><strong>Mar\u021bi 13 august<\/strong><br \/>\n<strong>Sinaia, Sala Casino, ora 19:00<\/strong><br \/>\n<strong>Orchestra Rom\u00e2n\u0103 de Tineret<\/strong><br \/>\nDirijor <strong>Cristian Mandeal<\/strong><br \/>\nSolist <strong>Petru Pane<\/strong> \u2013 clarinet<br \/>\nRossini, Dvorak, Luigi Bassi, Bela Kovacs<\/p>\n<p><strong>Miercuri 14 august <\/strong><br \/>\n<strong>Sinaia, Biserica Romano Catolic\u0103, ora 19:00<\/strong><br \/>\n<em>Sub aripa Sfintei Marii<\/em><br \/>\n<strong>Oana \u0218erban<\/strong> \u2013 sopran\u0103<br \/>\n<strong>Andrei Mihalcea<\/strong> \u2013 tenor<br \/>\n<strong>Raluca Ouatu<\/strong> \u2013 pian<br \/>\nHaendel, Purcell, Caccini, Haydn, Mozart, Franck<\/p>\n<p><strong>Joi 15 august<\/strong><br \/>\n<strong>Sinaia, Parcul \u0218tirbei, ora 19:00<\/strong> (aer liber)<br \/>\n<strong>Vivaldi Forever!<\/strong><br \/>\n<strong>Valentin \u0218erban<\/strong> \u2013 vioar\u0103<br \/>\n&amp;<br \/>\n<strong>Enescu Ensemble<\/strong><br \/>\nEnescu \u2013 Balada<br \/>\nVivaldi \u2013 Anotimpurile<\/p>\n<p><strong>Vineri 16 august<\/strong><br \/>\n<strong>Sinaia, Sala Casino, ora 19:00 <\/strong><br \/>\n<strong>Capodopere camerale<\/strong><br \/>\n<strong>Valentin \u0218erban<\/strong> \u2013 vioar\u0103<br \/>\n<strong>\u0218tefan Cazacu<\/strong> \u2013 violoncel<br \/>\n<strong>Drago\u0219 Dimitriu<\/strong> \u2013 pian<br \/>\nEnescu, Rahmaninov, Ceaikovski<\/p>\n<p><strong>S\u00e2mb\u0103t\u0103 17 august<\/strong><br \/>\n<strong>Sinaia, Parcul \u0218tirbei, ora 19:00<\/strong> ( aer liber)<br \/>\n<em>One man show!<\/em><br \/>\n<strong>Adrian Petrescu<\/strong> \u2013 saxofon, oboi \u0219i alte instrumente de suflat<br \/>\nDe la clasic la &#8230;. divertisment<\/p>\n<p><strong>Duminic\u0103 18 august<\/strong><br \/>\n<strong>Sinaia, Cota 2000, ora 13:00<\/strong> (aer liber)<br \/>\n<em>Muzica mun\u021bilor!<\/em><br \/>\n<strong>Adrian Petrescu<\/strong> \u2013 saxofon<\/p>\n<p><strong>Duminic\u0103 18 august<\/strong><br \/>\n<strong>Sinaia, Casa memorial\u0103 George Enescu, ora 15:00<\/strong><br \/>\n<em>Enescu la el acas\u0103!<\/em><br \/>\n<strong>Sofia Sm\u0103r\u0103ndescu<\/strong> \u2013 vioar\u0103<br \/>\nEnescu, Bach, Beethoven<\/p>\n<p><strong>Luni 19 august<\/strong><br \/>\n<strong>Sinaia, Sala Casino, ora 19:00 <\/strong><br \/>\n<strong>Cvartetul Arcadia<\/strong><br \/>\nEnescu, Schubert, Mendelssohn<\/p>\n<p><strong>Mar\u021bi 20 august<\/strong><br \/>\n<strong>Sinaia, Sala Casino, ora 19:00 <\/strong><br \/>\n<strong>Romanian Sinfonietta Orchestra<\/strong><br \/>\nDirijor \u0219i solist <strong>Alexander Sitkovetski<\/strong><br \/>\nMozart, Mendelssohn, Prokofiev<\/p>\n<p><strong>Miercuri 21 august<\/strong><br \/>\n<strong>Sinaia, Sala Casino, ora 19:00 <\/strong><br \/>\n<strong>Avanpremier\u0103 la Concursul Interna\u021bional George Enescu<\/strong><br \/>\n<strong>Jan Sekaci<\/strong> \u2013 violoncel<br \/>\n<strong>Daria Tudor<\/strong> &#8211; pian<br \/>\nSchumann, Haydn, Brahms, Enescu<\/p>\n<p><strong>Joi 22 august<\/strong><br \/>\n<strong>Sinaia, Sala Casino, ora 19:00 <\/strong><br \/>\n<strong>Avanpremier\u0103 la Concursul Interna\u021bional George Enescu<\/strong><br \/>\n<strong>Cornelius Zirbo<\/strong> \u2013 violoncel<br \/>\n<strong>Teodora Chirc\u0103<\/strong> \u2013 pian<br \/>\n<strong>Hora\u021biu Ludu\u0219an<\/strong> \u2013 violoncel<br \/>\n<strong>Daniel Dasc\u0103lu<\/strong> &#8211; pian<br \/>\nHaydn, Brahms, Schumann, Schubert, Enescu<\/p>\n<p><strong>Vineri 23 august<\/strong><br \/>\n<strong>Sinaia, Sala Casino, ora 19:00 <\/strong><br \/>\n<strong>Avanpremier\u0103 la Concursul Interna\u021bional George Enescu<\/strong><br \/>\n<strong>Sebastian Cazan<\/strong> \u2013 pian<br \/>\nBach, Mozart, Beethoven, Chopin, Enescu<\/p>\n<p><strong>Duminic\u0103 25 august<\/strong><br \/>\n<strong>Sinaia, Parcul \u0218tirbei, ora 19:00<\/strong> ( aer liber)<br \/>\n<strong>Ansamblul Violoncellissimo<\/strong><br \/>\nCondus de <strong>Marin Cazacu<\/strong><br \/>\nClasic, Jazz, Rock and more&#8230;.<\/p>\n","protected":false},"excerpt":{"rendered":"<p>\u00a0 \u00a0 \u00a0 \u00a0 \u00a0 \u00a0Festivalul Interna\u021bional \u201cEnescu \u0219i muzica lumii\u201d revine \u00een 2024, la Sinaia, cu edi\u021bia a 25-a, \u00een care concertele \u00een aer liber vor alterna, \u00een perioada 2 \u2013 25 august, cu cele din interior, principala sal\u0103 fiind Casino-ul Sinaia, f\u0103r\u0103 a renun\u0163a la evolu\u0163iile \u00een spa\u0163iile neconven\u0163ionale puse la dispozi\u0163ie de&#8230;<\/p>\n","protected":false},"author":1,"featured_media":4570,"comment_status":"closed","ping_status":"open","sticky":false,"template":"","format":"standard","meta":{"_kadence_starter_templates_imported_post":false,"_kad_post_transparent":"default","_kad_post_title":"default","_kad_post_layout":"default","_kad_post_sidebar_id":"","_kad_post_content_style":"default","_kad_post_vertical_padding":"default","_kad_post_feature":"","_kad_post_feature_position":"","_kad_post_header":false,"_kad_post_footer":false,"_kad_post_classname":"","footnotes":""},"categories":[3],"tags":[],"class_list":["post-4569","post","type-post","status-publish","format-standard","has-post-thumbnail","hentry","category-evenimente"],"_links":{"self":[{"href":"https:\/\/tinerimearomana.ro\/despre\/wp-json\/wp\/v2\/posts\/4569"}],"collection":[{"href":"https:\/\/tinerimearomana.ro\/despre\/wp-json\/wp\/v2\/posts"}],"about":[{"href":"https:\/\/tinerimearomana.ro\/despre\/wp-json\/wp\/v2\/types\/post"}],"author":[{"embeddable":true,"href":"https:\/\/tinerimearomana.ro\/despre\/wp-json\/wp\/v2\/users\/1"}],"replies":[{"embeddable":true,"href":"https:\/\/tinerimearomana.ro\/despre\/wp-json\/wp\/v2\/comments?post=4569"}],"version-history":[{"count":3,"href":"https:\/\/tinerimearomana.ro\/despre\/wp-json\/wp\/v2\/posts\/4569\/revisions"}],"predecessor-version":[{"id":4573,"href":"https:\/\/tinerimearomana.ro\/despre\/wp-json\/wp\/v2\/posts\/4569\/revisions\/4573"}],"wp:featuredmedia":[{"embeddable":true,"href":"https:\/\/tinerimearomana.ro\/despre\/wp-json\/wp\/v2\/media\/4570"}],"wp:attachment":[{"href":"https:\/\/tinerimearomana.ro\/despre\/wp-json\/wp\/v2\/media?parent=4569"}],"wp:term":[{"taxonomy":"category","embeddable":true,"href":"https:\/\/tinerimearomana.ro\/despre\/wp-json\/wp\/v2\/categories?post=4569"},{"taxonomy":"post_tag","embeddable":true,"href":"https:\/\/tinerimearomana.ro\/despre\/wp-json\/wp\/v2\/tags?post=4569"}],"curies":[{"name":"wp","href":"https:\/\/api.w.org\/{rel}","templated":true}]}}