{"id":436,"date":"2016-06-11T22:13:42","date_gmt":"2016-06-11T20:13:42","guid":{"rendered":"http:\/\/tinerimearomana.ro\/despre\/?p=436"},"modified":"2023-04-03T14:48:04","modified_gmt":"2023-04-03T12:48:04","slug":"cand-cantul-gandurilor-tace","status":"publish","type":"post","link":"https:\/\/tinerimearomana.ro\/despre\/ro\/cand-cantul-gandurilor-tace\/","title":{"rendered":"C\u00c2ND C\u00c2NTUL G\u00c2NDURILOR TACE"},"content":{"rendered":"[:ro]<div class=\"su-spacer\" style=\"height:40px\"><\/div>\n[infobox style=&#8217;info&#8217; static=&#8217;1&#8242;]\n<div class=\"su-row\"><div class=\"su-column su-column-size-3-5\"><div class=\"su-column-inner su-u-clearfix su-u-trim\">\n<p>        Miercuri 15 iunie 2016 la ora 19.00 la Sala Mare a Palatului Tinerimea Rom\u00e2n\u0103, Centrul Na\u021bional de Art\u0103 Tinerimea Rom\u00e2n\u0103 prezint\u0103 un spectacol eveniment de muzic\u0103 \u0219i poezie dedicat liricii eminesciene, cu participarea extraordinar\u0103 a violoncelistului Marin Cazacu.<\/p>\n<p>\tMarc\u00e2nd ziua trecerii \u00een nefiin\u021b\u0103 a lui <strong>Mihai Eminescu<\/strong> acum 127 de ani, vor fi evocate prin sensibilitatea recit\u0103rii actorilor Anca Bejan, Diana Balmu\u0219 \u0219i Bogdan Acatrinei celebre poeme precum Glossa, Floare albastr\u0103 sau Melancolie.<\/p>\n<p>\tOpus-uri binecunoscute apar\u021bin\u00e2nd stilului romantic precum \u0219i din crea\u021bia rom\u00e2neasc\u0103 de la Rachmaninov la Ceaikovski, trec\u00e2nd prin Elgar sau Paul Constantinescu, vor fi interpretate de Izabela Ghergu \u2013 violoncel Mircea Dumitrescu \u2013 vioar\u0103, fiind acompania\u021bi la pian Dana B\u0103doi. <\/p>\n<p>\tCoordonatori de proiect :Mihai Bisericanu \u0219i Marin Cazacu.<\/p>\n<p>\tParteneri media : Radio Rom\u00e2nia Cultural, Radio Rom\u00e2nia Muzical, Rom\u00e2nia TV, Observator Cultural, Q Magazine.<\/p>\n<\/div><\/div>\n<div class=\"su-column su-column-size-2-5\"><div class=\"su-column-inner su-u-clearfix su-u-trim\">\n<a href=\"http:\/\/tinerimearomana.ro\/despre\/wp-content\/uploads\/sites\/10\/2016\/06\/afisEminescuIunie2016.jpg\"><img fetchpriority=\"high\" decoding=\"async\" src=\"http:\/\/tinerimearomana.ro\/despre\/wp-content\/uploads\/sites\/10\/2016\/06\/afisEminescuIunie2016.jpg\" alt=\"afisEminescuIunie2016\" width=\"320\" height=\"451\"  class=\"aligncenter size-full wp-image-437\" \/><\/a><\/p>\n<\/div><\/div><\/div>\n<div class=\"su-spacer\" style=\"height:30px\"><\/div>\n<strong>FOTO<\/strong><br \/>\n<div class=\"su-custom-gallery su-custom-gallery-align-left su-custom-gallery-title-never su-lightbox-gallery\"><div class=\"su-custom-gallery-slide\" style=\"width:200px;height:140px\"><a href=\"https:\/\/tinerimearomana.ro\/despre\/wp-content\/uploads\/sites\/10\/2016\/06\/Spectacol-Eminescu14.jpg\" title=\"Spectacol-Eminescu14\"><img decoding=\"async\" src=\"https:\/\/tinerimearomana.ro\/despre\/wp-content\/uploads\/sites\/10\/2016\/06\/Spectacol-Eminescu14.jpg\" alt=\"Spectacol-Eminescu14\" width=\"200\" height=\"140\" \/><span class=\"su-custom-gallery-title\">Spectacol-Eminescu14<\/span><\/a><\/div><div class=\"su-custom-gallery-slide\" style=\"width:200px;height:140px\"><a href=\"https:\/\/tinerimearomana.ro\/despre\/wp-content\/uploads\/sites\/10\/2016\/06\/Spectacol-Eminescu13.jpg\" title=\"Spectacol-Eminescu13\"><img decoding=\"async\" src=\"https:\/\/tinerimearomana.ro\/despre\/wp-content\/uploads\/sites\/10\/2016\/06\/Spectacol-Eminescu13.jpg\" alt=\"Spectacol-Eminescu13\" width=\"200\" height=\"140\" \/><span class=\"su-custom-gallery-title\">Spectacol-Eminescu13<\/span><\/a><\/div><div class=\"su-custom-gallery-slide\" style=\"width:200px;height:140px\"><a href=\"https:\/\/tinerimearomana.ro\/despre\/wp-content\/uploads\/sites\/10\/2016\/06\/Spectacol-Eminescu12.jpg\" title=\"Spectacol-Eminescu12\"><img loading=\"lazy\" decoding=\"async\" src=\"https:\/\/tinerimearomana.ro\/despre\/wp-content\/uploads\/sites\/10\/2016\/06\/Spectacol-Eminescu12.jpg\" alt=\"Spectacol-Eminescu12\" width=\"200\" height=\"140\" \/><span class=\"su-custom-gallery-title\">Spectacol-Eminescu12<\/span><\/a><\/div><div class=\"su-custom-gallery-slide\" style=\"width:200px;height:140px\"><a href=\"https:\/\/tinerimearomana.ro\/despre\/wp-content\/uploads\/sites\/10\/2016\/06\/Spectacol-Eminescu11.jpg\" title=\"Spectacol-Eminescu11\"><img loading=\"lazy\" decoding=\"async\" src=\"https:\/\/tinerimearomana.ro\/despre\/wp-content\/uploads\/sites\/10\/2016\/06\/Spectacol-Eminescu11.jpg\" alt=\"Spectacol-Eminescu11\" width=\"200\" height=\"140\" \/><span class=\"su-custom-gallery-title\">Spectacol-Eminescu11<\/span><\/a><\/div><div class=\"su-custom-gallery-slide\" style=\"width:200px;height:140px\"><a href=\"https:\/\/tinerimearomana.ro\/despre\/wp-content\/uploads\/sites\/10\/2016\/06\/Spectacol-Eminescu10.jpg\" title=\"Spectacol-Eminescu10\"><img loading=\"lazy\" decoding=\"async\" src=\"https:\/\/tinerimearomana.ro\/despre\/wp-content\/uploads\/sites\/10\/2016\/06\/Spectacol-Eminescu10.jpg\" alt=\"Spectacol-Eminescu10\" width=\"200\" height=\"140\" \/><span class=\"su-custom-gallery-title\">Spectacol-Eminescu10<\/span><\/a><\/div><div class=\"su-custom-gallery-slide\" style=\"width:200px;height:140px\"><a href=\"https:\/\/tinerimearomana.ro\/despre\/wp-content\/uploads\/sites\/10\/2016\/06\/Spectacol-Eminescu9.jpg\" title=\"Spectacol-Eminescu9\"><img loading=\"lazy\" decoding=\"async\" src=\"https:\/\/tinerimearomana.ro\/despre\/wp-content\/uploads\/sites\/10\/2016\/06\/Spectacol-Eminescu9.jpg\" alt=\"Spectacol-Eminescu9\" width=\"200\" height=\"140\" \/><span class=\"su-custom-gallery-title\">Spectacol-Eminescu9<\/span><\/a><\/div><div class=\"su-custom-gallery-slide\" style=\"width:200px;height:140px\"><a href=\"https:\/\/tinerimearomana.ro\/despre\/wp-content\/uploads\/sites\/10\/2016\/06\/Spectacol-Eminescu8.jpg\" title=\"Spectacol-Eminescu8\"><img loading=\"lazy\" decoding=\"async\" src=\"https:\/\/tinerimearomana.ro\/despre\/wp-content\/uploads\/sites\/10\/2016\/06\/Spectacol-Eminescu8.jpg\" alt=\"Spectacol-Eminescu8\" width=\"200\" height=\"140\" \/><span class=\"su-custom-gallery-title\">Spectacol-Eminescu8<\/span><\/a><\/div><div class=\"su-custom-gallery-slide\" style=\"width:200px;height:140px\"><a href=\"https:\/\/tinerimearomana.ro\/despre\/wp-content\/uploads\/sites\/10\/2016\/06\/Spectacol-Eminescu7.jpg\" title=\"Spectacol-Eminescu7\"><img loading=\"lazy\" decoding=\"async\" src=\"https:\/\/tinerimearomana.ro\/despre\/wp-content\/uploads\/sites\/10\/2016\/06\/Spectacol-Eminescu7.jpg\" alt=\"Spectacol-Eminescu7\" width=\"200\" height=\"140\" \/><span class=\"su-custom-gallery-title\">Spectacol-Eminescu7<\/span><\/a><\/div><div class=\"su-custom-gallery-slide\" style=\"width:200px;height:140px\"><a href=\"https:\/\/tinerimearomana.ro\/despre\/wp-content\/uploads\/sites\/10\/2016\/06\/Spectacol-Eminescu6.jpg\" title=\"Spectacol-Eminescu6\"><img loading=\"lazy\" decoding=\"async\" src=\"https:\/\/tinerimearomana.ro\/despre\/wp-content\/uploads\/sites\/10\/2016\/06\/Spectacol-Eminescu6.jpg\" alt=\"Spectacol-Eminescu6\" width=\"200\" height=\"140\" \/><span class=\"su-custom-gallery-title\">Spectacol-Eminescu6<\/span><\/a><\/div><div class=\"su-custom-gallery-slide\" style=\"width:200px;height:140px\"><a href=\"https:\/\/tinerimearomana.ro\/despre\/wp-content\/uploads\/sites\/10\/2016\/06\/Spectacol-Eminescu5.jpg\" title=\"Spectacol-Eminescu5\"><img loading=\"lazy\" decoding=\"async\" src=\"https:\/\/tinerimearomana.ro\/despre\/wp-content\/uploads\/sites\/10\/2016\/06\/Spectacol-Eminescu5.jpg\" alt=\"Spectacol-Eminescu5\" width=\"200\" height=\"140\" \/><span class=\"su-custom-gallery-title\">Spectacol-Eminescu5<\/span><\/a><\/div><div class=\"su-custom-gallery-slide\" style=\"width:200px;height:140px\"><a href=\"https:\/\/tinerimearomana.ro\/despre\/wp-content\/uploads\/sites\/10\/2016\/06\/Spectacol-Eminescu4.jpg\" title=\"Spectacol-Eminescu4\"><img loading=\"lazy\" decoding=\"async\" src=\"https:\/\/tinerimearomana.ro\/despre\/wp-content\/uploads\/sites\/10\/2016\/06\/Spectacol-Eminescu4.jpg\" alt=\"Spectacol-Eminescu4\" width=\"200\" height=\"140\" \/><span class=\"su-custom-gallery-title\">Spectacol-Eminescu4<\/span><\/a><\/div><div class=\"su-custom-gallery-slide\" style=\"width:200px;height:140px\"><a href=\"https:\/\/tinerimearomana.ro\/despre\/wp-content\/uploads\/sites\/10\/2016\/06\/Spectacol-Eminescu3.jpg\" title=\"Spectacol-Eminescu3\"><img loading=\"lazy\" decoding=\"async\" src=\"https:\/\/tinerimearomana.ro\/despre\/wp-content\/uploads\/sites\/10\/2016\/06\/Spectacol-Eminescu3.jpg\" alt=\"Spectacol-Eminescu3\" width=\"200\" height=\"140\" \/><span class=\"su-custom-gallery-title\">Spectacol-Eminescu3<\/span><\/a><\/div><div class=\"su-custom-gallery-slide\" style=\"width:200px;height:140px\"><a href=\"https:\/\/tinerimearomana.ro\/despre\/wp-content\/uploads\/sites\/10\/2016\/06\/Spectacol-Eminescu2.jpg\" title=\"Spectacol-Eminescu2\"><img loading=\"lazy\" decoding=\"async\" src=\"https:\/\/tinerimearomana.ro\/despre\/wp-content\/uploads\/sites\/10\/2016\/06\/Spectacol-Eminescu2.jpg\" alt=\"Spectacol-Eminescu2\" width=\"200\" height=\"140\" \/><span class=\"su-custom-gallery-title\">Spectacol-Eminescu2<\/span><\/a><\/div><div class=\"su-custom-gallery-slide\" style=\"width:200px;height:140px\"><a href=\"https:\/\/tinerimearomana.ro\/despre\/wp-content\/uploads\/sites\/10\/2016\/06\/Spectacol-Eminescu1.jpg\" title=\"Spectacol-Eminescu1\"><img loading=\"lazy\" decoding=\"async\" src=\"https:\/\/tinerimearomana.ro\/despre\/wp-content\/uploads\/sites\/10\/2016\/06\/Spectacol-Eminescu1.jpg\" alt=\"Spectacol-Eminescu1\" width=\"200\" height=\"140\" \/><span class=\"su-custom-gallery-title\">Spectacol-Eminescu1<\/span><\/a><\/div><div class=\"su-clear\"><\/div><\/div>\n[\/infobox][:]\n","protected":false},"excerpt":{"rendered":"<p>[:ro] [infobox style=&#8217;info&#8217; static=&#8217;1&#8242;] FOTO [\/infobox][:]<\/p>\n","protected":false},"author":1,"featured_media":437,"comment_status":"open","ping_status":"open","sticky":false,"template":"","format":"standard","meta":{"_kadence_starter_templates_imported_post":false,"_kad_post_transparent":"","_kad_post_title":"","_kad_post_layout":"","_kad_post_sidebar_id":"","_kad_post_content_style":"","_kad_post_vertical_padding":"","_kad_post_feature":"","_kad_post_feature_position":"","_kad_post_header":false,"_kad_post_footer":false,"_kad_post_classname":"","footnotes":""},"categories":[3],"tags":[],"class_list":["post-436","post","type-post","status-publish","format-standard","has-post-thumbnail","hentry","category-evenimente"],"_links":{"self":[{"href":"https:\/\/tinerimearomana.ro\/despre\/wp-json\/wp\/v2\/posts\/436"}],"collection":[{"href":"https:\/\/tinerimearomana.ro\/despre\/wp-json\/wp\/v2\/posts"}],"about":[{"href":"https:\/\/tinerimearomana.ro\/despre\/wp-json\/wp\/v2\/types\/post"}],"author":[{"embeddable":true,"href":"https:\/\/tinerimearomana.ro\/despre\/wp-json\/wp\/v2\/users\/1"}],"replies":[{"embeddable":true,"href":"https:\/\/tinerimearomana.ro\/despre\/wp-json\/wp\/v2\/comments?post=436"}],"version-history":[{"count":5,"href":"https:\/\/tinerimearomana.ro\/despre\/wp-json\/wp\/v2\/posts\/436\/revisions"}],"predecessor-version":[{"id":3725,"href":"https:\/\/tinerimearomana.ro\/despre\/wp-json\/wp\/v2\/posts\/436\/revisions\/3725"}],"wp:featuredmedia":[{"embeddable":true,"href":"https:\/\/tinerimearomana.ro\/despre\/wp-json\/wp\/v2\/media\/437"}],"wp:attachment":[{"href":"https:\/\/tinerimearomana.ro\/despre\/wp-json\/wp\/v2\/media?parent=436"}],"wp:term":[{"taxonomy":"category","embeddable":true,"href":"https:\/\/tinerimearomana.ro\/despre\/wp-json\/wp\/v2\/categories?post=436"},{"taxonomy":"post_tag","embeddable":true,"href":"https:\/\/tinerimearomana.ro\/despre\/wp-json\/wp\/v2\/tags?post=436"}],"curies":[{"name":"wp","href":"https:\/\/api.w.org\/{rel}","templated":true}]}}