{"id":4284,"date":"2024-02-13T14:25:42","date_gmt":"2024-02-13T12:25:42","guid":{"rendered":"https:\/\/tinerimearomana.ro\/despre\/?p=4284"},"modified":"2025-08-18T15:05:49","modified_gmt":"2025-08-18T13:05:49","slug":"orchestrele-de-tineret-ale-romaniei-anunta-noua-sesiune-de-auditii-2024","status":"publish","type":"post","link":"https:\/\/tinerimearomana.ro\/despre\/ro\/orchestrele-de-tineret-ale-romaniei-anunta-noua-sesiune-de-auditii-2024\/","title":{"rendered":"ORCHESTRELE DE TINERET ALE ROMANIEI ANUNTA NOUA SESIUNE DE AUDITII 2024"},"content":{"rendered":"<p><strong><b>Te po\u0163i \u00eenscrie p\u00e2n\u0103 pe 29 februarie<\/b><\/strong><\/p>\n<p><strong><b>\u00a0<\/b><\/strong><em>\u201c<\/em><em>Miracolul orchestrelor de tineret din Rom\u00e2nia trebuie s\u0103 continue. Cei 15 ani<\/em><em>\u00a0de mari succese pe multe meridiane nu se pot opri aici. Sunte\u021bi chema\u021bi \u00een num\u0103r c\u00e2t mai mare, at\u00e2t cei din trecut, c\u00e2t \u0219i cei din viitor, s\u0103 participa\u021bi la o reconfigurare a ansamblurilor muzicale p\u0103storite de Tinerimea Rom\u00e2n\u0103. Cei mai buni \u00eentre cei buni \u00ee\u0219i vor confirma valoarea \u00eempreun\u0103 cu noile talente. Ave\u021bi nevoie s\u0103 v\u0103 maturiza\u021bi \u0219i s\u0103 v\u0103 afirma\u021bi, s\u0103 vi se d\u0103ruiasc\u0103 \u0219i s\u0103 d\u0103rui\u021bi la r\u00e2ndul vostru. Acesta este rostul existen\u021bei oric\u0103rui artist. Succes !\u201d<\/em>\u00a0declar\u0103 Cristian Mandeal, dirijorul care al\u0103turi de violoncelistul \u015fi profesorul Marin Cazacu puneau \u00een 2008 bazele proiectului Orchestrelor Na\u0163ionale de Tineret ale Rom\u00e2niei.<\/p>\n<p>\u00cen data de <strong>2 martie<\/strong>\u00a0la <strong><b>Timi\u0219oara <\/b><\/strong>(Filarmonica Banatul Timi\u0219oara \u2013 Sala Capitol), <strong>14-16 martie<\/strong>\u00a0la <strong>Bucure\u0219ti <\/strong>(Centrul Na\u0163ional de Art\u0103 \u201cTinerimea Rom\u00e2n\u0103\u201d), <strong>23-24 martie <\/strong>la<strong>\u00a0Cluj-Napoca<\/strong>\u00a0(Academia Na\u021bional\u0103 de Muzic\u0103 \u201eGheorghe Dima\u201d) \u0219i pe <strong>5 aprilie <\/strong>la<strong>\u00a0Ia\u0219i<\/strong>\u00a0(Sala Eduard Caudella, Casa Alecu Bal\u0219), vor avea loc <strong>audi\u021bii pentru admiterea celor mai talenta\u021bi tineri muzicieni \u00een Orchestrele Na\u021bionale de Tineret ale Rom\u00e2niei, <\/strong>la care sunt invita\u0163i at\u00e2t actuali membri ai ansamblurilor, c\u00e2t \u015fi aspiran\u0163ii la acest statut, scopul acestor audi\u0163ii fiind reconfigurarea acestor orchestre.<\/p>\n<p>Audi\u021biile vor fi organizate pentru instrumentele: vioar\u0103, viol\u0103, violoncel, contrabas, flaut, piccolo, oboi, corn englez, clarinet, clarinet bas, fagot, contrafagot, corn, trompet\u0103, trombon, tub\u0103, timpani \u2013 percu\u0163ie, harp\u0103 \u0219i pentru pozi\u021bia de concertmaestru, \u00een vederea form\u0103rii orchestrelor care vor sus\u021bine <strong>toate proiectele na\u021bionale \u0219i interna\u021bionale ale Orchestrelor Na\u021bionale de Tineret ale Rom\u00e2niei \u00een anii 2024 \u0219i 2025<\/strong>. Proiectele pentru anii 2024 &#8211; 2025 vizeaz\u0103 prezen\u021be pe cele mai importante scene din \u021bar\u0103, dar \u0219i \u00een s\u0103li celebre precum Concertgebow din Amsterdam, Konzerthaus din Berlin \u0219.a.<\/p>\n<p><strong>Termenul limit\u0103 de \u00eenscriere se extinde p\u00e2n\u0103 la 29 februarie 2024.<\/strong><\/p>\n<p>Fenomenul artistic al Orchestrelor Na\u021bionale de Tineret ale Rom\u00e2niei reprezint\u0103 deja de mai mul\u021bi ani cea mai important\u0103 ramp\u0103 de formare \u0219i realizare profesional\u0103 a tinerilor muzicieni care doresc s\u0103 devin\u0103 instrumenti\u0219ti profesioni\u0219ti \u00een cadrul unei orchestre simfonice, Orchestra Rom\u00e2n\u0103 de Tineret al\u0103turi de Romanian Sinfonietta, fiind ansamblurile cu cea mai mare \u0219i mai important\u0103 activitate interna\u021bional\u0103 \u00een domeniul muzicii clasice din Rom\u00e2nia \u00een ultimii 15 ani.<\/p>\n<p>Candida\u021bii vor fi audia\u021bi de o comisie de specialitate condus\u0103 de maestrul Cristian Mandeal, iar programul din acest an beneficiaz\u0103 de aportul direct al unora dintre cei mai importan\u021bi dirijori pe plan na\u021bional \u0219i interna\u021bional, precum Cristian M\u0103celaru (dirijor principal al Orchestrei Nationale de France \u0219i directorul artistic al Festivalului Interna\u021bional \u201cGeorge Enescu\u201d), Cristian Mandeal, Gabriel Bebe\u015felea, formidabilul violonist-dirijor Alexander Sitkovetsky \u0219i Andrei St\u0103nculescu.<\/p>\n<p>Cuprinz\u00e2nd <strong><em><i>Orchestra Junior<\/i><\/em><\/strong><strong>, pentru categoria de v\u00e2rst\u0103 12-16 ani<\/strong>, <strong><em><i>Romanian Sinfonietta<\/i><\/em><\/strong><strong>\u00a016-19 ani<\/strong>\u00a0\u015fi binecunoscuta <strong><em><i>Orchestr\u0103 Rom\u00e2n\u0103 de Tineret<\/i><\/em><\/strong><strong>\u00a018-26 de ani<\/strong>, acest program dedicat tinerilor muzicieni a format \u00een cei 15 ani de existen\u021b\u0103 pe actualii ocupan\u021bi ai celor mai importante pozi\u021bii ale marilor orchestre \u00a0din Rom\u00e2nia, precum filarmonicile din Bucure\u0219ti, Cluj, Ia\u0219i sau Timi\u0219oara, Satu Mare, Orchestra Na\u021bional\u0103 Radio sau orchestrele Operelor Na\u021bionale din Bucure\u0219ti \u0219i Cluj, plus alte numeroase colective simfonice din \u021bar\u0103 \u0219i de peste hotare.<\/p>\n<p>Secretul imensului succes pe care <em><i>Orchestra Rom\u00e2n\u0103 de Tineret<\/i><\/em>\u00a0\u0219i <em><i>Romanian Simfonietta<\/i><\/em>\u00a0l-au \u00eenregistrat deja pe cele mai importante scene de concert din \u021bar\u0103, din Europa \u0219i din Statele Unite, precum \u0219i din Beijing, Istanbul, Chi\u0219in\u0103u, Belgrad, Ruse, Sofia sau Skopje, \u00eencepe de la procesul riguros de selec\u021bie \u00een care sunt apreciate \u0219i \u00eencurajate nu doar abilit\u0103\u021bile instrumentale \u0219i muzicale, ci \u0219i calit\u0103\u021bile umane ale tinerilor candida\u021bi, pentru c\u0103 acest proiect \u0219i-a propus s\u0103 formeze nu doar profesioni\u0219ti, ci \u0219i caractere compatibile cu arta interpret\u0103rii Marii Muzici.<\/p>\n<p>Adresele unde vor avea loc audi\u021biile sunt: pentru Timi\u0219oara &#8211; Filarmonica Banatul Timi\u0219oara \u2013 Sala Capitol, Bd. C. D. Loga nr.2, pentru Bucure\u0219ti \u2013 Centrul Na\u0163ional de Art\u0103 \u201cTinerimea Rom\u00e2n\u0103\u201d str. Gutenberg, nr. 19, pentru Cluj \u00a0&#8211; Napoca Academia de muzic\u0103 \u201cGheorghe Dima\u201d str. Ion I. C. Br\u0103tianu 25, \u0219i pentru Ia\u0219i Sala Eduard Caudella, Casa Alecu Bal\u0219 Strada Cuza Vod\u0103 29.<\/p>\n<p>Toate rela\u021biile privitoare la instrumentele solicitate \u0219i repertoriul de audi\u021bie al\u0103turi de materialul aferent, pot fi gasite pe site-ul www.tinerimearomana.ro la sec\u021biunea &#8220;AUDI\u021aII&#8221;<\/p>\n<p><a href=\"http:\/\/tinerimearomana.ro\/despre\/ro\/auditii\/\"><u>http:\/\/tinerimearomana.ro\/despre\/ro\/auditii\/<\/u><\/a><\/p>\n<p>Organizator: Centrul Na\u021bional de Art\u0103 Tinerimea Rom\u00e2n\u0103<\/p>\n<p>Parteneri media \u015fi culturali: Radio Rom\u00e2nia Cultural, Radio Rom\u00e2nia Muzical, mediaTRUST, Rom\u00e2niaTV, Liternet, Agen\u021bia de carte<\/p>\n<p><img fetchpriority=\"high\" decoding=\"async\" class=\"aligncenter size-full wp-image-4303\" src=\"https:\/\/tinerimearomana.ro\/despre\/wp-content\/uploads\/sites\/10\/2024\/02\/Afis-Auditii-ORT-2024.jpg\" alt=\"\" width=\"800\" height=\"1127\" srcset=\"https:\/\/tinerimearomana.ro\/despre\/wp-content\/uploads\/sites\/10\/2024\/02\/Afis-Auditii-ORT-2024.jpg 800w, https:\/\/tinerimearomana.ro\/despre\/wp-content\/uploads\/sites\/10\/2024\/02\/Afis-Auditii-ORT-2024-213x300.jpg 213w, https:\/\/tinerimearomana.ro\/despre\/wp-content\/uploads\/sites\/10\/2024\/02\/Afis-Auditii-ORT-2024-727x1024.jpg 727w, https:\/\/tinerimearomana.ro\/despre\/wp-content\/uploads\/sites\/10\/2024\/02\/Afis-Auditii-ORT-2024-768x1082.jpg 768w, https:\/\/tinerimearomana.ro\/despre\/wp-content\/uploads\/sites\/10\/2024\/02\/Afis-Auditii-ORT-2024-200x282.jpg 200w\" sizes=\"(max-width: 800px) 100vw, 800px\" \/><\/p>\n","protected":false},"excerpt":{"rendered":"<p>Te po\u0163i \u00eenscrie p\u00e2n\u0103 pe 29 februarie \u00a0\u201cMiracolul orchestrelor de tineret din Rom\u00e2nia trebuie s\u0103 continue. Cei 15 ani\u00a0de mari succese pe multe meridiane nu se pot opri aici. Sunte\u021bi chema\u021bi \u00een num\u0103r c\u00e2t mai mare, at\u00e2t cei din trecut, c\u00e2t \u0219i cei din viitor, s\u0103 participa\u021bi la o reconfigurare a ansamblurilor muzicale p\u0103storite de&#8230;<\/p>\n","protected":false},"author":1,"featured_media":0,"comment_status":"closed","ping_status":"open","sticky":false,"template":"","format":"standard","meta":{"_kadence_starter_templates_imported_post":false,"_kad_post_transparent":"default","_kad_post_title":"default","_kad_post_layout":"default","_kad_post_sidebar_id":"","_kad_post_content_style":"default","_kad_post_vertical_padding":"default","_kad_post_feature":"","_kad_post_feature_position":"","_kad_post_header":false,"_kad_post_footer":false,"_kad_post_classname":"","footnotes":""},"categories":[5,147],"tags":[],"class_list":["post-4284","post","type-post","status-publish","format-standard","hentry","category-anunturi","category-auditii"],"_links":{"self":[{"href":"https:\/\/tinerimearomana.ro\/despre\/wp-json\/wp\/v2\/posts\/4284"}],"collection":[{"href":"https:\/\/tinerimearomana.ro\/despre\/wp-json\/wp\/v2\/posts"}],"about":[{"href":"https:\/\/tinerimearomana.ro\/despre\/wp-json\/wp\/v2\/types\/post"}],"author":[{"embeddable":true,"href":"https:\/\/tinerimearomana.ro\/despre\/wp-json\/wp\/v2\/users\/1"}],"replies":[{"embeddable":true,"href":"https:\/\/tinerimearomana.ro\/despre\/wp-json\/wp\/v2\/comments?post=4284"}],"version-history":[{"count":5,"href":"https:\/\/tinerimearomana.ro\/despre\/wp-json\/wp\/v2\/posts\/4284\/revisions"}],"predecessor-version":[{"id":4304,"href":"https:\/\/tinerimearomana.ro\/despre\/wp-json\/wp\/v2\/posts\/4284\/revisions\/4304"}],"wp:attachment":[{"href":"https:\/\/tinerimearomana.ro\/despre\/wp-json\/wp\/v2\/media?parent=4284"}],"wp:term":[{"taxonomy":"category","embeddable":true,"href":"https:\/\/tinerimearomana.ro\/despre\/wp-json\/wp\/v2\/categories?post=4284"},{"taxonomy":"post_tag","embeddable":true,"href":"https:\/\/tinerimearomana.ro\/despre\/wp-json\/wp\/v2\/tags?post=4284"}],"curies":[{"name":"wp","href":"https:\/\/api.w.org\/{rel}","templated":true}]}}