{"id":4115,"date":"2024-01-26T20:10:35","date_gmt":"2024-01-26T18:10:35","guid":{"rendered":"https:\/\/tinerimearomana.ro\/despre\/?p=4115"},"modified":"2024-03-21T11:40:49","modified_gmt":"2024-03-21T09:40:49","slug":"seri-camerale-la-palatul-tinerimea-romana-pe-31-ianuarie","status":"publish","type":"post","link":"https:\/\/tinerimearomana.ro\/despre\/ro\/seri-camerale-la-palatul-tinerimea-romana-pe-31-ianuarie\/","title":{"rendered":"RECITAL DE LIEDURI \u00ceN  &#8220;SEARA CAMERALA&#8221; DE LA PALATUL &#8220;TINERIMEA ROMANA&#8221;"},"content":{"rendered":"<p><strong><b>\u00a0 \u00a0 \u00a0 \u00a0 \u00a0 \u00a0Miercuri 31 ianuarie, de la ora 19.00<\/b><\/strong>, \u00een ambian\u021ba unic\u0103 a s\u0103lii de concert a\u00a0<strong><b>Palatului Tinerimea Rom\u00e2n\u0103<\/b><\/strong>\u00a0va avea loc un nou recital din noua stagiune muzical\u0103 bucure\u015ftean\u0103 intitulat\u0103\u00a0<strong><b>\u201cSeri camerale la Palatul Tinerimea Rom\u00e2n\u0103\u201d<\/b><\/strong>.<\/p>\n<p>Protagoni\u015ftii recitalului din 31 ianuarie sunt soprana\u00a0<strong><b>Cristina Fieraru <\/b><\/strong>\u015fi <strong><b>pianistul Marius Boldea<\/b><\/strong>. Seara va cuprinde un repertoriu ce are \u00een centru at\u00e2t reprezentative lieduri rom\u00e2ne\u015fti \u2013<strong><b>\u00a0<\/b><\/strong>George Enescu | 7 Chansons de Cl\u00e9ment Marot, Nicolae Bretan | Ce te legeni, codrule, Felicia Donceanu | Pa\u0219ii (3 c\u00e2ntece pentru Til), Gheorghe Dima | A venit un lup din cr\u00e2ng, Sabin P\u0103utza | M-ai s\u0103rutat \u2013 , c\u00e2t \u015fi celebre cicluri de lieduri germane, precum<strong><b>\u00a0<\/b><\/strong>Robert Schumann | Frauenliebe und \u2013Leben \u015fi Johannes Brahms | 4 Ges\u00e4nge, Op. 43 No. 1 Von ewiger Liebe.<\/p>\n<p>Dedicat\u0103 celor mai valoro\u0219i tineri muzicieni ai momentului \u0219i deschis\u0103 tuturor genurilor muzicale, stagiunea\u00a0<strong><b>\u201cSeri camerale la Palatul Tinerimea Rom\u00e2n\u0103\u201d<\/b><\/strong>\u00a0\u00ee\u0219i propune s\u0103 consacre \u00een preferin\u021bele marelui public o scen\u0103 de concert plasat\u0103 \u00een zona istoric\u0103 a ora\u0219ului Bucure\u0219ti, beneficiind de o ambian\u021b\u0103 arhitectural\u0103 unic\u0103, o spectaculoas\u0103 evocare la scar\u0103 cameral\u0103 a celebrei Scala din Milano \u2013\u00a0<strong><b>Palatul Tinerimea Rom\u00e2n\u0103<\/b><\/strong>.<\/p>\n<p>Crea\u021bie a\u00a0Virginiei\u00a0Andreescu-Haret, Palatul Tinerimea Rom\u00e2n\u0103 este realizarea primei femei arhitect din Rom\u00e2nia \u0219i a primei femei care a ajuns la gradul de arhitect inspector general din lume. Prin acest proiect, Centrul Na\u021bional de Art\u0103 \u201cTinerimea Rom\u00e2n\u0103\u201d \u00ee\u0219i propune s\u0103 contribuie la diversificarea vie\u021bii culturale bucure\u0219tene cu un spa\u021biu emblematic pentru apartenen\u021ba acesteia, dorind ca\u00a0aceast\u0103 minunat\u0103 sal\u0103 s\u0103 devin\u0103 o prezen\u021b\u0103 constant\u0103 \u00een via\u0163a de spectacol a Capitalei.<\/p>\n<p>Accesul publicului se va face pe baza rezerv\u0103rii telefonice, \u00een limita locurilor disponibile. Rezerv\u0103ri \u00eentre orele 11\u015fi 15 la num\u0103rul 021. 315.81.65.<\/p>\n<p>Organizator: Centrul Na\u021bional de Art\u0103 Tinerimea Rom\u00e2n\u0103<\/p>\n<p>Parteneri media \u015fi culturali:\u00a0Radio Rom\u00e2nia Cultural, Radio Rom\u00e2nia Muzical, mediaTRUST, Rom\u00e2niaTV, Liternet, Agen\u021bia de carte<\/p>\n<p><img fetchpriority=\"high\" decoding=\"async\" class=\"aligncenter size-full wp-image-4114\" src=\"https:\/\/tinerimearomana.ro\/despre\/wp-content\/uploads\/sites\/10\/2024\/01\/Seri-camerale_31_ianuarie2024.jpg\" alt=\"\" width=\"860\" height=\"1217\" srcset=\"https:\/\/tinerimearomana.ro\/despre\/wp-content\/uploads\/sites\/10\/2024\/01\/Seri-camerale_31_ianuarie2024.jpg 860w, https:\/\/tinerimearomana.ro\/despre\/wp-content\/uploads\/sites\/10\/2024\/01\/Seri-camerale_31_ianuarie2024-212x300.jpg 212w, https:\/\/tinerimearomana.ro\/despre\/wp-content\/uploads\/sites\/10\/2024\/01\/Seri-camerale_31_ianuarie2024-724x1024.jpg 724w, https:\/\/tinerimearomana.ro\/despre\/wp-content\/uploads\/sites\/10\/2024\/01\/Seri-camerale_31_ianuarie2024-768x1087.jpg 768w, https:\/\/tinerimearomana.ro\/despre\/wp-content\/uploads\/sites\/10\/2024\/01\/Seri-camerale_31_ianuarie2024-200x283.jpg 200w\" sizes=\"(max-width: 860px) 100vw, 860px\" \/><\/p>\n","protected":false},"excerpt":{"rendered":"<p>\u00a0 \u00a0 \u00a0 \u00a0 \u00a0 \u00a0Miercuri 31 ianuarie, de la ora 19.00, \u00een ambian\u021ba unic\u0103 a s\u0103lii de concert a\u00a0Palatului Tinerimea Rom\u00e2n\u0103\u00a0va avea loc un nou recital din noua stagiune muzical\u0103 bucure\u015ftean\u0103 intitulat\u0103\u00a0\u201cSeri camerale la Palatul Tinerimea Rom\u00e2n\u0103\u201d. Protagoni\u015ftii recitalului din 31 ianuarie sunt soprana\u00a0Cristina Fieraru \u015fi pianistul Marius Boldea. Seara va cuprinde un repertoriu&#8230;<\/p>\n","protected":false},"author":1,"featured_media":4114,"comment_status":"closed","ping_status":"open","sticky":false,"template":"","format":"standard","meta":{"_kadence_starter_templates_imported_post":false,"_kad_post_transparent":"default","_kad_post_title":"default","_kad_post_layout":"default","_kad_post_sidebar_id":"","_kad_post_content_style":"default","_kad_post_vertical_padding":"default","_kad_post_feature":"","_kad_post_feature_position":"","_kad_post_header":false,"_kad_post_footer":false,"_kad_post_classname":"","footnotes":""},"categories":[3],"tags":[],"class_list":["post-4115","post","type-post","status-publish","format-standard","has-post-thumbnail","hentry","category-evenimente"],"_links":{"self":[{"href":"https:\/\/tinerimearomana.ro\/despre\/wp-json\/wp\/v2\/posts\/4115"}],"collection":[{"href":"https:\/\/tinerimearomana.ro\/despre\/wp-json\/wp\/v2\/posts"}],"about":[{"href":"https:\/\/tinerimearomana.ro\/despre\/wp-json\/wp\/v2\/types\/post"}],"author":[{"embeddable":true,"href":"https:\/\/tinerimearomana.ro\/despre\/wp-json\/wp\/v2\/users\/1"}],"replies":[{"embeddable":true,"href":"https:\/\/tinerimearomana.ro\/despre\/wp-json\/wp\/v2\/comments?post=4115"}],"version-history":[{"count":3,"href":"https:\/\/tinerimearomana.ro\/despre\/wp-json\/wp\/v2\/posts\/4115\/revisions"}],"predecessor-version":[{"id":4118,"href":"https:\/\/tinerimearomana.ro\/despre\/wp-json\/wp\/v2\/posts\/4115\/revisions\/4118"}],"wp:featuredmedia":[{"embeddable":true,"href":"https:\/\/tinerimearomana.ro\/despre\/wp-json\/wp\/v2\/media\/4114"}],"wp:attachment":[{"href":"https:\/\/tinerimearomana.ro\/despre\/wp-json\/wp\/v2\/media?parent=4115"}],"wp:term":[{"taxonomy":"category","embeddable":true,"href":"https:\/\/tinerimearomana.ro\/despre\/wp-json\/wp\/v2\/categories?post=4115"},{"taxonomy":"post_tag","embeddable":true,"href":"https:\/\/tinerimearomana.ro\/despre\/wp-json\/wp\/v2\/tags?post=4115"}],"curies":[{"name":"wp","href":"https:\/\/api.w.org\/{rel}","templated":true}]}}