{"id":4107,"date":"2024-01-14T15:31:45","date_gmt":"2024-01-14T13:31:45","guid":{"rendered":"https:\/\/tinerimearomana.ro\/despre\/?p=4107"},"modified":"2024-03-21T11:40:06","modified_gmt":"2024-03-21T09:40:06","slug":"seri-camerale-3-la-palatul-tinerimea-romana-bijuterii-muzicale-din-creatia-lui-sostakovici-si-ceaikovski","status":"publish","type":"post","link":"https:\/\/tinerimearomana.ro\/despre\/ro\/seri-camerale-3-la-palatul-tinerimea-romana-bijuterii-muzicale-din-creatia-lui-sostakovici-si-ceaikovski\/","title":{"rendered":"&#8220;SERI CAMERALE 3&#8221; LA PALATUL &#8220;TINERIMEA ROMANA&#8221; BIJUTERII MUZICALE DIN CREATIA LUI SOSTAKOVICI SI CEAIKOVSKI"},"content":{"rendered":"<p><strong><b>Miercuri 17 ianuarie de la ora 19.00<\/b><\/strong>, \u00een ambian\u021ba unic\u0103 a s\u0103lii de concert a <strong><b>Palatului Tinerimea Rom\u00e2n\u0103<\/b><\/strong>\u00a0va avea loc primul recital al anului pentru noua stagiune muzicala bucure\u015ftean\u0103 intitulat\u0103 <strong><b>\u201cSeri camerale la Palatul Tinerimea Rom\u00e2n\u0103\u201d<\/b><\/strong>.<\/p>\n<p>Dou\u0103 capodopere ale muzicii de camer\u0103 ruse, \u0218ostakovici &#8211; <em><i>Cvintetul cu pian, op.57<\/i><\/em>\u00a0\u015fi<\/p>\n<p>Ceaikovski &#8211; <em><i>Sextetul \u201d<\/i><\/em><em><i>Souvenir de Florence<\/i><\/em><em><i>\u201d,<\/i><\/em>\u00a0op.70 aduc pe scen\u0103 nu mai pu\u0163in de 11 tineri muzicieni, studen\u0163i \u015fi masteranzi ai universit\u0103\u0163ilor de muzic\u0103 din \u0163ar\u0103, dar \u015fi finali\u015fti ai proiectului Mo\u015ftenitorii Rom\u00e2niei muzicale.<\/p>\n<p>\u00cen <em><i>Cvintetul cu pian, op.57<\/i><\/em>\u00a0de \u0218ostakovici vor putea fi asculta\u0163i Alexia D\u0103n\u0103cic\u0103 \u2013 pian,<\/p>\n<p>Angela Jumug\u0103 &#8211; vioara I, Claudia Vlad &#8211; vioara a II-a, Cristina Ionescu \u2013 viola \u015fi Daria Corni\u021bov \u2013 violoncel, iar \u00een <em><i>Sextetul \u201d<\/i><\/em><em><i>Souvenir de Florence<\/i><\/em><em><i>\u201d,<\/i><\/em>\u00a0op.70 de Ceaikovski vor evolua pe eleganta scen\u0103 de la Tinerimea Rom\u00e2n\u0103 Iulian B\u0103lu\u021bel \u0219i Anastasia Pasat \u2013 vioar\u0103, Adreea Boat\u0103 \u0219i Valeria R\u0103ducanu \u2013 viol\u0103, Daria Corni\u021bov \u0219i Adrian Istrate \u2013 violoncel.<\/p>\n<p>Dedicat\u0103 celor mai valoro\u0219i tineri muzicieni ai momentului \u0219i deschis\u0103 tuturor genurilor muzicale, stagiunea <strong><b>\u201cSeri camerale la Palatul Tinerimea Rom\u00e2n\u0103\u201d<\/b><\/strong>\u00a0\u00ee\u0219i propune s\u0103 consacre \u00een preferin\u021bele marelui public o scen\u0103 de concert plasat\u0103 \u00een zona istoric\u0103 a ora\u0219ului Bucure\u0219ti, beneficiind de o ambian\u021b\u0103 arhitectural\u0103 unic\u0103, o spectaculoas\u0103 evocare la scar\u0103 cameral\u0103 a celebrei Scala din Milano \u2013 <strong><b>Palatul Tinerimea Rom\u00e2n\u0103<\/b><\/strong>.<\/p>\n<p>Crea\u021bie a Virginiei\u00a0Andreescu-Haret, Palatul Tinerimea Rom\u00e2n\u0103 este realizarea primei femei arhitect din Rom\u00e2nia \u0219i a primei femei care a ajuns la gradul de arhitect inspector general din lume. Prin acest proiect, Centrul Na\u021bional de Art\u0103 \u201cTinerimea Rom\u00e2n\u0103\u201d \u00ee\u0219i propune s\u0103 contribuie la diversificarea vie\u021bii culturale bucure\u0219tene cu un spa\u021biu emblematic pentru apartenen\u021ba acesteia, dorind ca aceast\u0103 minunat\u0103 sal\u0103 s\u0103 devin\u0103 o prezen\u021b\u0103 constant\u0103 \u00een via\u0163a de spectacol a Capitalei.<\/p>\n<p>Accesul publicului se va face pe baz\u0103 de bilete, pe care le pute\u0163i achizi\u0163iona \u00een perioada 15-16 ianuarie \u00eentre orele 13-16, precum \u015fi \u00een ziua concertului, \u00eencep\u00e2nd cu ora 16, de la casa de bilete din Bd. Schitu M\u0103gureanu, nr. 4.<\/p>\n<p>Organizator: Centrul Na\u021bional de Art\u0103 Tinerimea Rom\u00e2n\u0103<\/p>\n<p>Parteneri media \u015fi culturali: Radio Rom\u00e2nia Cultural, Radio Rom\u00e2nia Muzical, mediaTRUST, Rom\u00e2niaTV, Liternet, Agen\u021bia de carte<\/p>\n<p><img fetchpriority=\"high\" decoding=\"async\" class=\"aligncenter size-full wp-image-4111\" src=\"https:\/\/tinerimearomana.ro\/despre\/wp-content\/uploads\/sites\/10\/2024\/01\/seri-camerale1.jpg\" alt=\"\" width=\"960\" height=\"651\" srcset=\"https:\/\/tinerimearomana.ro\/despre\/wp-content\/uploads\/sites\/10\/2024\/01\/seri-camerale1.jpg 960w, https:\/\/tinerimearomana.ro\/despre\/wp-content\/uploads\/sites\/10\/2024\/01\/seri-camerale1-300x203.jpg 300w, https:\/\/tinerimearomana.ro\/despre\/wp-content\/uploads\/sites\/10\/2024\/01\/seri-camerale1-768x521.jpg 768w, https:\/\/tinerimearomana.ro\/despre\/wp-content\/uploads\/sites\/10\/2024\/01\/seri-camerale1-200x136.jpg 200w\" sizes=\"(max-width: 960px) 100vw, 960px\" \/><\/p>\n","protected":false},"excerpt":{"rendered":"<p>Miercuri 17 ianuarie de la ora 19.00, \u00een ambian\u021ba unic\u0103 a s\u0103lii de concert a Palatului Tinerimea Rom\u00e2n\u0103\u00a0va avea loc primul recital al anului pentru noua stagiune muzicala bucure\u015ftean\u0103 intitulat\u0103 \u201cSeri camerale la Palatul Tinerimea Rom\u00e2n\u0103\u201d. Dou\u0103 capodopere ale muzicii de camer\u0103 ruse, \u0218ostakovici &#8211; Cvintetul cu pian, op.57\u00a0\u015fi Ceaikovski &#8211; Sextetul \u201dSouvenir de Florence\u201d,\u00a0op.70&#8230;<\/p>\n","protected":false},"author":1,"featured_media":4111,"comment_status":"closed","ping_status":"open","sticky":false,"template":"","format":"standard","meta":{"_kadence_starter_templates_imported_post":false,"_kad_post_transparent":"default","_kad_post_title":"default","_kad_post_layout":"default","_kad_post_sidebar_id":"","_kad_post_content_style":"default","_kad_post_vertical_padding":"default","_kad_post_feature":"","_kad_post_feature_position":"","_kad_post_header":false,"_kad_post_footer":false,"_kad_post_classname":"","footnotes":""},"categories":[3],"tags":[],"class_list":["post-4107","post","type-post","status-publish","format-standard","has-post-thumbnail","hentry","category-evenimente"],"_links":{"self":[{"href":"https:\/\/tinerimearomana.ro\/despre\/wp-json\/wp\/v2\/posts\/4107"}],"collection":[{"href":"https:\/\/tinerimearomana.ro\/despre\/wp-json\/wp\/v2\/posts"}],"about":[{"href":"https:\/\/tinerimearomana.ro\/despre\/wp-json\/wp\/v2\/types\/post"}],"author":[{"embeddable":true,"href":"https:\/\/tinerimearomana.ro\/despre\/wp-json\/wp\/v2\/users\/1"}],"replies":[{"embeddable":true,"href":"https:\/\/tinerimearomana.ro\/despre\/wp-json\/wp\/v2\/comments?post=4107"}],"version-history":[{"count":3,"href":"https:\/\/tinerimearomana.ro\/despre\/wp-json\/wp\/v2\/posts\/4107\/revisions"}],"predecessor-version":[{"id":4112,"href":"https:\/\/tinerimearomana.ro\/despre\/wp-json\/wp\/v2\/posts\/4107\/revisions\/4112"}],"wp:featuredmedia":[{"embeddable":true,"href":"https:\/\/tinerimearomana.ro\/despre\/wp-json\/wp\/v2\/media\/4111"}],"wp:attachment":[{"href":"https:\/\/tinerimearomana.ro\/despre\/wp-json\/wp\/v2\/media?parent=4107"}],"wp:term":[{"taxonomy":"category","embeddable":true,"href":"https:\/\/tinerimearomana.ro\/despre\/wp-json\/wp\/v2\/categories?post=4107"},{"taxonomy":"post_tag","embeddable":true,"href":"https:\/\/tinerimearomana.ro\/despre\/wp-json\/wp\/v2\/tags?post=4107"}],"curies":[{"name":"wp","href":"https:\/\/api.w.org\/{rel}","templated":true}]}}