{"id":3963,"date":"2023-12-04T23:08:12","date_gmt":"2023-12-04T21:08:12","guid":{"rendered":"https:\/\/tinerimearomana.ro\/despre\/?p=3963"},"modified":"2024-03-21T11:32:57","modified_gmt":"2024-03-21T09:32:57","slug":"seri-camerale-palatul-tinerimea-romana-pagini-celebre-din-creatia-lui-haydn-si-mendelsohn","status":"publish","type":"post","link":"https:\/\/tinerimearomana.ro\/despre\/ro\/seri-camerale-palatul-tinerimea-romana-pagini-celebre-din-creatia-lui-haydn-si-mendelsohn\/","title":{"rendered":"SERI CAMERALE PALATUL &#8220;TINERIMEA ROMANA&#8221; PAGINI CELEBRE DIN CREATIA LUI HAYDN SI MENDELSOHN"},"content":{"rendered":"<p><strong>Miercuri 13 decembrie de la ora 19.00<\/strong>, \u00een ambian\u021ba unic\u0103 a s\u0103lii de concert a <strong>Palatului Tinerimea Rom\u00e2n\u0103<\/strong>\u00a0va avea loc al doilea recital al noii stagiuni muzicale bucure\u015ftene intitulate <strong>\u201cSeri camerale la Palatul Tinerimea Rom\u00e2n\u0103\u201d<\/strong>.<\/p>\n<p>Un cvartet de coarde compus din Theodor Andreescu &#8211; vioara I, \u0218tefan Ro\u0219u &#8211; vioara a II-a, Tamara Dica \u2013 viola, Eduard Zecheru \u2013 violoncel va interpreta <em>Cvartet op. 64 nr. 5, \u201dCioc\u00e2rlia\u201d, \u00een re major<\/em>\u00a0de Haydn. In partea a doua a concertului, Octetul op.20, \u00een mi bemol major de Mendelssohn va fi interpretat \u00een formula Theodor Andreescu &#8211; vioara I, Andelina Acimovac\u00a0&#8211; vioara a II-a, \u0218tefan Horvath &#8211; vioara a III-a, Paul R\u0103ducanu &#8211; vioara a IV-a, Filip Forna &#8211; viola I, Teodora Boloca &#8211; viola a II-a, Somo David Kacso &#8211; violoncel I, David Szenkovics &#8211; violoncel II.<\/p>\n<p>Dedicat\u0103 celor mai valoro\u0219i tineri muzicieni ai momentului \u0219i deschis\u0103 tuturor genurilor muzicale stagiunea <strong>\u201cSeri camerale la Palatul Tinerimea Rom\u00e2n\u0103\u201d<\/strong>\u00a0\u00ee\u0219i propune s\u0103 consacre \u00een preferin\u021bele marelui public o scen\u0103 de concert plasat\u0103 \u00een zona istoric\u0103 a ora\u0219ului Bucure\u0219ti, beneficiind de o ambian\u021b\u0103 arhitectural\u0103 unic\u0103, o spectaculoas\u0103 evocare la scar\u0103 cameral\u0103 a celebrei Scala din Milano \u2013 <strong>Palatul Tinerimea Rom\u00e2n\u0103<\/strong>. Crea\u021bie a Virginiei\u00a0Andreescu-Haret, Palatul Tinerimea Rom\u00e2n\u0103 este realizarea primei femei arhitect din Rom\u00e2nia \u0219i a primei femei care a ajuns la gradul de arhitect inspector general din lume.<\/p>\n<p>Directorul general interimar al Centrului Na\u021bional de Art\u0103 \u201cTinerimea Rom\u00e2n\u0103\u201d, Dan Alexandru Petre, ini\u0163iatorul acestui proiect declara : \u201c<em><i>Aceast\u0103 serie de concerte este o oportunitate de a plasa muzica<\/i><\/em><em><i>\u00a0unor tineri excep\u021bionali\u00a0<\/i><\/em><em><i>\u00eentr-un cadru istoric, plasat \u00een inima Bucure\u0219tiului. Palatul Tinerimea Rom\u00e2n\u0103 este un loc \u00een care se \u00eent\u00e2lnesc tradi\u021bia \u0219i modernitatea, iar atmosfera sa unic\u0103 ofer\u0103 tinerilor muzicieni un cadru perfect pentru a-\u0219i exprima talentul \u0219i pentru a impresiona publicul.\u201d <\/i><\/em><\/p>\n<p>Prin acest proiect, Centrul Na\u021bional de Art\u0103 \u201cTinerimea Rom\u00e2n\u0103\u201d \u00ee\u0219i propune s\u0103 contribuie la diversificarea vie\u021bii culturale bucure\u0219tene cu un spa\u021biu emblematic pentru apartenen\u021ba acesteia, dorind ca aceast\u0103 minunat\u0103 sal\u0103 s\u0103 devin\u0103 o prezen\u021b\u0103 constant\u0103 \u00een via\u0163a de spectacol a Capitalei.<\/p>\n<p>Accesul publicului se va face pe baz\u0103 de rezerv\u0103ri la num\u0103rul de telefon 021315.8165, \u00een limita locurilor disponibile<\/p>\n<p>Organizator: Centrul Na\u021bional de Art\u0103 Tinerimea Rom\u00e2n\u0103<\/p>\n<p>Parteneri media \u015fi culturali: Radio Rom\u00e2nia Cultural, Radio Rom\u00e2nia Muzical, mediaTRUST, Rom\u00e2niaTV, Liternet, Agen\u021bia de carte<\/p>\n<p><img fetchpriority=\"high\" decoding=\"async\" class=\"aligncenter size-full wp-image-3964\" src=\"https:\/\/tinerimearomana.ro\/despre\/wp-content\/uploads\/sites\/10\/2023\/12\/seri-camerale-tinerime-13dec.jpg\" alt=\"\" width=\"980\" height=\"1385\" srcset=\"https:\/\/tinerimearomana.ro\/despre\/wp-content\/uploads\/sites\/10\/2023\/12\/seri-camerale-tinerime-13dec.jpg 980w, https:\/\/tinerimearomana.ro\/despre\/wp-content\/uploads\/sites\/10\/2023\/12\/seri-camerale-tinerime-13dec-212x300.jpg 212w, https:\/\/tinerimearomana.ro\/despre\/wp-content\/uploads\/sites\/10\/2023\/12\/seri-camerale-tinerime-13dec-725x1024.jpg 725w, https:\/\/tinerimearomana.ro\/despre\/wp-content\/uploads\/sites\/10\/2023\/12\/seri-camerale-tinerime-13dec-768x1085.jpg 768w, https:\/\/tinerimearomana.ro\/despre\/wp-content\/uploads\/sites\/10\/2023\/12\/seri-camerale-tinerime-13dec-200x283.jpg 200w\" sizes=\"(max-width: 980px) 100vw, 980px\" \/><\/p>\n","protected":false},"excerpt":{"rendered":"<p>Miercuri 13 decembrie de la ora 19.00, \u00een ambian\u021ba unic\u0103 a s\u0103lii de concert a Palatului Tinerimea Rom\u00e2n\u0103\u00a0va avea loc al doilea recital al noii stagiuni muzicale bucure\u015ftene intitulate \u201cSeri camerale la Palatul Tinerimea Rom\u00e2n\u0103\u201d. Un cvartet de coarde compus din Theodor Andreescu &#8211; vioara I, \u0218tefan Ro\u0219u &#8211; vioara a II-a, Tamara Dica \u2013&#8230;<\/p>\n","protected":false},"author":1,"featured_media":3964,"comment_status":"closed","ping_status":"open","sticky":false,"template":"","format":"standard","meta":{"_kadence_starter_templates_imported_post":false,"_kad_post_transparent":"default","_kad_post_title":"default","_kad_post_layout":"default","_kad_post_sidebar_id":"","_kad_post_content_style":"default","_kad_post_vertical_padding":"default","_kad_post_feature":"","_kad_post_feature_position":"","_kad_post_header":false,"_kad_post_footer":false,"_kad_post_classname":"","footnotes":""},"categories":[3],"tags":[],"class_list":["post-3963","post","type-post","status-publish","format-standard","has-post-thumbnail","hentry","category-evenimente"],"_links":{"self":[{"href":"https:\/\/tinerimearomana.ro\/despre\/wp-json\/wp\/v2\/posts\/3963"}],"collection":[{"href":"https:\/\/tinerimearomana.ro\/despre\/wp-json\/wp\/v2\/posts"}],"about":[{"href":"https:\/\/tinerimearomana.ro\/despre\/wp-json\/wp\/v2\/types\/post"}],"author":[{"embeddable":true,"href":"https:\/\/tinerimearomana.ro\/despre\/wp-json\/wp\/v2\/users\/1"}],"replies":[{"embeddable":true,"href":"https:\/\/tinerimearomana.ro\/despre\/wp-json\/wp\/v2\/comments?post=3963"}],"version-history":[{"count":1,"href":"https:\/\/tinerimearomana.ro\/despre\/wp-json\/wp\/v2\/posts\/3963\/revisions"}],"predecessor-version":[{"id":3965,"href":"https:\/\/tinerimearomana.ro\/despre\/wp-json\/wp\/v2\/posts\/3963\/revisions\/3965"}],"wp:featuredmedia":[{"embeddable":true,"href":"https:\/\/tinerimearomana.ro\/despre\/wp-json\/wp\/v2\/media\/3964"}],"wp:attachment":[{"href":"https:\/\/tinerimearomana.ro\/despre\/wp-json\/wp\/v2\/media?parent=3963"}],"wp:term":[{"taxonomy":"category","embeddable":true,"href":"https:\/\/tinerimearomana.ro\/despre\/wp-json\/wp\/v2\/categories?post=3963"},{"taxonomy":"post_tag","embeddable":true,"href":"https:\/\/tinerimearomana.ro\/despre\/wp-json\/wp\/v2\/tags?post=3963"}],"curies":[{"name":"wp","href":"https:\/\/api.w.org\/{rel}","templated":true}]}}