{"id":3953,"date":"2023-11-21T16:53:52","date_gmt":"2023-11-21T14:53:52","guid":{"rendered":"https:\/\/tinerimearomana.ro\/despre\/?p=3953"},"modified":"2023-11-22T22:21:02","modified_gmt":"2023-11-22T20:21:02","slug":"ziua-nationala-a-romaniei-concerte-extraordinare-sustinute-de-ansamblul-violoncellissimo-la-madrid-si-barcelona","status":"publish","type":"post","link":"https:\/\/tinerimearomana.ro\/despre\/ro\/ziua-nationala-a-romaniei-concerte-extraordinare-sustinute-de-ansamblul-violoncellissimo-la-madrid-si-barcelona\/","title":{"rendered":"ZIUA NATIONALA A ROMANIEI! CONCERTE EXTRAORDINARE SUSTINUTE DE ANSAMBLUL VIOLONCELLISSIMO LA MADRID SI BARCELONA"},"content":{"rendered":"<p>Ansamblul Violoncellissimo condus de Marin Cazacu va sus\u0163ine dou\u0103 concerte extraordinare cu ocazia s\u0103rb\u0103toririi Zilei Na\u0163ionale a Rom\u00e2niei la Madrid \u015fi Barcelona. Pe <strong>28 noiembrie 2023<\/strong>, concertul va avea loc la <strong>Madrid, la Teatro Fernando de Rojas &#8211; Circulo de Bellas Artes<\/strong>, la ora 19.30, iar pe <strong>29 noiembrie<\/strong>, publicul este a\u015fteptat la <strong>Barcelona, la Auditorium &#8211; Funda\u0107io Joan Mir\u00f3<\/strong>, de la ora 19.30.<\/p>\n<p><strong>\u00a0<\/strong><strong>Violoncellissimo<\/strong>\u00a0este ansamblul alc\u0103tuit din cei mai buni tineri violonceli\u0219ti din \u021bar\u0103, unul dintre cele mai cunoscute ansambluri camerale rom\u00e2ne\u0219ti din ultimii 20 de ani \u0219i s-a format la ini\u021biativa renumitului violoncelist Marin Cazacu, care, al\u0103turi de actuali \u0219i fo\u0219ti studen\u021bi ai s\u0103i, a deschis, astfel, un nou drum \u00een promovarea muzicii \u0219i tinerilor talenta\u021bi din Rom\u00e2nia.<\/p>\n<p>\u00cenaintea acestui turneu, Marin Cazacu declara : \u201c<em><i>S\u0103rb\u0103torim \u00eempreun\u0103 Ziua Na\u021bional\u0103 a Rom\u00e2niei \u00een Spania. Suntem m\u00e2ndri s\u0103 ducem acel strop de Rom\u00e2nie \u00een fa\u0163a publicului din Madrid \u0219i Barcelona. Ansamblul Violoncellissimo este de mult timp un autentic ambasador cultural al \u0163\u0103rii, iar cu aceast\u0103 nou\u0103 ocazie invit\u0103m publicul s\u0103 se al\u0103ture acestei c\u0103l\u0103torii sonore inedite prin care \u00eencerc\u0103m s\u0103 reprezent\u0103m c\u00e2t mai conving\u0103tor Rom\u00e2nia.\u00a0<\/i><\/em>(violoncelistul Marin Cazacu)\u201d<\/p>\n<p><strong>Violoncelistul Marin Cazacu<\/strong>\u00a0este directorul general al Filarmonicii \u201eGeorge Enescu\u201d, profesor la Universitatea Na\u021bional\u0103 de Muzic\u0103 din Bucure\u0219ti, iar \u00een 1998 a fondat cvartetul Cellissimo, prezent pe scenele portugheze \u00een 2013, la CCB (Lisabona) \u0219i Casa da M\u00fasica (Porto). Maestrul Marin Cazacu a c\u00e2ntat al\u0103turi de Ghennadi Rojdestvenski, Sergiu Comissiona, Horia Andreescu, Antoni Ros Marba, Vladimir Orlov, Radu Aldulescu, Jeremy Menuhin \u0219i al\u021bii. De asemenea, a avut multiple apari\u021bii la festivaluri interna\u021bionale precum cele de la Berlin, Hong- Kong, Macao, M\u00fcnchen, Milano, Osaka, Seoul, Tokio.<\/p>\n<p>\u00cen programul concertelor se vor reg\u0103si at\u00e2t lucr\u0103ri rom\u00e2ne\u015fti precum Constantin Dimitrescu \u2013 Dans \u0163\u0103r\u0103nesc, Radu Sinaci &#8211; Suita folcloric\u0103 rom\u00e2neasc\u0103 sau Cornelia T\u0103utu \u2013 Al Fine, c\u00e2t \u015fi compozi\u021bii de Astor Piazzolla sau Pablo Casals, dar \u015fi reinterpret\u0103ri ale unor piese celebre precum The Final Countdown sau Bohemian Rhapsody.<\/p>\n<p><strong><b>Violoncellissimo 2023 \u00een concert 1<\/b><\/strong><\/p>\n<p><a href=\"https:\/\/youtu.be\/Q_MVYuUreSM\"><u>https:\/\/youtu.be\/Q_MVYuUreSM<\/u><\/a><\/p>\n<p><strong><b>\u00a0<\/b><\/strong><strong><b>Violoncellissimo 2023 \u00een concert 2<\/b><\/strong><\/p>\n<p><a href=\"https:\/\/youtu.be\/I5eg8ETCv9Y\"><u>https:\/\/youtu.be\/I5eg8ETCv9Y<\/u><\/a><\/p>\n<p><strong>28 noiembrie, ora 19.30 \u2013 Madrid, <\/strong><strong>Teatro Fernando de Rojas &#8211; Circulo de Bellas Artes<\/strong><\/p>\n<p><strong>29 noiembrie, ora 19.30 \u2013 Barcelona, <\/strong><strong>Auditorium &#8211; Funda\u0107io Joan Mir\u00f3<\/strong><\/p>\n<p><strong>PROGRAM:<\/strong><\/p>\n<p>Johann Schrammel \u2013 Mar\u015f<\/p>\n<p>Pablo Casals \u2013 Sant Marti del Canigo<\/p>\n<p>Constantin Dimitrescu \u2013 Dans \u0163\u0103r\u0103nesc<\/p>\n<p>Cornelia T\u0103utu \u2013 Al Fine<\/p>\n<p>Radu Sinaci \u2013Suita folcloric\u0103 rom\u00e2neasc\u0103<\/p>\n<p>Astor Piazzolla ( arr. Marin Cazacu) \u2013 <em>Oblivion \u0219i Libertango \u00a0\u00a0<\/em><\/p>\n<p>Radu Sinaci \u2013 Tribute to Mozart<\/p>\n<p>Ramin Djawadi ( arr. Dan Variu) \u2013 <em>Games of Thrones \u00a0<\/em><\/p>\n<p>Freddy Mercury ( arr. Ionut Teodorescu si Andrei Tudor) &#8211;<em>\u00a0Bohemian Rhapsody \u00a0<\/em><\/p>\n<p>Michael Jackson \u2013 Smooth Criminal<\/p>\n<p>Camille Saint Saens \/ Radu Sinaci \u2013 <em>Bacchanale <\/em><\/p>\n<p>Mozart\/Say\/Radu Sinaci \u2013 Alla Turca Jazz Rock<\/p>\n<p>Vangelis \u2013 Conquest of Paradise<\/p>\n<p><em>The Final Countdown<\/em>\u00a0( arr. Sabin P\u0103utza)<\/p>\n<p><strong>Organizatori : <\/strong>Centrul Na\u0163ional de Art\u0103 Tinerimea Rom\u00e2n\u0103, Ambasada Rom\u00e2niei \u00een Regatul Spaniei, Consulatul General al Rom\u00e2niei la Barcelona, Institutul Cultural Rom\u00e2n Madrid.<\/p>\n<p><strong>Cu sprijinul<\/strong>\u00a0: Transelectrica<\/p>\n<p><strong>Parteneri media<\/strong>: Parteneri media \u015fi culturali: Radio Rom\u00e2nia Cultural, Radio Rom\u00e2nia Muzical, mediaTRUST, Rom\u00e2niaTV, Liternet, Agen\u021bia de carte<\/p>\n<p><img fetchpriority=\"high\" decoding=\"async\" class=\"aligncenter wp-image-3957 size-full\" src=\"https:\/\/tinerimearomana.ro\/despre\/wp-content\/uploads\/sites\/10\/2023\/11\/VIOLONCELLISSIMO_ZIUA-NATIONALA-2023.jpg\" alt=\"\" width=\"980\" height=\"551\" srcset=\"https:\/\/tinerimearomana.ro\/despre\/wp-content\/uploads\/sites\/10\/2023\/11\/VIOLONCELLISSIMO_ZIUA-NATIONALA-2023.jpg 980w, https:\/\/tinerimearomana.ro\/despre\/wp-content\/uploads\/sites\/10\/2023\/11\/VIOLONCELLISSIMO_ZIUA-NATIONALA-2023-300x169.jpg 300w, https:\/\/tinerimearomana.ro\/despre\/wp-content\/uploads\/sites\/10\/2023\/11\/VIOLONCELLISSIMO_ZIUA-NATIONALA-2023-768x432.jpg 768w, https:\/\/tinerimearomana.ro\/despre\/wp-content\/uploads\/sites\/10\/2023\/11\/VIOLONCELLISSIMO_ZIUA-NATIONALA-2023-200x112.jpg 200w\" sizes=\"(max-width: 980px) 100vw, 980px\" \/><\/p>\n","protected":false},"excerpt":{"rendered":"<p>Ansamblul Violoncellissimo condus de Marin Cazacu va sus\u0163ine dou\u0103 concerte extraordinare cu ocazia s\u0103rb\u0103toririi Zilei Na\u0163ionale a Rom\u00e2niei la Madrid \u015fi Barcelona. Pe 28 noiembrie 2023, concertul va avea loc la Madrid, la Teatro Fernando de Rojas &#8211; Circulo de Bellas Artes, la ora 19.30, iar pe 29 noiembrie, publicul este a\u015fteptat la Barcelona, la&#8230;<\/p>\n","protected":false},"author":1,"featured_media":3957,"comment_status":"closed","ping_status":"open","sticky":false,"template":"","format":"standard","meta":{"_kadence_starter_templates_imported_post":false,"_kad_post_transparent":"default","_kad_post_title":"default","_kad_post_layout":"default","_kad_post_sidebar_id":"","_kad_post_content_style":"default","_kad_post_vertical_padding":"default","_kad_post_feature":"","_kad_post_feature_position":"","_kad_post_header":false,"_kad_post_footer":false,"_kad_post_classname":"","footnotes":""},"categories":[3],"tags":[],"class_list":["post-3953","post","type-post","status-publish","format-standard","has-post-thumbnail","hentry","category-evenimente"],"_links":{"self":[{"href":"https:\/\/tinerimearomana.ro\/despre\/wp-json\/wp\/v2\/posts\/3953"}],"collection":[{"href":"https:\/\/tinerimearomana.ro\/despre\/wp-json\/wp\/v2\/posts"}],"about":[{"href":"https:\/\/tinerimearomana.ro\/despre\/wp-json\/wp\/v2\/types\/post"}],"author":[{"embeddable":true,"href":"https:\/\/tinerimearomana.ro\/despre\/wp-json\/wp\/v2\/users\/1"}],"replies":[{"embeddable":true,"href":"https:\/\/tinerimearomana.ro\/despre\/wp-json\/wp\/v2\/comments?post=3953"}],"version-history":[{"count":3,"href":"https:\/\/tinerimearomana.ro\/despre\/wp-json\/wp\/v2\/posts\/3953\/revisions"}],"predecessor-version":[{"id":3958,"href":"https:\/\/tinerimearomana.ro\/despre\/wp-json\/wp\/v2\/posts\/3953\/revisions\/3958"}],"wp:featuredmedia":[{"embeddable":true,"href":"https:\/\/tinerimearomana.ro\/despre\/wp-json\/wp\/v2\/media\/3957"}],"wp:attachment":[{"href":"https:\/\/tinerimearomana.ro\/despre\/wp-json\/wp\/v2\/media?parent=3953"}],"wp:term":[{"taxonomy":"category","embeddable":true,"href":"https:\/\/tinerimearomana.ro\/despre\/wp-json\/wp\/v2\/categories?post=3953"},{"taxonomy":"post_tag","embeddable":true,"href":"https:\/\/tinerimearomana.ro\/despre\/wp-json\/wp\/v2\/tags?post=3953"}],"curies":[{"name":"wp","href":"https:\/\/api.w.org\/{rel}","templated":true}]}}