{"id":3948,"date":"2023-11-15T10:13:07","date_gmt":"2023-11-15T08:13:07","guid":{"rendered":"https:\/\/tinerimearomana.ro\/despre\/?p=3948"},"modified":"2024-03-21T11:31:24","modified_gmt":"2024-03-21T09:31:24","slug":"seri-camerale-la-palatul-tinerimea-romana-capodopere-din-creatia-lui-mozart-si-brahms","status":"publish","type":"post","link":"https:\/\/tinerimearomana.ro\/despre\/ro\/seri-camerale-la-palatul-tinerimea-romana-capodopere-din-creatia-lui-mozart-si-brahms\/","title":{"rendered":"SERI CAMERALE LA PALATUL &#8220;TINERIMEA ROMANA&#8221; CAPODOPERE DIN CREATIA LUI MOZART SI BRAHMS"},"content":{"rendered":"<p>Continuare fireasc\u0103 a concertului &#8211; pilot care a avut loc pe data de 21 iunie, seria de concerte \u0219i recitaluri <strong>&#8220;Seri camerale la Palatul &#8220;Tinerimea Rom\u00e2n\u0103&#8221;<\/strong> deschide \u00een seara de <strong>22 noiembrie de la ora 19.00<\/strong> \u0219irul prezen\u021belor celor mai valoro\u0219i tineri muzicieni rom\u00e2ni la momentul actual.<\/p>\n<p>Desf\u0103\u0219urat \u00een parteneriat cu Universitatea Na\u021bional\u0103 de Muzic\u0103 din Bucure\u0219ti acest proiect al Centrului Na\u021bional de Art\u0103 &#8220;Tinerimea Rom\u00e2n\u0103&#8221; va contribui \u0219i mai mult la afirmarea acestui minunat spa\u021biu cultural \u0219i arhitectural \u00een peisajul cultural al Bucure\u0219tiului.<br \/>\nTineri muzicieni pe deplin angaja\u021bi pe drumul deloc u\u0219or care duce c\u0103tre cel mai \u00eenalt nivel al m\u0103iestriei artei interpretative, vor aduce \u00een fa\u021ba publicului adev\u0103rate bijuterii muzicale, lucr\u0103ri nu de pu\u021bine ori mai rar interpretate pe scenele noastre.<\/p>\n<p>A\u0219adar o prim\u0103 invita\u021bie la energia tinere\u021bii, str\u0103lucirea virtuozit\u0103\u021bii, dar \u0219i a rafinamentului stilistic care vor crea versiuni cu siguran\u021b\u0103 memorabile a unor capodopere ale genului cameral.<\/p>\n<p>Urm\u0103torul concert din aceast\u0103 serie, va avea loc \u00een seara zilei de 13 decembrie.<\/p>\n<p>Accesul publicului se va face pe baz\u0103 de rezerv\u0103ri, la num\u0103rul de telefon 021.315.81.65, \u00een limita locurilor disponibile.<\/p>\n<p><img fetchpriority=\"high\" decoding=\"async\" class=\"aligncenter wp-image-3951 size-full\" src=\"https:\/\/tinerimearomana.ro\/despre\/wp-content\/uploads\/sites\/10\/2023\/11\/Seri-camerale_22noiembrie-1.jpg\" alt=\"\" width=\"900\" height=\"1274\" srcset=\"https:\/\/tinerimearomana.ro\/despre\/wp-content\/uploads\/sites\/10\/2023\/11\/Seri-camerale_22noiembrie-1.jpg 900w, https:\/\/tinerimearomana.ro\/despre\/wp-content\/uploads\/sites\/10\/2023\/11\/Seri-camerale_22noiembrie-1-212x300.jpg 212w, https:\/\/tinerimearomana.ro\/despre\/wp-content\/uploads\/sites\/10\/2023\/11\/Seri-camerale_22noiembrie-1-723x1024.jpg 723w, https:\/\/tinerimearomana.ro\/despre\/wp-content\/uploads\/sites\/10\/2023\/11\/Seri-camerale_22noiembrie-1-768x1087.jpg 768w, https:\/\/tinerimearomana.ro\/despre\/wp-content\/uploads\/sites\/10\/2023\/11\/Seri-camerale_22noiembrie-1-200x283.jpg 200w\" sizes=\"(max-width: 900px) 100vw, 900px\" \/><\/p>\n","protected":false},"excerpt":{"rendered":"<p>Continuare fireasc\u0103 a concertului &#8211; pilot care a avut loc pe data de 21 iunie, seria de concerte \u0219i recitaluri &#8220;Seri camerale la Palatul &#8220;Tinerimea Rom\u00e2n\u0103&#8221; deschide \u00een seara de 22 noiembrie de la ora 19.00 \u0219irul prezen\u021belor celor mai valoro\u0219i tineri muzicieni rom\u00e2ni la momentul actual. Desf\u0103\u0219urat \u00een parteneriat cu Universitatea Na\u021bional\u0103 de Muzic\u0103&#8230;<\/p>\n","protected":false},"author":1,"featured_media":3951,"comment_status":"closed","ping_status":"open","sticky":false,"template":"","format":"standard","meta":{"_kadence_starter_templates_imported_post":false,"_kad_post_transparent":"default","_kad_post_title":"default","_kad_post_layout":"default","_kad_post_sidebar_id":"","_kad_post_content_style":"default","_kad_post_vertical_padding":"default","_kad_post_feature":"","_kad_post_feature_position":"","_kad_post_header":false,"_kad_post_footer":false,"_kad_post_classname":"","footnotes":""},"categories":[3],"tags":[],"class_list":["post-3948","post","type-post","status-publish","format-standard","has-post-thumbnail","hentry","category-evenimente"],"_links":{"self":[{"href":"https:\/\/tinerimearomana.ro\/despre\/wp-json\/wp\/v2\/posts\/3948"}],"collection":[{"href":"https:\/\/tinerimearomana.ro\/despre\/wp-json\/wp\/v2\/posts"}],"about":[{"href":"https:\/\/tinerimearomana.ro\/despre\/wp-json\/wp\/v2\/types\/post"}],"author":[{"embeddable":true,"href":"https:\/\/tinerimearomana.ro\/despre\/wp-json\/wp\/v2\/users\/1"}],"replies":[{"embeddable":true,"href":"https:\/\/tinerimearomana.ro\/despre\/wp-json\/wp\/v2\/comments?post=3948"}],"version-history":[{"count":2,"href":"https:\/\/tinerimearomana.ro\/despre\/wp-json\/wp\/v2\/posts\/3948\/revisions"}],"predecessor-version":[{"id":3952,"href":"https:\/\/tinerimearomana.ro\/despre\/wp-json\/wp\/v2\/posts\/3948\/revisions\/3952"}],"wp:featuredmedia":[{"embeddable":true,"href":"https:\/\/tinerimearomana.ro\/despre\/wp-json\/wp\/v2\/media\/3951"}],"wp:attachment":[{"href":"https:\/\/tinerimearomana.ro\/despre\/wp-json\/wp\/v2\/media?parent=3948"}],"wp:term":[{"taxonomy":"category","embeddable":true,"href":"https:\/\/tinerimearomana.ro\/despre\/wp-json\/wp\/v2\/categories?post=3948"},{"taxonomy":"post_tag","embeddable":true,"href":"https:\/\/tinerimearomana.ro\/despre\/wp-json\/wp\/v2\/tags?post=3948"}],"curies":[{"name":"wp","href":"https:\/\/api.w.org\/{rel}","templated":true}]}}