{"id":3942,"date":"2023-10-11T18:54:58","date_gmt":"2023-10-11T16:54:58","guid":{"rendered":"https:\/\/tinerimearomana.ro\/despre\/?p=3942"},"modified":"2023-10-11T18:55:58","modified_gmt":"2023-10-11T16:55:58","slug":"ansamblul-violoncellissimo-concert-extraordinar-la-sala-cu-orga-din-chisinau","status":"publish","type":"post","link":"https:\/\/tinerimearomana.ro\/despre\/ro\/ansamblul-violoncellissimo-concert-extraordinar-la-sala-cu-orga-din-chisinau\/","title":{"rendered":"ANSAMBLUL VIOLONCELLISSIMO, CONCERT EXTRAORDINAR LA &#8220;SALA CU ORGA&#8221; DIN CHISINAU"},"content":{"rendered":"<p>Violoncellissimo \u00eenchide Programul Aniversar \u201dCiprian Porumbescu\u201d la Chi\u0219in\u0103u\u00a0cu un concert extraordinar la Sala cu Org\u0103<\/p>\n<p>Unul dintre cele mai vestite ansambluri camerale rom\u00e2ne\u0219ti din ultimii 30 de ani, format la ini\u021biativa renumitului violoncelist Marin Cazacu, Violoncellissimo revine \u00een fa\u021ba publicului din Republica Moldova s\u00e2mb\u0103t\u0103, 14 octombrie 2023, cu sus\u021binerea Departamentului pentru Rela\u021bia cu Republica Moldova (DRRM) din cadrul Guvernului Rom\u00e2niei.<\/p>\n<p>Ca o \u00eencununare a Programului Aniversar \u201dCiprian Porumbescu\u201d, ini\u021biat \u0219i derulat de DRRM \u00een Republica Moldova \u00een perioada mai-octombrie 2023, sub \u00cenaltul Patronaj al Pre\u0219edintelui Rom\u00e2niei, E.S. Klaus Werner Iohannis, ansamblul Violoncellissimo va prezenta \u00een prim\u0103 audi\u021bie peste Prut lucrarea Omagiu lui Ciprian Porumbescu, un aranjament special, pe teme celebre din crea\u021bia lui Porumbescu reg\u0103site \u00een piesele Dorul \u0219i Balada, Opereta Crai Nou \u0219i alte miniaturi instrumentale.<\/p>\n<p>Concertul va avea loc cu ocazia celebr\u0103rii a 170 de ani de la na\u0219tere \u0219i 140 de ani de la moartea compozitorului rom\u00e2n Ciprian Porumbescu. \u00cen programul de la Chi\u0219in\u0103u vor mai figura lucr\u0103ri din crea\u021bia compozitorilor rom\u00e2ni Constantin Dimitrescu \u0219i Radu Sinaci, precum \u0219i lucr\u0103ri din repertoriul universal.<\/p>\n<p>\u201dEste o bucurie de fiecare dat\u0103 s\u0103 c\u00e2nt, al\u0103turi de colegii mei, \u00een aceast\u0103 \u021bar\u0103 cu mare \u00eensemn\u0103tate pentru mine. De aici s-a tras seva muzicii pentru mine prin maestrul Serafim Antropov, n\u0103scut \u0219i devenit un virtuoz al violoncelului la Chi\u0219in\u0103u. Maestrul Antropov mi-a fost profesor, tat\u0103 \u0219i cel mai bun prieten, \u00eei aduc recuno\u0219tin\u021b\u0103 la el acas\u0103\u201d, m\u0103rturise\u0219te maestrul Marin Cazacu, violoncelist, profesor Universitatea Na\u0163ional\u0103 de Muzic\u0103 din Bucure\u015fti \u0219i manager al Filarmonicii \u201dGeorge Enescu\u201d din Bucure\u0219ti.<\/p>\n<p>Centrul Na\u021bional de Art\u0103 \u201dTinerimea Rom\u00e2n\u0103\u201d, care reprezint\u0103 ansamblul Violoncellissimo, va realiza evenimentul, cu finan\u021barea DRRM, \u00een parteneriat cu Ministerul Culturii din Republica Moldova, intrarea publicului fiind liber\u0103, \u00een limita locurilor disponibile.<\/p>\n<p>\u00cen ultimii ani, ansamblul Violoncellissimo a sus\u021binut concerte \u00een Italia, SUA, Belgia, Spania, Portugalia, China, Macao, Germania, Austria, Fran\u021ba, Turcia, Moldova, Bulgaria \u0219i \u00een toat\u0103 Rom\u00e2nia, m\u0103rturii sonore de excep\u021bie ce se vor p\u0103stra mult timp \u00een memoria ascult\u0103torilor.<\/p>\n<p><img fetchpriority=\"high\" decoding=\"async\" class=\"aligncenter size-full wp-image-3943\" src=\"https:\/\/tinerimearomana.ro\/despre\/wp-content\/uploads\/sites\/10\/2023\/10\/violoncellissimo-chisinau.jpg\" alt=\"\" width=\"900\" height=\"900\" srcset=\"https:\/\/tinerimearomana.ro\/despre\/wp-content\/uploads\/sites\/10\/2023\/10\/violoncellissimo-chisinau.jpg 900w, https:\/\/tinerimearomana.ro\/despre\/wp-content\/uploads\/sites\/10\/2023\/10\/violoncellissimo-chisinau-300x300.jpg 300w, https:\/\/tinerimearomana.ro\/despre\/wp-content\/uploads\/sites\/10\/2023\/10\/violoncellissimo-chisinau-150x150.jpg 150w, https:\/\/tinerimearomana.ro\/despre\/wp-content\/uploads\/sites\/10\/2023\/10\/violoncellissimo-chisinau-768x768.jpg 768w, https:\/\/tinerimearomana.ro\/despre\/wp-content\/uploads\/sites\/10\/2023\/10\/violoncellissimo-chisinau-200x200.jpg 200w\" sizes=\"(max-width: 900px) 100vw, 900px\" \/><\/p>\n","protected":false},"excerpt":{"rendered":"<p>Violoncellissimo \u00eenchide Programul Aniversar \u201dCiprian Porumbescu\u201d la Chi\u0219in\u0103u\u00a0cu un concert extraordinar la Sala cu Org\u0103 Unul dintre cele mai vestite ansambluri camerale rom\u00e2ne\u0219ti din ultimii 30 de ani, format la ini\u021biativa renumitului violoncelist Marin Cazacu, Violoncellissimo revine \u00een fa\u021ba publicului din Republica Moldova s\u00e2mb\u0103t\u0103, 14 octombrie 2023, cu sus\u021binerea Departamentului pentru Rela\u021bia cu Republica Moldova&#8230;<\/p>\n","protected":false},"author":1,"featured_media":3943,"comment_status":"closed","ping_status":"open","sticky":false,"template":"","format":"standard","meta":{"_kadence_starter_templates_imported_post":false,"_kad_post_transparent":"default","_kad_post_title":"default","_kad_post_layout":"default","_kad_post_sidebar_id":"","_kad_post_content_style":"default","_kad_post_vertical_padding":"default","_kad_post_feature":"","_kad_post_feature_position":"","_kad_post_header":false,"_kad_post_footer":false,"_kad_post_classname":"","footnotes":""},"categories":[3],"tags":[],"class_list":["post-3942","post","type-post","status-publish","format-standard","has-post-thumbnail","hentry","category-evenimente"],"_links":{"self":[{"href":"https:\/\/tinerimearomana.ro\/despre\/wp-json\/wp\/v2\/posts\/3942"}],"collection":[{"href":"https:\/\/tinerimearomana.ro\/despre\/wp-json\/wp\/v2\/posts"}],"about":[{"href":"https:\/\/tinerimearomana.ro\/despre\/wp-json\/wp\/v2\/types\/post"}],"author":[{"embeddable":true,"href":"https:\/\/tinerimearomana.ro\/despre\/wp-json\/wp\/v2\/users\/1"}],"replies":[{"embeddable":true,"href":"https:\/\/tinerimearomana.ro\/despre\/wp-json\/wp\/v2\/comments?post=3942"}],"version-history":[{"count":1,"href":"https:\/\/tinerimearomana.ro\/despre\/wp-json\/wp\/v2\/posts\/3942\/revisions"}],"predecessor-version":[{"id":3944,"href":"https:\/\/tinerimearomana.ro\/despre\/wp-json\/wp\/v2\/posts\/3942\/revisions\/3944"}],"wp:featuredmedia":[{"embeddable":true,"href":"https:\/\/tinerimearomana.ro\/despre\/wp-json\/wp\/v2\/media\/3943"}],"wp:attachment":[{"href":"https:\/\/tinerimearomana.ro\/despre\/wp-json\/wp\/v2\/media?parent=3942"}],"wp:term":[{"taxonomy":"category","embeddable":true,"href":"https:\/\/tinerimearomana.ro\/despre\/wp-json\/wp\/v2\/categories?post=3942"},{"taxonomy":"post_tag","embeddable":true,"href":"https:\/\/tinerimearomana.ro\/despre\/wp-json\/wp\/v2\/tags?post=3942"}],"curies":[{"name":"wp","href":"https:\/\/api.w.org\/{rel}","templated":true}]}}