{"id":3929,"date":"2023-09-01T06:39:06","date_gmt":"2023-09-01T04:39:06","guid":{"rendered":"https:\/\/tinerimearomana.ro\/despre\/?p=3929"},"modified":"2023-09-01T06:51:41","modified_gmt":"2023-09-01T04:51:41","slug":"orchestra-romana-de-tineret-pentru-a-saptea-oara-prezenta-la-festivalul-george-enescu","status":"publish","type":"post","link":"https:\/\/tinerimearomana.ro\/despre\/ro\/orchestra-romana-de-tineret-pentru-a-saptea-oara-prezenta-la-festivalul-george-enescu\/","title":{"rendered":"ORCHESTRA ROMANA DE TINERET, PENTRU A \u0218APTEA OAR\u0102 PREZENTA LA FESTIVALUL &#8220;GEORGE ENESCU&#8217;"},"content":{"rendered":"<p><strong><b>Orchestra Rom\u00e2n\u0103 de Tineret \u00een ciclul \u201cMari Orchestre ale Lumii\u201d, pe 3 septembrie <\/b><\/strong><\/p>\n<p><strong><b>Orchestra Rom<\/b><\/strong><strong><b>\u00e2n\u0103 de Tineret<\/b><\/strong>\u00a0va c\u00e2nta pe <strong><b>3 septembrie<\/b><\/strong>, de la ora 19.30 la <strong><b>Sala Palatului<\/b><\/strong>\u00a0din <strong><b>Bucure\u015fti<\/b><\/strong>, \u00een ciclul \u201cMari Orchestre ale Lumii\u201d a <strong><b>Festivalului Interna\u0163ional \u201cGeorge Enescu\u201d<\/b><\/strong>\u00a0fiind dirijat\u0103 de dirijorul <strong><b>Stefan Asbury<\/b><\/strong>, solist <strong><b>Jan Lisiecki<\/b><\/strong>. Programul va cuprinde <em><i>Cercar la nota<\/i><\/em>\u00a0de Cornel \u0162\u0103ranu, <em><i>Concertul pentru pian \u00een la minor<\/i><\/em>\u00a0op. 16 de Grieg \u015fi <em><i>Simfonia nr. 5 \u00een re minor<\/i><\/em>\u00a0op. 47 de \u015eostakovici. Este a \u015faptea oar\u0103 de la \u00eenfiin\u0163area sa acum 15 ani c\u00e2nd Orchestra Rom\u00e2n\u0103 de Tineret are aceast\u0103 oportunitate.<\/p>\n<p>Programul va fi prezentat \u00een avanpremier\u0103 la <strong><b>Sinaia<\/b><\/strong>, unde va marca pe <strong><b>31 august, ora 19<\/b><\/strong>\u00a0la <strong><b>Sala Casino<\/b><\/strong>\u00a0\u00eenchiderea <strong><b>Festivalului \u201cEnescu \u015fi muzica lumii\u201d, edi\u0163ia a 24-a<\/b><\/strong>. Distribu\u021bia concertului din <strong><b>31 august <\/b><\/strong>este <strong><b>Cristian Sandu<\/b><\/strong>, solist\u0103 <strong><b>Adela Liculescu<\/b><\/strong>\u00a0\u2013 pian, cu acela\u0219i program Cornel \u021a\u0103ranu, Grieg, \u0218ostakovici. Loc deja de \u00eent\u00e2lnire plin\u0103 de emo\u021bie a unui public fidel, la care \u00een fiecare an se adaug\u0103 noi melomani, mai ales din genera\u021bia t\u00e2n\u0103r\u0103, Festivalul Interna\u021bional \u201cEnescu \u0219i muzica lumii\u201d are ca organizatori principali Centrul Na\u021bional de Art\u0103 \u201cTinerimea Rom\u00e2n\u0103\u201d \u0219i Prim\u0103ria Ora\u0219ului Sinaia \u0219i este, iat\u0103, de aproape un sfert de secol, una dintre cele mai importante \u0219i bine expuse rampe de lansare a celor mai valoro\u0219i tineri muzicieni ai Rom\u00e2niei, finalul fiind marcat de aceast\u0103 data de Orchestra Rom\u00e2n\u0103 de Tineret.<\/p>\n<p>Marin Cazacu, fondatorul Orchestrei Rom\u00e2ne de Tineret: <em>&#8220;Noi \u00een 2011 am c\u00e2ntat pentru prima dat\u0103 cu Orchestra Rom\u00e2n\u0103 de Tineret la Festivalul \u201eGeorge Enescu\u201d din Bucure\u0219ti, invita\u021bi \u00eentr-un ciclu \u00een care includerea noastr\u0103 mi se pare \u0219i ast\u0103zi uluitoare pentru o orchestr\u0103 de tineret : ciclul\u00a0<\/em><em><i>Mari Orchestre ale Lumii<\/i><\/em><em>. Curajul pe care l-a avut, recunosc, la vremea respectiv\u0103 Mihai Constantinescu (era \u0219i Ioan Holender director artistic atunci), de a include o orchestr\u0103 de tineret \u00eentr-un ciclu at\u00e2t de prestigios a fost un impuls deosebit pentru noi. Iar orchestra a c\u00e2ntat admirabil&#8221;<\/em><\/p>\n<p><strong><b>Orchestra Rom<\/b><\/strong><strong><b>\u00e2n\u0103 de Tineret<\/b><\/strong>\u00a0s-a format \u00een anul 2008 la ini\u021biativa violoncelistului Marin Cazacu \u0219i este primul \u0219i cel mai cunoscut ansamblu simfonic al Orchestrelor Na\u021bionale de Tineret ale Rom\u00e2niei. Acest proiect reune\u0219te cei mai buni tineri muzicieni din Rom\u00e2nia pentru o experien\u021b\u0103 artistic\u0103 unic\u0103 care are ca scop atingerea unui \u00eenalt nivel de performan\u021b\u0103, ca instrumentist \u00eentr-o orchestr\u0103 simfonic\u0103. Orchestra Rom\u00e2n\u0103 de Tineret este considerat\u0103 una dintre cele mai bune orchestre de gen din Europa \u0219i din lume, cu o consistent\u0103 activitate pe plan interna\u0163ional.<\/p>\n<p>Cristian Mandeal, dirijorul principal al ORT : <em>&#8220;Foarte aproape de momentul de \u00eenceput, orchestra\u00a0<\/em><em>a fost programat\u0103\u00a0<\/em><em>\u00een cel mai important ciclu al festivalului, acela de\u00a0<\/em><em>\u201e<\/em><em>Mari orchestre ale lumii<\/em><em>\u201d<\/em><em>. Eram cu to\u021bii con\u0219tien\u021bi, at\u00e2t Mihai Constantinescu, c\u00e2t \u0219i eu cu Marin Cazacu, c\u0103 nu eram cu adev\u0103rat o mare orchestr\u0103 a lumii, dar faptul\u00a0<\/em><em>c\u0103 am fost\u00a0<\/em><em>programa\u021bi \u00eentr-un astfel de ciclu a fost extrem de stimulativ pentru noi \u0219i ne-a f\u0103cut foarte vizibili pentru publicul rom\u00e2nesc. Era foarte important ca publicul rom\u00e2nesc s\u0103 ia cuno\u0219tin\u021b\u0103 c\u00e2t mai mult de existen\u021ba acestei orchestre.&#8221;<\/em><\/p>\n<p><em><i>Orchestra Rom\u00e2n\u0103 de Tineret la Festivalul Enescu 2019<\/i><\/em><\/p>\n<p><div class=\"ose-youtube ose-uid-571950955f9c057395535d6e86ce2fef ose-embedpress-responsive\" style=\"width:820px; height:500px; max-height:500px; max-width:100%; display:inline-block;\" data-embed-type=\"Youtube\"><iframe allowFullScreen=\"true\" title=\"Orchestra Romana de Tineret - Festivalul International GEORGE ENESCU 2019\" width=\"820\" height=\"500\" src=\"https:\/\/www.youtube.com\/embed\/7ZGw3Hc_gN0?feature=oembed&color=red&rel=0&controls=1&start=&end=&fs=0&iv_load_policy=0&autoplay=0&mute=0&modestbranding=0&cc_load_policy=1&playsinline=1\" frameborder=\"0\" allow=\"accelerometer; encrypted-media;accelerometer;autoplay;clipboard-write;gyroscope;picture-in-picture clipboard-write; encrypted-media; gyroscope; picture-in-picture; web-share\" referrerpolicy=\"strict-origin-when-cross-origin\" allowfullscreen><\/iframe><\/div><\/p>\n<p>video concept Virgil Oprina<\/p>\n","protected":false},"excerpt":{"rendered":"<p>Orchestra Rom\u00e2n\u0103 de Tineret \u00een ciclul \u201cMari Orchestre ale Lumii\u201d, pe 3 septembrie Orchestra Rom\u00e2n\u0103 de Tineret\u00a0va c\u00e2nta pe 3 septembrie, de la ora 19.30 la Sala Palatului\u00a0din Bucure\u015fti, \u00een ciclul \u201cMari Orchestre ale Lumii\u201d a Festivalului Interna\u0163ional \u201cGeorge Enescu\u201d\u00a0fiind dirijat\u0103 de dirijorul Stefan Asbury, solist Jan Lisiecki. Programul va cuprinde Cercar la nota\u00a0de Cornel&#8230;<\/p>\n","protected":false},"author":1,"featured_media":3935,"comment_status":"closed","ping_status":"open","sticky":false,"template":"","format":"standard","meta":{"_kadence_starter_templates_imported_post":false,"_kad_post_transparent":"default","_kad_post_title":"default","_kad_post_layout":"default","_kad_post_sidebar_id":"","_kad_post_content_style":"default","_kad_post_vertical_padding":"default","_kad_post_feature":"","_kad_post_feature_position":"","_kad_post_header":false,"_kad_post_footer":false,"_kad_post_classname":"","footnotes":""},"categories":[3],"tags":[],"class_list":["post-3929","post","type-post","status-publish","format-standard","has-post-thumbnail","hentry","category-evenimente"],"_links":{"self":[{"href":"https:\/\/tinerimearomana.ro\/despre\/wp-json\/wp\/v2\/posts\/3929"}],"collection":[{"href":"https:\/\/tinerimearomana.ro\/despre\/wp-json\/wp\/v2\/posts"}],"about":[{"href":"https:\/\/tinerimearomana.ro\/despre\/wp-json\/wp\/v2\/types\/post"}],"author":[{"embeddable":true,"href":"https:\/\/tinerimearomana.ro\/despre\/wp-json\/wp\/v2\/users\/1"}],"replies":[{"embeddable":true,"href":"https:\/\/tinerimearomana.ro\/despre\/wp-json\/wp\/v2\/comments?post=3929"}],"version-history":[{"count":2,"href":"https:\/\/tinerimearomana.ro\/despre\/wp-json\/wp\/v2\/posts\/3929\/revisions"}],"predecessor-version":[{"id":3934,"href":"https:\/\/tinerimearomana.ro\/despre\/wp-json\/wp\/v2\/posts\/3929\/revisions\/3934"}],"wp:featuredmedia":[{"embeddable":true,"href":"https:\/\/tinerimearomana.ro\/despre\/wp-json\/wp\/v2\/media\/3935"}],"wp:attachment":[{"href":"https:\/\/tinerimearomana.ro\/despre\/wp-json\/wp\/v2\/media?parent=3929"}],"wp:term":[{"taxonomy":"category","embeddable":true,"href":"https:\/\/tinerimearomana.ro\/despre\/wp-json\/wp\/v2\/categories?post=3929"},{"taxonomy":"post_tag","embeddable":true,"href":"https:\/\/tinerimearomana.ro\/despre\/wp-json\/wp\/v2\/tags?post=3929"}],"curies":[{"name":"wp","href":"https:\/\/api.w.org\/{rel}","templated":true}]}}