{"id":3925,"date":"2023-07-26T19:24:19","date_gmt":"2023-07-26T17:24:19","guid":{"rendered":"https:\/\/tinerimearomana.ro\/despre\/?p=3925"},"modified":"2023-07-26T19:24:19","modified_gmt":"2023-07-26T17:24:19","slug":"festivalul-international-enescu-si-muzica-lumii-18-concerte-la-sinaia","status":"publish","type":"post","link":"https:\/\/tinerimearomana.ro\/despre\/ro\/festivalul-international-enescu-si-muzica-lumii-18-concerte-la-sinaia\/","title":{"rendered":"FESTIVALUL INTERNATIONAL &#8220;ENESCU SI MUZICA LUMII&#8221; &#8211; 18 CONCERTE LA SINAIA"},"content":{"rendered":"<p><strong><b>Festivalul Interna\u021bional \u201c<\/b><\/strong><strong><em><b><i>Enescu \u0219i muzica lumii\u201d<\/i><\/b><\/em><\/strong>\u00a0revine \u00een 2023 la Sinaia cu <strong><b>edi\u021bia a 24-a, <\/b><\/strong>\u00een care concertele \u00een aer liber vor alterna \u00eentre <strong><b>8 \u015fi 31 august<\/b><\/strong>\u00a0cu cele \u00een interior, principala sal\u0103 fiind <strong><b>Casino-ul Sinaia<\/b><\/strong>, f\u0103r\u0103 a renun\u0163a la evolu\u0163iile \u00een spa\u0163iile neconven\u0163ionale puse la dispozi\u0163ie de<strong><b>\u00a0Prim\u0103ria Sinaia<\/b><\/strong>, precum<strong><b>\u00a0Muzeul Sinaia, Parcul Dimitrie Ghica<\/b><\/strong>\u00a0sau<strong><b>\u00a0Casa Memorial\u0103 George Enescu <\/b><\/strong>ori<strong><b>\u00a0<\/b><\/strong>la<strong><b>\u00a0Biserica Catolic\u0103 <\/b><\/strong>\u015fi nu numai.<strong><b>\u00a0<\/b><\/strong><\/p>\n<p>Loc deja de \u00eent\u00e2lnire plin\u0103 de emo\u021bie a unui public fidel, la care \u00een fiecare an se adaug\u0103 noi melomani, mai ales din genera\u021bia t\u00e2n\u0103r\u0103, Festivalul Interna\u021bional \u201cEnescu \u0219i muzica lumii\u201d este iat\u0103 de aproape un sfert de secol, una dintre cele mai importante \u0219i bine expuse rampe de lansare a celor mai valoro\u0219i tineri muzicieni ai Rom\u00e2niei.<\/p>\n<p><strong><b>Violoncelistul \u015fi profesorul Marin Cazacu<\/b><\/strong>, ini\u021biatorul proiectului, director general al Filarmonicii \u201eGeorge Enescu\u201d,<strong><b>\u00a0<\/b><\/strong>declara \u00eenainte de aceast\u0103 nou\u0103 edi\u0163ie: <em><i>\u201eTotdeauna acest festival a \u00eensemnat enorm pentru t\u00e2n\u0103ra genera\u021bie de muzicieni rom\u00e2ni \u0219i pentru ora\u0219ul Sinaia. Este organizat de Prim\u0103ria ora\u0219ului Sinaia \u00een colaborare Centrul Na\u021bional de Art\u0103 Tinerimea Rom\u00e2n\u0103 de ani de zile. Ceea ce este specific doar acestui festival este faptul c\u0103 implic\u0103 \u00een primul r\u00e2nd foarte mul\u021bi tineri. Toate orchestrele de tineret s-au dezvoltat la Sinaia, stagiile de preg\u0103tire au \u00eensemn\u00e2nd de fapt o prim\u0103 etap\u0103 a lans\u0103rii ulterioare a acestor produse culturale \u00een mari centre culturale ale Europei, pentru c\u0103 de acolo au mers direct la Berlin, la Paris, la Roma \u015fi lista este mult mai lung\u0103. Foarte multe ansambluri formate din Orchestrele de Tineret ale Rom\u00e2niei, dar \u0219i tineri deja consacra\u021bi \u2013 unii dintre ei, au c\u00e2\u0219tigat Concursul Interna\u021bional George Enescu sau \u0219i-au constituit ansambluri camerale proprii \u2013 vor fi prezen\u021bi \u00een acest festival \u0219i \u00een aceast\u0103 edi\u021bie cu num\u0103rul 24 \u00een spa\u021bii, unele dintre ele, neconven\u021bionale.\u201d<\/i><\/em><\/p>\n<p>Realizat \u00een organizarea Prim\u0103riei ora\u0219ului Sinaia \u0219i a Centrului Na\u021bional de Art\u0103 \u201eTinerimea Rom\u00e2n\u0103\u201d, partener principal\u00a0Funda\u021bia Prietenii muzicii \u201eSerafim Antropov,\u00a0proiect cofinan\u0163at de Uniunea de Crea\u021bie Interpretativ\u0103 a Muzicienilor din Rom\u00e2nia, Festivalul Interna\u0163ional \u201cEnescu \u015fi muzica lumii\u201d propune <strong><b>18 concerte<\/b><\/strong>\u00a0cu un program dens \u015fi divers, sus\u0163inut de tineri \u0219i foarte tineri muzicieni<strong><b>.<\/b><\/strong><\/p>\n<p>Ca \u015fi \u00een anii trecu\u0163i, \u015fi actuala edi\u0163ie are \u00een centru prezen\u021ba a Orchestrelor Na\u021bionale de Tineret ale Rom\u00e2niei, respectiv <strong><b>Romanian Sinfonietta Orchestra <\/b><\/strong>(<strong><b>15 august<\/b><\/strong>, Sala Casino, ora 19:00, dirijor \u0219i solist Alexander Sitkovetsky \u2013 vioar\u0103, invitat\u0103 Maria Marica \u2013 vioar\u0103, cu un program Bach, Haydn, Bizet\/Schedrin), <strong><b>Orchestra Junior<\/b><\/strong>\u00a0(<strong><b>21 august<\/b><\/strong>, la Sala Casino, ora 19 dirijor Andrei St\u0103nculescu, <em><i>Sear\u0103 vienez\u0103, <\/i><\/em>\u00een program lucr\u0103ri de W. A. Mozart \u015fi \u00a0Leopold Mozart) \u015fi <strong><b>Orchestra Rom\u00e2n\u0103 de Tineret <\/b><\/strong>(<strong><b>31 august, concertul de \u00eenchidere al Festivalului<\/b><\/strong>, dirijor Cristian Sandu, solist\u0103 Adela Liculescu \u2013 pian, cu un program Grieg, \u0218ostakovici, Cornel \u021a\u0103ranu). Orchestrele care concerteaz\u0103 \u00een aceast\u0103 edi\u021bie \u2013 Orchestra Rom\u00e2n\u0103 de Tineret, Romanian Sinfonietta Orchestra \u015fi Orchestra \u00a0Junior fac parte din proiectul Orchestrele Na\u021bionale de Tineret ale Rom\u00e2niei, av\u00e2nd \u00een componen\u021b\u0103 excep\u021bionali muzicieni din trei categorii de v\u00e2rst\u0103 \u0219i concerteaz\u0103 dup\u0103 \u00eencheierea stagiilor de preg\u0103tire aferente fiec\u0103rui concert.<\/p>\n<p>Din anul 1999 \u0219i p\u00e2n\u0103 \u00een prezent, Festivalul Interna\u0163ional \u201cEnescu \u015fi muzica lumii\u201d propune celor afla\u021bi la Sinaia \u00een vacan\u021ba de var\u0103 un program atractiv, inclusiv \u00een <strong><b>aer liber,<\/b><\/strong>\u00a0edi\u0163ia din 2023 av\u00e2nd multiple concerte \u00een <strong><b>parcul Dimitrie Ghica<\/b><\/strong>, printre care cel de <strong><b>s\u00e2mb\u0103t\u0103 12 august, de la ora 19:00, One man show! cu Adrian Petrescu \u2013 <\/b><\/strong>saxofon, oboi \u0219i alte instrumente de suflat, care propune un program de la clasic la &#8230;. divertisment. Sau cel de <strong><b>duminic\u0103, 13 august, tot de la ora 19:00, <\/b><\/strong>sus\u021binut de<strong><b>\u00a0Athenaeum String Quintet<\/b><\/strong>\u00a0\u0219i <strong><b>Rafael Butaru<\/b><\/strong>\u00a0\u2013 vioar\u0103. <strong><b>Vineri, 18 august, <\/b><\/strong>binecunoscutul<strong><b>\u00a0Ansamblu Violoncellissimo <\/b><\/strong>va sus\u021bine un concert <em><i>Clasic, Jazz, Rock\u2026<\/i><\/em>avanpremier\u0103 a Turneului<em><i>\u00a0Clasic la Puterea a treia <\/i><\/em>din toamn\u0103,<em><i>\u00a0<\/i><\/em>iar<strong><b>\u00a0duminic\u0103 20 august, parcul Dimitrie Ghica <\/b><\/strong>va g\u0103zdui o<strong><b>\u00a0<\/b><\/strong><strong><em><b><i>Sear\u0103 Astor Piazzolla, <\/i><\/b><\/em><\/strong>cu<strong><em><b><i>\u00a0<\/i><\/b><\/em><\/strong><strong><b>Orchestra Junior, <\/b><\/strong>dirijor<strong><b>\u00a0<\/b><\/strong>Andrei St\u0103nculescu, invitat<strong><b>\u00a0<\/b><\/strong>Mariano Castro<strong><b>\u00a0<\/b><\/strong>\u2013 pian, \u00een program: Astor Piazzolla \u2013 <em><i>Anotimpurile<\/i><\/em>.<\/p>\n<p>Tot \u00een <strong><b>aer liber<\/b><\/strong>\u00a0va fi \u0219i concertul de <strong><b>duminic\u0103, 13 august, de la Cota 2000. <\/b><\/strong>\u00cencep\u00e2nd cu <strong><b>ora 13:00,<\/b><\/strong>\u00a0sin\u0103ienii \u0219i turi\u0219tii vor asculta <em><i>Muzica mun\u021bilor<\/i><\/em>\u00a0\u00een interpretarea saxofonistului <strong><b>Adrian Petrescu. <\/b><\/strong><\/p>\n<p>De ziua lui George Enescu,<strong><b>\u00a0s\u00e2mb\u0103t\u0103, pe 19 august<\/b><\/strong>, la <strong><b>Casa memorial\u0103 George Enescu<\/b><\/strong>, va avea loc, de la <strong><b>ora 17:00<\/b><\/strong>, concertul <em><i>Enescu la el acas\u0103,<\/i><\/em>\u00a0sus\u021binut de<em><i>\u00a0<\/i><\/em>soli\u0219tii <strong><b>Orchestrei Junior<\/b><\/strong>, la pian <strong><b>C\u0103t\u0103lin R\u0103ducanu<\/b><\/strong>, \u00een program: George Enescu, Paul Constantinescu, Constantin Dimitrescu, Petre Elinescu, Anatol Vieru, Valentin Timaru, Hristache Popescu, marc\u00e2nd \u00eenc\u0103 o dat\u0103 faptul c\u0103 festivalul a pornit ca o continuare a ideii de generozitate care a caracterizat spiritul lui George Enescu \u0219i devenind una dintre cele mai importante scene de manifestare a tinerelor talente muzicale din Rom\u00e2nia.<\/p>\n<p>Proiectul creat de <strong><b>violoncelistul \u0219i profesorul Marin Cazacu<\/b><\/strong>\u00a0va \u00eencepe anul acesta <strong><b>pe 8 august<\/b><\/strong>, \u00een <strong><b>Sala Casino,<\/b><\/strong>\u00a0de la ora 19:00, cu o <em><i>Sear\u0103 Enescu \u2013 Brahms, <\/i><\/em>un concert sus\u021binut de <strong><b>Cvartetul Vocalise. <\/b><\/strong>Ca \u00een fiecare an, <strong><b>Sala Casino-ului Sinaia<\/b><\/strong>\u00a0va g\u0103zdui multe concerte din festival, at\u00e2t cele cu orchestre c\u00e2t \u015fi cele camerale precum cel de <strong><b>joi, 10 august,<\/b><\/strong>\u00a0c\u00e2nd vor fi prezentate <em><i>Capodopere instrumentale pentru vioar\u0103 \u0219i pian, <\/i><\/em>cu Valentin \u0218erban \u2013 vioar\u0103, \u00a0Mihai Diaconescu \u2013 pian, un program Mozart, Ceaikovski, Ravel, Enescu, Paul Constantinescu, Wieniawski sau \u00a0<strong><b>joi, 17 august, <\/b><\/strong>c\u00e2nd<strong><b>\u00a0<\/b><\/strong>va avea loc un recital sus\u021binut de \u0218tefan Cazacu \u2013 violoncel \u0219i Tam\u00e1s \u00c9rdi &#8211; pian, cu un program Schubert, Bach, Liszt, Ligeti.<\/p>\n<p><strong><b>Genera\u021bia mileniului III<\/b><\/strong>\u00a0&#8211; a\u0219a se numesc concertele sus\u021binute de cei mai tineri interpre\u021bi \u00a0la Sala Casino-ului din Sinaia. Pe <strong><b>22 august, <\/b><\/strong>va fi o sear\u0103 cu Antonia Tudose \u2013 pian, invitat Charles Coop \u2013 pian, pe<strong><b>\u00a023 august, <\/b><\/strong>Radu Dunca &#8211; vioar\u0103, Radu Sinaci \u2013 violoncel, Alexandru Mihai Burc\u0103 \u2013 pian, vor c\u00e2nta lucr\u0103ri de Dvorak \u015fi \u015eostakovici. <strong><b>S\u00e2mb\u0103t\u0103, 26 august, <\/b><\/strong>solistul serii va fi<strong><b>\u00a0C\u0103t\u0103lin R\u0103ducanu<\/b><\/strong>\u00a0\u2013 pian, \u0163ambal, care va concerta \u00een avanpremiera turneului na\u0163ional <em><i>Un artist, un pian \u015fi un \u0163ambal<\/i><\/em>\u00a0cu un program care include lucr\u0103ri de Bach, Chopin, Liszt, Albeniz, Gershwin, Corea, Satie,\u00a0C\u0103t\u0103lin R\u0103ducanu,\u00a0Toni Iordache. Ca de fiecare dat\u0103 nu va lipsi nici concertul de la <strong><b>Biserica catolic\u0103, <\/b><\/strong>unde<strong><b>\u00a0vineri, 11 august, de la ora 19:00, <\/b><\/strong>vor c\u00e2nta Silviu Mih\u0103il\u0103 \u2013 bariton \u0219i Gabriel G\u00ee\u021ban \u2013 pian<strong><b>, <\/b><\/strong>cu un program cu lucr\u0103ri de Caccini, Bach-Gounod, Haendel, Schubert, Faur\u00e9, Mendelssohn.<\/p>\n<p><strong><b>Organizatori:\u00a0<\/b><\/strong>\u00a0\u00a0Prim\u0103ria Ora\u0219ului Sinaia,\u00a0Centrul Na\u021bional de Art\u0103 \u201eTinerimea Rom\u00e2n\u0103&#8221;.<br \/>\n<strong><b>Partener principal:<\/b><\/strong>\u00a0Funda\u021bia Prietenii muzicii \u201eSerafim Antropov\u201d<br \/>\n<strong><b>Proiect cofinan\u021bat de :<\/b><\/strong>\u00a0Uniunea de Crea\u021bie Interpretativ\u0103 a Muzicienilor din Rom\u00e2nia<br \/>\n<strong><b>Parteneri:<\/b><\/strong>\u00a0Filarmonica George Enescu, Universitatea Na\u0163ional\u0103 de Muzic\u0103 Bucure\u015fti, Casino Sinaia, Muzeul Na\u0163ional \u201eGeorge Enescu\u201d, Arhiepiscopia Romano-Catolic\u0103 Bucure\u0219ti.<br \/>\n<strong><b>Cu sprijinul :\u00a0<\/b><\/strong>BRD Groupe Soci\u00e9t\u00e9 G\u00e9n\u00e9rale<br \/>\n<strong><b>Sponsori<\/b><\/strong>: Hotel Palace, Hotel Caraiman, Vizual Graph<br \/>\n<strong><b>Parteneri media:<\/b><\/strong>\u00a0Radio Rom\u00e2nia Cultural \u015fi Radio Rom\u00e2nia Muzical, Rom\u00e2nia TV, Mediatrust, Observator Cultural, Liternet, Agen\u0163ia de carte.<\/p>\n<p><strong><b>P<\/b><\/strong><strong><b>ROGRAM<\/b><\/strong><\/p>\n<p><strong><b>Festivalul Interna\u021bional \u201cEnescu \u0219i muzica lumii\u201d \u2013 edi\u021bia a 24-a <\/b><\/strong><\/p>\n<p><strong><b>8 \u2013 31 august 2023<\/b><\/strong><\/p>\n<p><strong>Mar\u021bi 8 august<\/strong><br \/>\n<em><i>Sinaia, Sala Casino, ora 19:00<\/i><\/em><\/p>\n<p><em><i>Concertul de deschidere al Festivalului<\/i><\/em><br \/>\n<em><i>Sear\u0103 Enescu \u2013 Brahms<\/i><\/em><\/p>\n<p>Cvartetul Vocalise<br \/>\nStelu\u021ba Radu &#8211; pian<br \/>\nMircea C\u0103lin \u2013 vioar\u0103<br \/>\nTudor Viorel \u2013 viol\u0103<br \/>\nMarin Cazacu \u2013 violoncel<\/p>\n<p>Program: George Enescu, Johannes Brahms<\/p>\n<p><strong>Joi 10 august<\/strong><br \/>\nSinaia, Sala Casino, ora 19:00<\/p>\n<p><em><i>Capodopere instrumentale pentru vioar\u0103 \u0219i pian<\/i><\/em><br \/>\n<em><i>Valentin \u0218erban \u2013 vioar\u0103<\/i><\/em><br \/>\n<em><i>Mihai Diaconescu \u2013 pian<\/i><\/em><br \/>\nProgram: Mozart, Ceaikovski, Ravel, Enescu, Paul Constantinescu, Wieniawski<\/p>\n<p><strong>Vineri 11 august<\/strong><br \/>\nSinaia, Biserica catolic\u0103, ora 19:00<\/p>\n<p>Sub aripa Sfintei Marii<br \/>\nSilviu Mih\u0103il\u0103 \u2013 bariton<br \/>\nGabriel G\u00ee\u021ban \u2013 pian<br \/>\nProgram: Caccini, Bach-Gounod, Haendel, Schubert, Faur\u00e9, Mendelssohn<\/p>\n<p><strong>S\u00e2mb\u0103t\u0103 12 august<\/strong><br \/>\nSinaia, Parcul Ghica, ora 19:00<\/p>\n<p>One man show!<br \/>\nAdrian Petrescu \u2013 saxofon, oboi \u0219i alte instrumente de suflat<br \/>\nDe la clasic la &#8230;. divertisment<\/p>\n<p><strong>Duminic\u0103 13 august<\/strong><br \/>\nSinaia, Cota 2000, ora 13:00<\/p>\n<p>Muzica mun\u021bilor!<br \/>\nAdrian Petrescu &#8211; saxofon<\/p>\n<p><strong>Duminic\u0103 13 august<\/strong><br \/>\nSinaia, Parcul Ghica, ora 19:00 (aer liber)<\/p>\n<p>Balade \u0219i Anotimpuri<br \/>\nRafael Butaru \u2013 vioar\u0103<br \/>\nAthenaeum String Quintet<br \/>\nMircea Laz\u0103r &#8211; vioar\u0103<br \/>\nTiberiu Branga \u2013 vioar\u0103<br \/>\nIulia Goian\u0103 \u2013 viol\u0103<br \/>\nHora\u021biu Ludu\u0219an \u2013 violoncel<br \/>\nMonica Gemene \u2013 pian, clavecin<br \/>\nProgram: George Enescu, Ciprian Porumbescu, Antonio Vivaldi<\/p>\n<p><strong>Luni 14 august<\/strong><br \/>\nSinaia, Prim\u0103ria Sinaia, ora 19:00 (aer liber)<\/p>\n<p>Inspirations!<br \/>\nForma\u021biile Orchestrei Romanian Sinfonietta<br \/>\nSinfonietta Cello Quartet<br \/>\nDuet vioar\u0103-violoncel<br \/>\nCvartet cu oboi<br \/>\nAnsamblul Percutionissimo<br \/>\nBijuterii muzicale clasice, romantice, moderne \u0219i rom\u00e2ne\u0219ti!<\/p>\n<p><strong>Mar\u021bi 15 august<\/strong><br \/>\nSinaia, Sala Casino, ora 19:00<\/p>\n<p>Romanian Sinfonietta Orchestra<br \/>\nDirijor \u0219i solist Alexander Sitkovetsky &#8211; vioar\u0103<br \/>\nInvitat\u0103 Maria Marica &#8211; vioar\u0103<br \/>\nProgram: I. S. Bach, Joseph Haydn, Bizet\/Schedrin<\/p>\n<p><strong>Joi 17 august<\/strong><br \/>\nSinaia, Sala Casino, ora 19:00<\/p>\n<p>Recital cameral<br \/>\n\u0218tefan Cazacu \u2013 violoncel<br \/>\nTam\u00e1s \u00c9rdi &#8211; pian<br \/>\nProgram: Franz Schubert, I. S. Bach, Franz Liszt, Gy\u00f6rgy Ligeti<\/p>\n<p><strong>Vineri 18 august<\/strong><br \/>\nSinaia, Parcul Ghica, ora 19:00 ( aer liber)<\/p>\n<p>Ansamblul Violoncellissimo<br \/>\n\u00cen avanpremiera turneului Clasic la puterea a treia &#8211; Violoncellissimo<br \/>\nClasic, Jazz, Rock&#8230;..<\/p>\n<p><strong>S\u00e2mb\u0103t\u0103 19 august<\/strong><br \/>\nSinaia, Casa memorial\u0103 George Enescu, ora 17:00<\/p>\n<p>Enescu la el acas\u0103<br \/>\nSoli\u0219tii Orchestrei Junior<br \/>\nLa pian C\u0103t\u0103lin R\u0103ducanu<br \/>\nProgram: George Enescu, Paul Constantinescu, Constantin Dimitrescu, Petre Elinescu, Anatol Vieru, Valentin Timaru, Hristache Popescu<\/p>\n<p><strong>Duminic\u0103 20 august<\/strong><br \/>\nSinaia, Parcul Ghica, ora 19:00 ( aer liber)<\/p>\n<p>Sear\u0103 Astor Piazzolla<br \/>\nOrchestra Junior<br \/>\nDirijor Andrei St\u0103nculescu<br \/>\nInvitat Mariano Castro \u2013 pian<br \/>\nProgram: Astor Piazzolla \u2013 Anotimpurile<\/p>\n<p><strong>Luni 21 august<\/strong><br \/>\nSinaia, Sala Casino, ora 19:00<\/p>\n<p>Sear\u0103 vienez\u0103<br \/>\nOrchestra Junior<br \/>\nDirijor Andrei St\u0103nculescu<br \/>\nProgram: W. A. Mozart, Leopold Mozart<\/p>\n<p><strong>Mar\u021bi 22 august<\/strong><br \/>\nSinaia, Sala Casino, ora 19:00<\/p>\n<p>Genera\u021bia mileniului lll<br \/>\nAntonia Tudose \u2013 pian<br \/>\nInvitat Charles Coop \u2013 pian<br \/>\nProgram: Fr\u00e9d\u00e9ric Chopin, Franz Liszt, Gabriel Faur\u00e9, Serghei Prokofiev, Gy\u00f6rgy Ligeti<\/p>\n<p><strong>Miercuri 23 august<\/strong><br \/>\nSinaia, Sala Casino, ora 19:00<\/p>\n<p>Genera\u021bia mileniului lll<br \/>\nRadu Dunca &#8211; vioar\u0103<br \/>\nRadu Sinaci \u2013 violoncel<br \/>\nAlexandru Mihai Burc\u0103 \u2013 pian<br \/>\nProgram: Antonin Dvorak, Dimitri \u015eostakovici<\/p>\n<p><strong>S\u00e2mb\u0103t\u0103 26 august<\/strong><br \/>\nSinaia, Sala Casino, ora 19:00<\/p>\n<p>C\u0103t\u0103lin R\u0103ducanu \u2013 pian, \u021bambal<br \/>\n\u00cen avanpremiera turneului <em><i>Un artist, un pian \u015fi un \u0163ambal<\/i><\/em><br \/>\nProgram I.S.Bach, Fr\u00e9d\u00e9ric Chopin, Franz Liszt, Isaac Albeniz, George Gershwin, Chick Corea, Erik Satie,\u00a0C\u0103t\u0103lin R\u0103ducanu,\u00a0Toni Iordache<\/p>\n<p><strong>Duminic\u0103 27 august<\/strong><br \/>\nSinaia, Muzeul Sinaia, ora 19:00<\/p>\n<p>Forma\u021biile Orchestrei Rom\u00e2ne de Tineret<br \/>\nClasic, Jazz and more&#8230;.<\/p>\n<p><strong>Joi 31 august<\/strong><br \/>\nSinaia, Sala Casino, ora 19:00<\/p>\n<p>Concertul de \u00eenchidere al Festivalului<br \/>\nOrchestra Rom\u00e2n\u0103 de Tineret<br \/>\nDirijor Cristian Sandu<br \/>\nSolist\u0103 Adela Liculescu \u2013 pian<br \/>\nProgram: Edvard Grieg, Dimitri \u0218ostakovici, Cornel \u021a\u0103ranu<\/p>\n","protected":false},"excerpt":{"rendered":"<p>Festivalul Interna\u021bional \u201cEnescu \u0219i muzica lumii\u201d\u00a0revine \u00een 2023 la Sinaia cu edi\u021bia a 24-a, \u00een care concertele \u00een aer liber vor alterna \u00eentre 8 \u015fi 31 august\u00a0cu cele \u00een interior, principala sal\u0103 fiind Casino-ul Sinaia, f\u0103r\u0103 a renun\u0163a la evolu\u0163iile \u00een spa\u0163iile neconven\u0163ionale puse la dispozi\u0163ie de\u00a0Prim\u0103ria Sinaia, precum\u00a0Muzeul Sinaia, Parcul Dimitrie Ghica\u00a0sau\u00a0Casa Memorial\u0103 George&#8230;<\/p>\n","protected":false},"author":1,"featured_media":3926,"comment_status":"closed","ping_status":"open","sticky":false,"template":"","format":"standard","meta":{"_kadence_starter_templates_imported_post":false,"_kad_post_transparent":"default","_kad_post_title":"default","_kad_post_layout":"default","_kad_post_sidebar_id":"","_kad_post_content_style":"default","_kad_post_vertical_padding":"default","_kad_post_feature":"","_kad_post_feature_position":"","_kad_post_header":false,"_kad_post_footer":false,"_kad_post_classname":"","footnotes":""},"categories":[3],"tags":[],"class_list":["post-3925","post","type-post","status-publish","format-standard","has-post-thumbnail","hentry","category-evenimente"],"_links":{"self":[{"href":"https:\/\/tinerimearomana.ro\/despre\/wp-json\/wp\/v2\/posts\/3925"}],"collection":[{"href":"https:\/\/tinerimearomana.ro\/despre\/wp-json\/wp\/v2\/posts"}],"about":[{"href":"https:\/\/tinerimearomana.ro\/despre\/wp-json\/wp\/v2\/types\/post"}],"author":[{"embeddable":true,"href":"https:\/\/tinerimearomana.ro\/despre\/wp-json\/wp\/v2\/users\/1"}],"replies":[{"embeddable":true,"href":"https:\/\/tinerimearomana.ro\/despre\/wp-json\/wp\/v2\/comments?post=3925"}],"version-history":[{"count":1,"href":"https:\/\/tinerimearomana.ro\/despre\/wp-json\/wp\/v2\/posts\/3925\/revisions"}],"predecessor-version":[{"id":3927,"href":"https:\/\/tinerimearomana.ro\/despre\/wp-json\/wp\/v2\/posts\/3925\/revisions\/3927"}],"wp:featuredmedia":[{"embeddable":true,"href":"https:\/\/tinerimearomana.ro\/despre\/wp-json\/wp\/v2\/media\/3926"}],"wp:attachment":[{"href":"https:\/\/tinerimearomana.ro\/despre\/wp-json\/wp\/v2\/media?parent=3925"}],"wp:term":[{"taxonomy":"category","embeddable":true,"href":"https:\/\/tinerimearomana.ro\/despre\/wp-json\/wp\/v2\/categories?post=3925"},{"taxonomy":"post_tag","embeddable":true,"href":"https:\/\/tinerimearomana.ro\/despre\/wp-json\/wp\/v2\/tags?post=3925"}],"curies":[{"name":"wp","href":"https:\/\/api.w.org\/{rel}","templated":true}]}}