{"id":3903,"date":"2023-06-14T09:48:19","date_gmt":"2023-06-14T07:48:19","guid":{"rendered":"https:\/\/tinerimearomana.ro\/despre\/?p=3903"},"modified":"2023-06-14T09:52:01","modified_gmt":"2023-06-14T07:52:01","slug":"seri-camerale-enescu-schubert-in-avanpremiera-la-palatul-tinerimea-romana-pe-21-iunie","status":"publish","type":"post","link":"https:\/\/tinerimearomana.ro\/despre\/ro\/seri-camerale-enescu-schubert-in-avanpremiera-la-palatul-tinerimea-romana-pe-21-iunie\/","title":{"rendered":"Seri camerale Enescu-Schubert \u00een avanpremier\u0103 la Palatul Tinerimea Rom\u00e2n\u0103, pe 21 iunie"},"content":{"rendered":"<p><strong>Miercuri 21 iunie de la ora 19.00<\/strong>, \u00een ambian\u021ba unic\u0103 a s\u0103lii de concert a <strong>Palatului Tinerimea Rom\u00e2n\u0103<\/strong>\u00a0va avea loc un recital avanpremier\u0103 a unei noi stagiuni muzicale de \u00eenalt\u0103 performan\u021b\u0103 care se va deschide \u00een toamn\u0103.<\/p>\n<p>Dedicat\u0103 celor mai valoro\u0219i tineri muzicieni ai momentului \u0219i deschis\u0103 tuturor genurilor muzicale stagiunea <strong>\u201cSeri camerale la Palatul Tinerimea Rom\u00e2n\u0103\u201d<\/strong>\u00a0\u00ee\u0219i propune s\u0103 consacre \u00een preferin\u021bele marelui public o scen\u0103 de concert plasat\u0103 \u00een zona istoric\u0103 a ora\u0219ului Bucure\u0219ti, beneficiind de o ambian\u021b\u0103 arhitectural\u0103 unic\u0103, o spectaculoas\u0103 evocare la scar\u0103 cameral\u0103 a celebrei Scala din Milano \u2013 <strong>Palatul Tinerimea Rom\u00e2n\u0103<\/strong>.<\/p>\n<p><strong>Theodor Andreescu <\/strong>\u2013 vioar\u0103,<strong>\u00a0Mihai Todoran <\/strong>\u2013 viol\u0103,<strong>\u00a0<\/strong><strong>Izabela Ghergu <\/strong>\u2013 violoncel,<strong>\u00a0<\/strong><strong>Iacob Panighian\u0163 <\/strong>\u2013 contrabas,<strong>\u00a0<\/strong><strong>Theodor Dumitru <\/strong>\u2013 pian\u00a0sunt cei cinci muzicieni de \u00eenalt\u0103 performan\u021b\u0103 care vor deschide acest proiect, exponen\u021bi de frunte ai nivelului de excelen\u021b\u0103 al Universit\u0103\u021bii Na\u021bionale de Muzic\u0103 din Bucure\u0219ti.<\/p>\n<p>Cei cinci \u2013 student, masteranzi \u015fi doctoranzi ai UNMB \u2013 au \u00een palmares concursuri na\u021bionale \u0219i interna\u021bionale, al\u0103turi de o foarte mare experien\u021b\u0103 scenic\u0103 c\u00e2\u0219tigat\u0103 pe cele mai importante scene din Rom\u00e2nia, dar \u0219i din Europa, Asia \u0219i Statele Unite ale Americii, \u00een cadrul unor proiecte precum Orchestrele Na\u021bionale de Tineret ale Rom\u00e2niei.<\/p>\n<p>Arta interpretativ\u0103 de nivel interna\u021bional a tinerilor interpre\u021bi va da str\u0103lucire unui program ce cuprinde capodopere din crea\u021bia lui Franz Schubert\u00a0\u0219i George Enescu, piese care apar destul de rar \u00een programele de concert, cuprinz\u00e2nd: Enescu \u2013 <em>Aubade<\/em>\u00a0pentru trio de coarde, <em>Serenade lointaine<\/em>\u00a0pentru vioar\u0103 violoncel \u0219i pian \u015fi Schubert &#8211; Cvintetul \u201dP\u0103str\u0103vul\u201d D667 pentru vioar\u0103, viol\u0103, violoncel, contrabas \u0219i pian.<\/p>\n<p>Prin acest proiect, Centrul Na\u021bional de Art\u0103 \u201cTinerimea Rom\u00e2n\u0103\u201d \u00ee\u0219i propune s\u0103 contribuie la diversificarea vie\u021bii culturale bucure\u0219tene cu un spa\u021biu emblematic pentru apartenen\u021ba acesteia la cele mai \u00eenalte valori europene \u2013 <strong>Palatul Tinerimea Rom\u00e2n\u0103<\/strong>. Crea\u021bie a Virginiei\u00a0Andreescu-Haret, Palatul Tinerimea Rom\u00e2n\u0103 este realizarea primei femei arhitect din Rom\u00e2nia \u0219i a primei care a ajuns la gradul de arhitect inspector general din lume. Organizatorii \u00ee\u015fi doresc ca aceast\u0103 minunat\u0103 sal\u0103 s\u0103 devin\u0103 o prezen\u021b\u0103 constant\u0103 \u00een via\u0163a de spectacol a tinerilor arti\u0219ti excep\u021bionali ai Rom\u00e2niei.<\/p>\n<p>Pre\u0163 bilet \u00eentreg &#8211; 20 lei<\/p>\n<p>Bilete cu reducere pentru elevi., studen\u0163i, pensionari &#8211; 10 lei<\/p>\n<p>Biletele se pot procura de la Casa de bilete a Palatului \u201cTinerimea Rom\u00e2n\u0103\u201d de luni p\u00e2n\u0103 vineri \u00eentre orele 12-14. Rezerv\u0103ri la telefon 021315.8165<\/p>\n<p><img fetchpriority=\"high\" decoding=\"async\" class=\"aligncenter size-full wp-image-3905\" src=\"https:\/\/tinerimearomana.ro\/despre\/wp-content\/uploads\/sites\/10\/2023\/06\/AFIS-Seri-camerale_21iunie_web.jpg\" alt=\"\" width=\"800\" height=\"1133\" srcset=\"https:\/\/tinerimearomana.ro\/despre\/wp-content\/uploads\/sites\/10\/2023\/06\/AFIS-Seri-camerale_21iunie_web.jpg 800w, https:\/\/tinerimearomana.ro\/despre\/wp-content\/uploads\/sites\/10\/2023\/06\/AFIS-Seri-camerale_21iunie_web-212x300.jpg 212w, https:\/\/tinerimearomana.ro\/despre\/wp-content\/uploads\/sites\/10\/2023\/06\/AFIS-Seri-camerale_21iunie_web-723x1024.jpg 723w, https:\/\/tinerimearomana.ro\/despre\/wp-content\/uploads\/sites\/10\/2023\/06\/AFIS-Seri-camerale_21iunie_web-768x1088.jpg 768w, https:\/\/tinerimearomana.ro\/despre\/wp-content\/uploads\/sites\/10\/2023\/06\/AFIS-Seri-camerale_21iunie_web-200x283.jpg 200w\" sizes=\"(max-width: 800px) 100vw, 800px\" \/><\/p>\n","protected":false},"excerpt":{"rendered":"<p>Miercuri 21 iunie de la ora 19.00, \u00een ambian\u021ba unic\u0103 a s\u0103lii de concert a Palatului Tinerimea Rom\u00e2n\u0103\u00a0va avea loc un recital avanpremier\u0103 a unei noi stagiuni muzicale de \u00eenalt\u0103 performan\u021b\u0103 care se va deschide \u00een toamn\u0103. Dedicat\u0103 celor mai valoro\u0219i tineri muzicieni ai momentului \u0219i deschis\u0103 tuturor genurilor muzicale stagiunea \u201cSeri camerale la Palatul&#8230;<\/p>\n","protected":false},"author":1,"featured_media":3905,"comment_status":"closed","ping_status":"open","sticky":false,"template":"","format":"standard","meta":{"_kadence_starter_templates_imported_post":false,"_kad_post_transparent":"default","_kad_post_title":"default","_kad_post_layout":"default","_kad_post_sidebar_id":"","_kad_post_content_style":"default","_kad_post_vertical_padding":"default","_kad_post_feature":"","_kad_post_feature_position":"","_kad_post_header":false,"_kad_post_footer":false,"_kad_post_classname":"","footnotes":""},"categories":[3],"tags":[],"class_list":["post-3903","post","type-post","status-publish","format-standard","has-post-thumbnail","hentry","category-evenimente"],"_links":{"self":[{"href":"https:\/\/tinerimearomana.ro\/despre\/wp-json\/wp\/v2\/posts\/3903"}],"collection":[{"href":"https:\/\/tinerimearomana.ro\/despre\/wp-json\/wp\/v2\/posts"}],"about":[{"href":"https:\/\/tinerimearomana.ro\/despre\/wp-json\/wp\/v2\/types\/post"}],"author":[{"embeddable":true,"href":"https:\/\/tinerimearomana.ro\/despre\/wp-json\/wp\/v2\/users\/1"}],"replies":[{"embeddable":true,"href":"https:\/\/tinerimearomana.ro\/despre\/wp-json\/wp\/v2\/comments?post=3903"}],"version-history":[{"count":3,"href":"https:\/\/tinerimearomana.ro\/despre\/wp-json\/wp\/v2\/posts\/3903\/revisions"}],"predecessor-version":[{"id":3907,"href":"https:\/\/tinerimearomana.ro\/despre\/wp-json\/wp\/v2\/posts\/3903\/revisions\/3907"}],"wp:featuredmedia":[{"embeddable":true,"href":"https:\/\/tinerimearomana.ro\/despre\/wp-json\/wp\/v2\/media\/3905"}],"wp:attachment":[{"href":"https:\/\/tinerimearomana.ro\/despre\/wp-json\/wp\/v2\/media?parent=3903"}],"wp:term":[{"taxonomy":"category","embeddable":true,"href":"https:\/\/tinerimearomana.ro\/despre\/wp-json\/wp\/v2\/categories?post=3903"},{"taxonomy":"post_tag","embeddable":true,"href":"https:\/\/tinerimearomana.ro\/despre\/wp-json\/wp\/v2\/tags?post=3903"}],"curies":[{"name":"wp","href":"https:\/\/api.w.org\/{rel}","templated":true}]}}