{"id":2996,"date":"2022-12-09T15:06:46","date_gmt":"2022-12-09T13:06:46","guid":{"rendered":"https:\/\/tinerimearomana.ro\/despre\/?p=2996"},"modified":"2023-03-31T16:29:49","modified_gmt":"2023-03-31T14:29:49","slug":"ansamblul-violoncellissimo-in-turneu-de-craciun-la-praga","status":"publish","type":"post","link":"https:\/\/tinerimearomana.ro\/despre\/ro\/ansamblul-violoncellissimo-in-turneu-de-craciun-la-praga\/","title":{"rendered":"ANSAMBLUL VIOLONCELLISSIMO IN TURNEU DE CRACIUN LA PRAGA"},"content":{"rendered":"<p><strong><b>Ansamblul Violoncellissimo <\/b><\/strong>condus de<strong><b>\u00a0Marin Cazacu <\/b><\/strong>va \u00eencheia spectaculosul an 2022, cu un concert extraordinar de Cr\u0103ciun sus\u0163inut la Praga pe 20 decembrie, concertul Violoncellissimo fiind adaptat \u00een mod special perioadei s\u0103rb\u0103torilor, programul obi\u015fnuit de turneu al ansamblului fiind completat de aceast\u0103 dat\u0103 de spectaculoase adapt\u0103ri de colinde \u015fi c\u00e2ntece de Cr\u0103ciun, sub genericul <strong><b>Christmas Concert<\/b><\/strong>.<\/p>\n<p>\u00cen 2021 \u015fi 2022, <strong><b>Ansamblul Violoncellissimo<\/b><\/strong>\u00a0a parcurs un spectaculos traseu na\u0163ional \u015fi interna\u0163ional, ajung\u00e2nd din s\u0103li prestigioase precum Sala UNESCO de la Paris sau Expo 2020 Dubai, \u00een spa\u0163ii neconven\u0163ionale \u00een aer liber precum Parcul Coloanei F\u0103r\u0103 Sf\u00e2r\u015fit din T\u00e2rgu Jiu \u015fi nu numai, propun\u00e2nd de fiecare dat\u0103 o incursiune sonor\u0103 surprinz\u0103toare \u00een lumea violoncelului prin intermediul unui repertoriu divers \u015fi spectaculos, de la clasic la contemporan.<\/p>\n<p>Proiectul \u201e<em><i>Violoncellissimo<\/i><\/em>\u201d, pe care Marin Cazacu l-a \u00eenceput \u00een urm\u0103 cu 30 de ani al\u0103turi de studen\u021bii s\u0103i, a pornit din dorin\u021ba de a le dezvolta acestora creativitatea colectiv\u0103 \u0219i de a apropia mai mult ascult\u0103torii de muzic\u0103, indiferent de gen. \u00a0Proiectul este \u00eentr-o continu\u0103 evolu\u021bie cu actuali \u0219i fo\u0219ti studen\u021bi ai maestrului. <strong><b>Violoncellissimo <\/b><\/strong>este unul dintre cele mai cunoscute ansambluri camerale rom\u00e2ne\u0219ti, format la ini\u021biativa violoncelistului <strong><b>Marin Cazacu<\/b><\/strong>, cu misiunea de a deschide noi drumuri pentru promovarea muzicii \u0219i a tinerelor talente din Rom\u00e2nia. <strong><b>Ansamblul<\/b><\/strong>\u00a0<strong><b>Violoncellissimo a sus\u021binut <\/b><\/strong><strong><em><b><i>primul turneu na\u021bional<\/i><\/b><\/em><\/strong><strong><b>\u00a0\u00een 2019<\/b><\/strong>, iar \u00een anii urm\u0103tori \u0219i-a continuat povestea prin evenimente similare cu ecouri \u00een toat\u0103 \u021bara. \u00cen aceast\u0103 perioad\u0103, ansamblul a sus\u021binut concerte \u00een cadrul unor importante evenimente culturale din Rom\u00e2nia \u0219i str\u0103in\u0103tate: la Marea Sal\u0103 UNESCO Paris \u2013 aniversare 65 ani Rom\u00e2nia la UNESCO, octombrie 2021; la Expo 2020 Dubai, decembrie 2021; cu ocazia anivers\u0103rii a 140 de ani de la na\u0219terea lui Constantin Br\u00e2ncu\u0219i, la Bruxelles; la Gala Premiilor UNITER, la Washington, Luxemburg, Istanbul etc. <strong><b>Marin Cazacu<\/b><\/strong>\u00a0este directorul general al Filarmonicii George Enescu, profesor la Universitatea Na\u021bional\u0103 de Muzic\u0103 din Bucure\u0219ti, iar \u00een 1998 a fondat cvartetul Cellissimo, prezent pe scenele portugheze \u00een 2013, la CCB (Lisabona) \u0219i Casa da M\u00fasica (Porto). Maestrul <strong><b>Marin Cazacu<\/b><\/strong>\u00a0a c\u00e2ntat al\u0103turi de Ghennadi Rojdestvenski, Sergiu Comissiona, Horia Andreescu, Antoni Ros Marba, Vladimir Orlov, Radu Aldulescu, Jeremy Menuhin \u0219i al\u021bii. De asemenea, a avut multiple apari\u021bii la festivaluri interna\u021bionale precum cele de la Berlin, Hong-Kong, Macao, M\u00fcnchen, Milano, Osaka, Seoul, Tokio.<\/p>\n<p>\u00cen ultimul timp, <strong><b>Ansamblul Violoncellissimo<\/b><\/strong>\u00a0a fost tot mai frecvent invitat s\u0103 sus\u0163in\u0103 concerte \u00een diferite formule \u015fi \u00een diferite locuri. Iar aceste invita\u0163ii au venit at\u00e2t pentru faptul c\u0103 de la concertele lor publicul pleac\u0103 entuziasmat, c\u00e2t \u015fi, mai ales, pentru faptul c\u0103 sunt exemplul viu al succesului dat de combina\u021bia dintre profesionalism, prietenie, dialog \u00eentre genera\u021bii \u0219i mult\u0103 veselie.<\/p>\n<p>Publicul a avut ocazia de a aplauda pe unii dintre cei mai buni violonceli\u0219ti din Rom\u00e2nia, dar \u015fi rezultatele extraordinare la care duce excelenta rela\u021bie dintre Maestru \u0219i Discipoli. <strong><b>Marin Cazacu<\/b><\/strong>, <em><i>Maestrul<\/i><\/em>\u00a0\u015fi profesorul celorlal\u021bi membri ai minunatului Ansamblu Violoncellissimo a \u00eentemeiat aceast\u0103 forma\u021bie, care poate avea un num\u0103r variabil de instrumenti\u0219ti. \u00cen aceast\u0103 formul\u0103 flexibil\u0103 \u015fi mereu surprinz\u0103toare, familia \u201cextins\u0103\u201d <strong><b>Cazacu<\/b><\/strong>\u00a0a cucerit scenele de la noi \u015fi din afar\u0103 cu apari\u0163ii notabile la Luxemburg, Bruxelles, Istanbul, Beijing, Washington, Paris \u015fi nu numai, ajung\u00e2nd la sf\u00e2r\u015fitul acestui an la Oslo \u015fi Praga.<\/p>\n<p><strong><b>Organizator :\u00a0 Centrul Na\u021bional de Art\u0103 \u201eTinerimea Rom\u00e2n\u0103&#8221;<\/b><\/strong><br \/>\n<strong><b>Partener : Ambasada Rom\u00e2niei la Praga, ICR Praga<\/b><\/strong><br \/>\n<strong><b>Parteneri culturali si media: Funda\u0163ia Prietenii muzicii Serafim Antropov, Pro Contemporania, The Culture Club, Radio Rom\u00e2nia Cultural \u015fi Radio Rom\u00e2nia Muzical, Rom\u00e2nia TV,\u00a0Mediatrust,\u00a0 Liternet, Agen\u0163ia de carte.<\/b><\/strong><\/p>\n<p><img fetchpriority=\"high\" decoding=\"async\" class=\"aligncenter size-full wp-image-2997\" src=\"https:\/\/tinerimearomana.ro\/despre\/wp-content\/uploads\/sites\/10\/2022\/12\/Violoncellissimo-Cehia-2022_web.jpg\" alt=\"\" width=\"960\" height=\"1360\" srcset=\"https:\/\/tinerimearomana.ro\/despre\/wp-content\/uploads\/sites\/10\/2022\/12\/Violoncellissimo-Cehia-2022_web.jpg 960w, https:\/\/tinerimearomana.ro\/despre\/wp-content\/uploads\/sites\/10\/2022\/12\/Violoncellissimo-Cehia-2022_web-212x300.jpg 212w, https:\/\/tinerimearomana.ro\/despre\/wp-content\/uploads\/sites\/10\/2022\/12\/Violoncellissimo-Cehia-2022_web-723x1024.jpg 723w, https:\/\/tinerimearomana.ro\/despre\/wp-content\/uploads\/sites\/10\/2022\/12\/Violoncellissimo-Cehia-2022_web-768x1088.jpg 768w\" sizes=\"(max-width: 960px) 100vw, 960px\" \/><\/p>\n","protected":false},"excerpt":{"rendered":"<p>Ansamblul Violoncellissimo condus de\u00a0Marin Cazacu va \u00eencheia spectaculosul an 2022, cu un concert extraordinar de Cr\u0103ciun sus\u0163inut la Praga pe 20 decembrie, concertul Violoncellissimo fiind adaptat \u00een mod special perioadei s\u0103rb\u0103torilor, programul obi\u015fnuit de turneu al ansamblului fiind completat de aceast\u0103 dat\u0103 de spectaculoase adapt\u0103ri de colinde \u015fi c\u00e2ntece de Cr\u0103ciun, sub genericul Christmas Concert&#8230;.<\/p>\n","protected":false},"author":1,"featured_media":0,"comment_status":"closed","ping_status":"open","sticky":false,"template":"","format":"standard","meta":{"_kadence_starter_templates_imported_post":false,"_kad_post_transparent":"default","_kad_post_title":"default","_kad_post_layout":"default","_kad_post_sidebar_id":"","_kad_post_content_style":"default","_kad_post_vertical_padding":"default","_kad_post_feature":"","_kad_post_feature_position":"","_kad_post_header":false,"_kad_post_footer":false,"_kad_post_classname":"","footnotes":""},"categories":[3],"tags":[],"class_list":["post-2996","post","type-post","status-publish","format-standard","hentry","category-evenimente"],"_links":{"self":[{"href":"https:\/\/tinerimearomana.ro\/despre\/wp-json\/wp\/v2\/posts\/2996"}],"collection":[{"href":"https:\/\/tinerimearomana.ro\/despre\/wp-json\/wp\/v2\/posts"}],"about":[{"href":"https:\/\/tinerimearomana.ro\/despre\/wp-json\/wp\/v2\/types\/post"}],"author":[{"embeddable":true,"href":"https:\/\/tinerimearomana.ro\/despre\/wp-json\/wp\/v2\/users\/1"}],"replies":[{"embeddable":true,"href":"https:\/\/tinerimearomana.ro\/despre\/wp-json\/wp\/v2\/comments?post=2996"}],"version-history":[{"count":1,"href":"https:\/\/tinerimearomana.ro\/despre\/wp-json\/wp\/v2\/posts\/2996\/revisions"}],"predecessor-version":[{"id":2998,"href":"https:\/\/tinerimearomana.ro\/despre\/wp-json\/wp\/v2\/posts\/2996\/revisions\/2998"}],"wp:attachment":[{"href":"https:\/\/tinerimearomana.ro\/despre\/wp-json\/wp\/v2\/media?parent=2996"}],"wp:term":[{"taxonomy":"category","embeddable":true,"href":"https:\/\/tinerimearomana.ro\/despre\/wp-json\/wp\/v2\/categories?post=2996"},{"taxonomy":"post_tag","embeddable":true,"href":"https:\/\/tinerimearomana.ro\/despre\/wp-json\/wp\/v2\/tags?post=2996"}],"curies":[{"name":"wp","href":"https:\/\/api.w.org\/{rel}","templated":true}]}}