{"id":2988,"date":"2022-11-21T14:39:49","date_gmt":"2022-11-21T12:39:49","guid":{"rendered":"https:\/\/tinerimearomana.ro\/despre\/?p=2988"},"modified":"2022-11-21T14:39:49","modified_gmt":"2022-11-21T12:39:49","slug":"ansamblul-violoncellissimo-concert-extraordinar-la-oslo-dedicat-zilei-nationale-a-romaniei","status":"publish","type":"post","link":"https:\/\/tinerimearomana.ro\/despre\/ro\/ansamblul-violoncellissimo-concert-extraordinar-la-oslo-dedicat-zilei-nationale-a-romaniei\/","title":{"rendered":"ANSAMBLUL VIOLONCELLISSIMO &#8211; CONCERT EXTRAORDINAR LA OSLO, DEDICAT ZILEI NATIONALE A ROMANIEI"},"content":{"rendered":"<p>Ansamblul\u00a0<strong><b>Violoncellissimo<\/b><\/strong>\u00a0\u00a0condus de violoncelistul \u0219i profesorul<strong><b>\u00a0Marin Cazacu<\/b><\/strong>\u00a0va sus\u0163ine, pe <strong><b>1 decembrie<\/b><\/strong>\u00a0<strong><b>2022<\/b><\/strong>, un concert extraordinar cu ocazia celebr\u0103rii <strong><b>Zilei Na\u0163ionale a Rom\u00e2niei la Oslo<\/b><\/strong>, \u00een capitala Norvegiei. Evenimentul, care se va desf\u0103\u0219ura \u00een Sala OsloMet din cadrul Universit\u0103\u021bii Metropolitan din Oslo, este organizat de Centrul Na\u0163ional de Art\u0103 Tinerimea Rom\u00e2n\u0103, \u00een parteneriat cu Institutul Cultural Rom\u00e2n din Stockholm \u0219i cu Ambasada Rom\u00e2niei \u00een Regatul Norvegiei.<\/p>\n<p>Din ansamblul <strong><b>Violoncellissimo<\/b><\/strong>, invitat la Oslo, vor face parte 12 violonceli\u0219ti, un pianist \u0219i un percu\u021bionist care vor interpreta lucr\u0103ri\u00a0de Johann Schrammel, G.Fr. Haendel, Constantin Dimitrescu, Cornelia T\u0103utu, Astor Piazzolla, Burt Bacharach\/ V. Despalj (aranjament),\u00a0Dmitri \u0218ostakovici, Rimski Korsakov, Ramin Djawadi, Radu Sinaci, Freddie Mercury \u0219i Sabin Pautza (aranjament).<\/p>\n<p><em>\u201eSuntem onora\u021bi s\u0103 s\u0103rb\u0103torim Ziua Na\u021bional\u0103 a Rom\u00e2niei \u00een Norvegia, iar programul muzical pe care l-am ales pentru aceast\u0103 ocazie cu totul special\u0103 include lucr\u0103ri foarte diverse, \u00een care expresivitatea violoncelului va fi pus\u0103 \u00een valoare \u00een c\u00e2t mai multe registre posibile. Vom interpreta lucr\u0103ri celebre de muzic\u0103 clasic\u0103, lucr\u0103ri rom\u00e2ne\u0219ti \u0219i propriile noastre aranjamente de piese populare, \u00eentr-un repertoriu de muzic\u0103 pornind de la classic si ajung\u00e2nd la pop, jazz \u0219i chiar rock, cu care vom \u00eenc\u00e2nta audien\u021ba de la Oslo\u201d,<\/em>\u00a0a declarat maestrul Marin Cazacu.<\/p>\n<p><img fetchpriority=\"high\" decoding=\"async\" class=\"aligncenter size-full wp-image-2990\" src=\"https:\/\/tinerimearomana.ro\/despre\/wp-content\/uploads\/sites\/10\/2022\/11\/violocellissimo-oslo2022-1.jpg\" alt=\"\" width=\"900\" height=\"1256\" srcset=\"https:\/\/tinerimearomana.ro\/despre\/wp-content\/uploads\/sites\/10\/2022\/11\/violocellissimo-oslo2022-1.jpg 900w, https:\/\/tinerimearomana.ro\/despre\/wp-content\/uploads\/sites\/10\/2022\/11\/violocellissimo-oslo2022-1-215x300.jpg 215w, https:\/\/tinerimearomana.ro\/despre\/wp-content\/uploads\/sites\/10\/2022\/11\/violocellissimo-oslo2022-1-734x1024.jpg 734w, https:\/\/tinerimearomana.ro\/despre\/wp-content\/uploads\/sites\/10\/2022\/11\/violocellissimo-oslo2022-1-768x1072.jpg 768w\" sizes=\"(max-width: 900px) 100vw, 900px\" \/><\/p>\n","protected":false},"excerpt":{"rendered":"<p>Ansamblul\u00a0Violoncellissimo\u00a0\u00a0condus de violoncelistul \u0219i profesorul\u00a0Marin Cazacu\u00a0va sus\u0163ine, pe 1 decembrie\u00a02022, un concert extraordinar cu ocazia celebr\u0103rii Zilei Na\u0163ionale a Rom\u00e2niei la Oslo, \u00een capitala Norvegiei. Evenimentul, care se va desf\u0103\u0219ura \u00een Sala OsloMet din cadrul Universit\u0103\u021bii Metropolitan din Oslo, este organizat de Centrul Na\u0163ional de Art\u0103 Tinerimea Rom\u00e2n\u0103, \u00een parteneriat cu Institutul Cultural Rom\u00e2n din&#8230;<\/p>\n","protected":false},"author":1,"featured_media":0,"comment_status":"closed","ping_status":"open","sticky":false,"template":"","format":"standard","meta":{"_kadence_starter_templates_imported_post":false,"_kad_post_transparent":"default","_kad_post_title":"default","_kad_post_layout":"default","_kad_post_sidebar_id":"","_kad_post_content_style":"default","_kad_post_vertical_padding":"default","_kad_post_feature":"","_kad_post_feature_position":"","_kad_post_header":false,"_kad_post_footer":false,"_kad_post_classname":"","footnotes":""},"categories":[3],"tags":[],"class_list":["post-2988","post","type-post","status-publish","format-standard","hentry","category-evenimente"],"_links":{"self":[{"href":"https:\/\/tinerimearomana.ro\/despre\/wp-json\/wp\/v2\/posts\/2988"}],"collection":[{"href":"https:\/\/tinerimearomana.ro\/despre\/wp-json\/wp\/v2\/posts"}],"about":[{"href":"https:\/\/tinerimearomana.ro\/despre\/wp-json\/wp\/v2\/types\/post"}],"author":[{"embeddable":true,"href":"https:\/\/tinerimearomana.ro\/despre\/wp-json\/wp\/v2\/users\/1"}],"replies":[{"embeddable":true,"href":"https:\/\/tinerimearomana.ro\/despre\/wp-json\/wp\/v2\/comments?post=2988"}],"version-history":[{"count":1,"href":"https:\/\/tinerimearomana.ro\/despre\/wp-json\/wp\/v2\/posts\/2988\/revisions"}],"predecessor-version":[{"id":2991,"href":"https:\/\/tinerimearomana.ro\/despre\/wp-json\/wp\/v2\/posts\/2988\/revisions\/2991"}],"wp:attachment":[{"href":"https:\/\/tinerimearomana.ro\/despre\/wp-json\/wp\/v2\/media?parent=2988"}],"wp:term":[{"taxonomy":"category","embeddable":true,"href":"https:\/\/tinerimearomana.ro\/despre\/wp-json\/wp\/v2\/categories?post=2988"},{"taxonomy":"post_tag","embeddable":true,"href":"https:\/\/tinerimearomana.ro\/despre\/wp-json\/wp\/v2\/tags?post=2988"}],"curies":[{"name":"wp","href":"https:\/\/api.w.org\/{rel}","templated":true}]}}