{"id":2975,"date":"2022-09-20T23:41:47","date_gmt":"2022-09-20T21:41:47","guid":{"rendered":"https:\/\/tinerimearomana.ro\/despre\/?p=2975"},"modified":"2022-09-20T23:47:01","modified_gmt":"2022-09-20T21:47:01","slug":"clasic-la-puterea-a-treia-un-nou-turneu-national-sustinut-de-ansamblul-violoncellissimo","status":"publish","type":"post","link":"https:\/\/tinerimearomana.ro\/despre\/ro\/clasic-la-puterea-a-treia-un-nou-turneu-national-sustinut-de-ansamblul-violoncellissimo\/","title":{"rendered":"&#8220;CLASIC LA PUTEREA A TREIA&#8221; UN NOU TURNEU NATIONAL SUSTINUT DE ANSAMBLUL VIOLONCELLISSIMO"},"content":{"rendered":"<p><em>\u201cNe place enorm ceea ce facem \u0219i dorim s\u0103 oferim ascult\u0103torilor no\u0219tri momente de neuitat prin prezentarea diferitelor ipostaze de exprimare ale violoncelului\u201d<\/em> spune violoncelistul \u015fi profesorul Marin Cazacu, liderul ansamblului \u015fi directorul general al Filarmonicii George Enescu din Bucure\u015fti.<\/p>\n<p><strong>Edi\u021bia a IV-a a turneului Clasic la puterea a treia<\/strong>, supranumit anul acesta <strong>Euforica<\/strong>, sus\u021binut de <strong>Marin Cazacu<\/strong> \u0219i ansamblul cameral <strong>Violoncellissimo<\/strong>, se va deschide oficial la <strong>Oradea, \u00een Sala Filarmonicii, pe 30 septembrie<\/strong>, zi care marcheaz\u0103 \u0219i aniversarea violoncelistului <strong>Marin Cazacu<\/strong>:<br \/>\n<em>\u201dM\u0103 bucur s\u0103 fiu de ziua mea \u00eentr-o sal\u0103 de concerte. Este cadoul cel mai frumos pe care a\u0219 putea s\u0103 mi-l fac: s\u0103 ofer publicului muzica noastr\u0103 \u0219i s\u0103 fiu al\u0103turi de discipolii mei de pe scen\u0103 \u0219i de prietenii mei din sal\u0103.\u201d<\/em><\/p>\n<p>Turneul va continua \u00een mai multe ora\u0219e din \u021bar\u0103 \u00een octombrie, perioad\u0103 \u00een care cei mai buni violonceli\u0219ti din \u021bar\u0103 vor pleca de la Oradea, vor trece prin Arad \u0219i Sibiu, ajung\u00e2nd la Bistri\u021ba, Cluj \u0219i Deva. Turneul se va opri \u0219i \u00een dou\u0103 capitale, Bucure\u0219ti \u0219i Chi\u0219in\u0103u.<br \/>\nEste deja cunoscut faptul c\u0103 cei care ascult\u0103 <strong>Violoncellissimo<\/strong>, pleac\u0103 de la concerte plini de entuziasm. A\u0219a c\u0103 supranumele de anul acesta, <strong>Euforica<\/strong>, nu este deloc \u00eent\u00e2mpl\u0103tor: \u201cDe patru ani str\u0103batem \u0163ara \u00een fiecare toamn\u0103 \u00een aceast\u0103 formul\u0103, aparent aceea\u015fi, dar \u00een permanen\u0163\u0103 alta, pentru c\u0103 \u00een fiecare an ni se al\u0103tur\u0103 noi membri. spune violoncelistul \u015fi profesorul Marin Cazacu, liderul ansamblului \u015fi directorul general al Filarmonicii George Enescu.<\/p>\n<p>De la <strong>entuziasm \u0219i ie\u0219ire din tipare<\/strong> au plecat maestrul \u0219i discipolii s\u0103i \u0219i atunci c\u00e2nd au ales programul acestei edi\u021bii: <em>\u201c\u00cen ultimii ani am spart toate barierele repertoriale, aduc\u00e2nd \u00een fa\u021ba publicului lucr\u0103ri celebre din muzica clasic\u0103, dar \u0219i incluz\u00e2nd \u00een programele noastre alte genuri muzicale care se potrivesc cu profilul violoncelului \u0219i cu spiritul nostru, al interpre\u021bilor. Ne place s\u0103 ne adres\u0103m tuturor categoriilor de public, oferindu-le piese de muzic\u0103 clasic\u0103, jazz, rock, folclor, muzic\u0103 de film \u0219i divertisment. Concertele noastre transmit emo\u021bie, poezie, energie, optimism \u0219i speran\u021b\u0103\u201d<\/em> spune Marin Cazacu<\/p>\n<p><strong>ITINERAR<\/strong><br \/>\n30 septembrie &#8211; <strong>deschiderea oficial\u0103<\/strong> &#8211; Oradea\u00a0 &#8211; Sala Filarmonicii<br \/>\n1 octombrie \u00a0&#8211; Arad, Palatul Culturii<br \/>\n5 octombrie \u00a0&#8211; Sibiu, Sala Thalia<br \/>\n9 octombrie \u00a0&#8211; Bucure\u0219ti, Ateneul Rom\u00e2n<br \/>\n16 octombrie \u2013 Piatra Neam\u0163, Sala Consiliului Jude\u0163ean<br \/>\n17 octombrie \u00a0&#8211; Chi\u0219in\u0103u, Sala cu Org\u0103<br \/>\n20 octombrie \u00a0&#8211; Bistri\u0163a, Palatul Culturii<br \/>\n21 octombrie \u00a0&#8211; Cluj-Napoca, Opera Maghiar\u0103 de Stat<br \/>\n22 octombrie \u00a0&#8211; Deva, Centrul Cultural Dr\u0103gan Muntean<br \/>\n23 octombrie &#8211; Ploie\u015fti, Sala Filarmonicii<\/p>\n<p><strong>Violoncellissimo<\/strong> este unul dintre cele mai cunoscute ansambluri camerale rom\u00e2ne\u0219ti, format la ini\u021biativa violoncelistului <strong>Marin Cazacu<\/strong>, cu misiunea de a deschide noi drumuri pentru promovarea muzicii \u0219i a tinerelor talente din Rom\u00e2nia.<\/p>\n<p>Violoncellissimo a sus\u021binut primul turneu na\u021bional \u00een 2019, iar \u00een anii urm\u0103tori \u0219i-a continuat povestea prin evenimente similare cu ecouri \u00een toat\u0103 \u021bara.<\/p>\n<p>\u00cen aceast\u0103 perioad\u0103, ansamblul a sus\u021binut concerte \u00een cadrul unor importante evenimente culturale din Rom\u00e2nia \u0219i str\u0103in\u0103tate: cel mai recent, la Marea Sal\u0103 UNESCO Paris \u2013 aniversare 65 ani Rom\u00e2nia la UNESCO \u00een octombrie 2021, la Expo 2020 Dubai, \u00een decembrie 2021, dar \u015fi la Washington, Bruxelles, Luxemburg, Istanbul etc.<\/p>\n<p>Marin Cazacu este directorul general al Filarmonicii George Enescu, profesor la Universitatea Na\u021bional\u0103 de Muzic\u0103 din Bucure\u0219ti, iar \u00een 1998 a fondat cvartetul Cellissimo, prezent pe scenele portugheze \u00een 2013, la CCB (Lisabona) \u0219i Casa da M\u00fasica (Porto). Maestrul Marin Cazacu a c\u00e2ntat al\u0103turi de Ghennadi Rojdestvenski, Sergiu Comissiona, Horia Andreescu, Antoni Ros Marba, Vladimir Orlov, Radu Aldulescu, Jeremy Menuhin \u0219i al\u021bii. De asemenea, a avut multiple apari\u021bii solistice la festivaluri interna\u021bionale precum cele de la Berlin, Hong-Kong, Macao, M\u00fcnchen, Milano, Osaka, Seoul, Tokio.<\/p>\n<p><strong>PROGRAM MUZICAL:<\/strong><br \/>\n\uf0b7Johann Schrammel &#8211; Mar\u0219<br \/>\n\uf0b7G. Fr. Handel &#8211; Passacaglia<br \/>\n\uf0b7P.I. Ceaikovski &#8211; Aria lui Lensky<br \/>\n\uf0b7Astor Piazzolla &#8211; Oblivion \u0219i Libertango<br \/>\n\uf0b7Jacques Offenbach &#8211; Can Can<br \/>\n\uf0b7Dimitri \u015eostakovici &#8211; Vals<br \/>\n\uf0b7*** &#8211; Suit\u0103 folcloric\u0103 rom\u00e2neasc\u0103<br \/>\n\uf0b7Radu Sinaci &#8211; Tribute to Mozart<br \/>\n\uf0b7Radu Sinaci &#8211; Beethoven Rocks\u2026<br \/>\n\uf0b7Saint Saens \/ Radu Sinaci &#8211; Bacchanale<br \/>\n\uf0b7Sabin Pautza (arr.) &#8211; The Final Countdown<br \/>\n\uf0b7Mozart\/Say &#8211; Alla Turca Jazz Rock<\/p>\n<p>Spot promovare Violoncellissimo 2022<br \/>\nhttps:\/\/youtu.be\/0Wd3e8ADuN0<\/p>\n<p>Violoncellissimo la UNESCO PARIS 2021 &#8211; post eveniment (EN)<br \/>\nhttps:\/\/www.youtube.com\/watch?v=CsMEFhKXWYw<\/p>\n<p>Violoncellissimo la EXPO 2020 DUBAI &#8211; post eveniment<br \/>\nhttps:\/\/www.youtube.com\/watch?app=desktop&amp;v=yM6Fbl6Rrfs<\/p>\n<p>www,clasiclaputereaatreia.violoncellissimo.procontemporania.ro\/<\/p>\n<p>www.violoncellissimo.ro<\/p>\n<p>Partener principal: BRD Groupe Soci\u00e9t\u00e9 G\u00e9n\u00e9rale<\/p>\n<p>Cu sprijinul: JTI, Aqua Carpatica, Domeniile S\u00e2mbure\u015fti, Alliance Healthcare<\/p>\n<p>Produc\u0103tor: Pro Contemporania<\/p>\n<p>Coproducatori: Radio Rom\u00e2nia Actualit\u0103\u0163i, Radio Rom\u00e2nia Cultural, Radio Rom\u00e2nia Muzical, Radio Rom\u00e2nia Regional<br \/>\nParteneri culturali: Centrul Na\u0163ional de Art\u0103 Tinerimea Rom\u00e2n\u0103, Prim\u0103ria Sinaia, Filarmonica din Oradea, Filarmonica din Arad, Filarmonica din Sibiu, Filarmonica \u201eGeorge Enescu\u201d din Bucure\u015fti, Filarmonica din Ploie\u015fti, Filarmonica din Bac\u0103u, Sala cu Org\u0103 din Chi\u015fin\u0103u, Centrul Municipal pentru Cultur\u0103 George Co\u0219buc din Bistri\u0163a, Prim\u0103ria Bistri\u0163a, Opera Maghiar\u0103 de stat din Cluj Napoca, Centrul cultural \u201eDr\u0103gan Muntean\u201d din Deva, Prim\u0103ria Deva, Funda\u021bia Prietenii muzicii &#8211; Serafim Antropov<\/p>\n<p>Parteneri media: Mediatrust, Rom\u00e2nia TV, Liternet, Agen\u0163ia de carte, Observator cultural, The Culture Hub, Smart FM, Viewfinder Solutions, The Culture Club<\/p>\n","protected":false},"excerpt":{"rendered":"<p>\u201cNe place enorm ceea ce facem \u0219i dorim s\u0103 oferim ascult\u0103torilor no\u0219tri momente de neuitat prin prezentarea diferitelor ipostaze de exprimare ale violoncelului\u201d spune violoncelistul \u015fi profesorul Marin Cazacu, liderul ansamblului \u015fi directorul general al Filarmonicii George Enescu din Bucure\u015fti. Edi\u021bia a IV-a a turneului Clasic la puterea a treia, supranumit anul acesta Euforica, sus\u021binut&#8230;<\/p>\n","protected":false},"author":1,"featured_media":0,"comment_status":"closed","ping_status":"open","sticky":false,"template":"","format":"standard","meta":{"_kadence_starter_templates_imported_post":false,"_kad_post_transparent":"default","_kad_post_title":"default","_kad_post_layout":"default","_kad_post_sidebar_id":"","_kad_post_content_style":"default","_kad_post_vertical_padding":"default","_kad_post_feature":"","_kad_post_feature_position":"","_kad_post_header":false,"_kad_post_footer":false,"_kad_post_classname":"","footnotes":""},"categories":[3],"tags":[],"class_list":["post-2975","post","type-post","status-publish","format-standard","hentry","category-evenimente"],"_links":{"self":[{"href":"https:\/\/tinerimearomana.ro\/despre\/wp-json\/wp\/v2\/posts\/2975"}],"collection":[{"href":"https:\/\/tinerimearomana.ro\/despre\/wp-json\/wp\/v2\/posts"}],"about":[{"href":"https:\/\/tinerimearomana.ro\/despre\/wp-json\/wp\/v2\/types\/post"}],"author":[{"embeddable":true,"href":"https:\/\/tinerimearomana.ro\/despre\/wp-json\/wp\/v2\/users\/1"}],"replies":[{"embeddable":true,"href":"https:\/\/tinerimearomana.ro\/despre\/wp-json\/wp\/v2\/comments?post=2975"}],"version-history":[{"count":4,"href":"https:\/\/tinerimearomana.ro\/despre\/wp-json\/wp\/v2\/posts\/2975\/revisions"}],"predecessor-version":[{"id":2979,"href":"https:\/\/tinerimearomana.ro\/despre\/wp-json\/wp\/v2\/posts\/2975\/revisions\/2979"}],"wp:attachment":[{"href":"https:\/\/tinerimearomana.ro\/despre\/wp-json\/wp\/v2\/media?parent=2975"}],"wp:term":[{"taxonomy":"category","embeddable":true,"href":"https:\/\/tinerimearomana.ro\/despre\/wp-json\/wp\/v2\/categories?post=2975"},{"taxonomy":"post_tag","embeddable":true,"href":"https:\/\/tinerimearomana.ro\/despre\/wp-json\/wp\/v2\/tags?post=2975"}],"curies":[{"name":"wp","href":"https:\/\/api.w.org\/{rel}","templated":true}]}}