{"id":286,"date":"2016-01-28T16:04:13","date_gmt":"2016-01-28T14:04:13","guid":{"rendered":"http:\/\/tinerimearomana.ro\/despre\/?p=286"},"modified":"2022-07-28T23:19:31","modified_gmt":"2022-07-28T21:19:31","slug":"ansamblul-violoncellissimo-de-ziua-lui-brancusi-la-bruxelles","status":"publish","type":"post","link":"https:\/\/tinerimearomana.ro\/despre\/en\/ansamblul-violoncellissimo-de-ziua-lui-brancusi-la-bruxelles\/","title":{"rendered":"Ansamblul Violoncellissimo de ziua lui Br\u00e2ncu\u0219i la Bruxelles"},"content":{"rendered":"<div class=\"su-spacer\" style=\"height:40px\"><\/div>\n[infobox style=&#8217;info&#8217; static=&#8217;1&#8242;]\nPe <strong>2 februarie 2016<\/strong>, cu ocazia anivers\u0103rii in luna februarie a <strong>140 de ani de la na\u0219terea lui Constantin Br\u00e2ncu\u0219i<\/strong>, renumitul ansamblu <strong>Violoncellissimo<\/strong> creat \u0219i condus de <strong>Marin Cazacu<\/strong> va concerta la Bruxelles la sediul <strong>Reprezentan\u021bei Permanente a Rom\u00e2niei pe l\u00e2ng\u0103 UE.<\/strong><\/p>\n<p>Ansamblul <strong>Violoncellissimo<\/strong> \u2013 una dintre cele mai spectaculoase \u0219i mai performante forma\u021bii camerale ale Rom\u00e2niei &#8211; este format din membri ai Orchestrei Rom\u00e2ne de Tineret \u0219i va fi condus de violoncelistul \u0219i profesorul <strong>Marin Cazacu<\/strong>.<\/p>\n<p>Concertul urmeaz\u0103 dup\u0103 cel pe care Orchestra Rom\u00e2n\u0103 de Tineret \u00eel va sus\u021bine la celebra sal\u0103 de concerte BOZAR pe 1 februarie, \u00een cadrul unui eveniment special.<\/p>\n<p>Organizatori: <strong>Reprezentan\u021ba Permanent\u0103 a Rom\u00e2niei pe l\u00e2ng\u0103 UE<\/strong> \u00een colaborare cu <strong>European Artists Management<\/strong> \u0219i <strong>Centrul Na\u021bional de Art\u0103 \u201cTinerimea Rom\u00e2n\u0103\u201d.\u00a0<\/strong>Parteneri media <strong>Radio Rom\u00e2nia Cultural<\/strong> \u0219i <strong>Radio Rom\u00e2nia Muzical<\/strong><\/p>\n<p><strong>Ansamblul VIOLONCELLISSIMO<\/strong><\/p>\n<p><em>\u201cArta interpret\u0103rii violoncelistice ridicat\u0103 la rang de spectacol!\u201d<\/em><\/p>\n<p>Ap\u0103rut \u00een anul 2000 la ini\u0163iativa renumitului violoncelist\u00a0 <strong>Marin Cazacu<\/strong>, ansamblul Violoncellissimo reune\u0219te cei mai performan\u021bi violonceli\u0219ti ai momentului din Rom\u00e2nia.<\/p>\n<p>Creat pentru a deschide un drum nou \u00een promovarea muzicii \u015fi al tinerelor talente, Violoncellissimo exploreaz\u0103 limitele imenselor posibilit\u0103\u021bi de expresie muzical\u0103 a violoncelului, entuziasm\u00e2nd publicul cu prilejul fiec\u0103rei apari\u021bii.<\/p>\n<p>Av\u00e2nd la activ sute de concerte sus\u021binute \u00een Italia, Spania, Portugalia, Macao, Germania, Austria, precum \u0219i \u00een multe ora\u0219e ale Rom\u00e2niei, la care se adaug\u0103 numeroase \u00eenregistr\u0103ri video \u0219i audio, Violoncellissimo se m\u00e2ndre\u0219te cu dou\u0103 prezen\u021be \u00een cadrul Festivalului Interna\u021bional George Enescu \u00een 2001 \u0219i 2013.<\/p>\n<p>De asemenea \u00een palmaresul ansamblului Violoncellissimo se afl\u0103 \u0219i concerte demne de Cartea Recordurilor, precum cele din 4 mai 2008 \u0219i cel din 26 mai 2013 c\u00e2nd pe scen\u0103 au urcat 60 \u0219i respectiv\u2026 100 de violonceli\u0219ti.<\/p>\n<p>Adjectivele &#8220;extraordinar&#8221;, &#8220;senzational&#8221; , &#8220;unic&#8221; &#8221; sear\u0103 de neuitat&#8221;, care au ap\u0103rut \u00een pres\u0103, au f\u0103cut \u00eenconjurul lumii muzicale din toate \u021b\u0103rile \u00een care au concertat muzicienii rom\u00e2ni.<\/p>\n<p>Repertoriul ansamblului, este foarte divers, cu pronun\u021bate tr\u0103s\u0103turi crossover, fiind alc\u0103tuit din piese originale \u015fi transcrip\u0163ii din foarte multe stiluri, de la baroc la World Music, trec\u00e2nd prin folclor tradi\u021bional rom\u00e2nesc, pop sau jazz.<\/p>\n<p><strong>Program:<\/strong><\/p>\n<p>Johann Schrammel \u2013 March<br \/>\nTomaso Albinoni \u2013 Adagio<br \/>\nConstantin Dimitrescu \u2013 Romanian Dance<br \/>\nHeitor Villa Lobos &#8211; Bachianas Brasileiras no. 1 \u2013 Andante<br \/>\nHans Zimmer\/ Cazacu &#8211; \u201eThe Pirates of Caribbean\u201d<br \/>\nAstor Piazzolla\/Cazacu \u2013 Oblivion and Libertango<br \/>\nN.Rimski Korsakov &#8211; The flight of the Bumblebee<br \/>\nMozart \/Say\/Cazacu &#8211; Alla Turca Jazz<br \/>\nSabin Pautza( arr) &#8211; The Final Countdown<\/p>\n<div class=\"su-spacer\" style=\"height:30px\"><\/div>\n<strong>FOTO<\/strong><br \/>\n<div class=\"su-custom-gallery su-custom-gallery-align-left su-custom-gallery-title-never su-lightbox-gallery\"><div class=\"su-custom-gallery-slide\" style=\"width:200px;height:140px\"><a href=\"https:\/\/tinerimearomana.ro\/despre\/wp-content\/uploads\/sites\/10\/2016\/01\/Violoncellissimo-Dor-de-Eminescu2.jpg\" title=\"Violoncellissimo-Dor-de-Eminescu2\"><img decoding=\"async\" src=\"https:\/\/tinerimearomana.ro\/despre\/wp-content\/uploads\/sites\/10\/2016\/01\/Violoncellissimo-Dor-de-Eminescu2.jpg\" alt=\"Violoncellissimo-Dor-de-Eminescu2\" width=\"200\" height=\"140\" \/><span class=\"su-custom-gallery-title\">Violoncellissimo-Dor-de-Eminescu2<\/span><\/a><\/div><div class=\"su-custom-gallery-slide\" style=\"width:200px;height:140px\"><a href=\"https:\/\/tinerimearomana.ro\/despre\/wp-content\/uploads\/sites\/10\/2016\/01\/Violoncellissimo-Dor-de-Eminescu1.jpg\" title=\"Violoncellissimo-Dor-de-Eminescu1\"><img decoding=\"async\" src=\"https:\/\/tinerimearomana.ro\/despre\/wp-content\/uploads\/sites\/10\/2016\/01\/Violoncellissimo-Dor-de-Eminescu1.jpg\" alt=\"Violoncellissimo-Dor-de-Eminescu1\" width=\"200\" height=\"140\" \/><span class=\"su-custom-gallery-title\">Violoncellissimo-Dor-de-Eminescu1<\/span><\/a><\/div><div class=\"su-clear\"><\/div><\/div>\n[\/infobox]\n","protected":false},"excerpt":{"rendered":"<p>[infobox style=&#8217;info&#8217; static=&#8217;1&#8242;] Pe 2 februarie 2016, cu ocazia anivers\u0103rii in luna februarie a 140 de ani de la na\u0219terea lui Constantin Br\u00e2ncu\u0219i, renumitul ansamblu Violoncellissimo creat \u0219i condus de Marin Cazacu va concerta la Bruxelles la sediul Reprezentan\u021bei Permanente a Rom\u00e2niei pe l\u00e2ng\u0103 UE. Ansamblul Violoncellissimo \u2013 una dintre cele mai spectaculoase \u0219i mai&#8230;<\/p>\n","protected":false},"author":1,"featured_media":269,"comment_status":"open","ping_status":"open","sticky":false,"template":"","format":"standard","meta":{"_kadence_starter_templates_imported_post":false,"_kad_post_transparent":"default","_kad_post_title":"default","_kad_post_layout":"default","_kad_post_sidebar_id":"","_kad_post_content_style":"default","_kad_post_vertical_padding":"default","_kad_post_feature":"","_kad_post_feature_position":"","_kad_post_header":false,"_kad_post_footer":false,"_kad_post_classname":"","footnotes":""},"categories":[64],"tags":[],"class_list":["post-286","post","type-post","status-publish","format-standard","has-post-thumbnail","hentry","category-evenimente-en"],"_links":{"self":[{"href":"https:\/\/tinerimearomana.ro\/despre\/wp-json\/wp\/v2\/posts\/286"}],"collection":[{"href":"https:\/\/tinerimearomana.ro\/despre\/wp-json\/wp\/v2\/posts"}],"about":[{"href":"https:\/\/tinerimearomana.ro\/despre\/wp-json\/wp\/v2\/types\/post"}],"author":[{"embeddable":true,"href":"https:\/\/tinerimearomana.ro\/despre\/wp-json\/wp\/v2\/users\/1"}],"replies":[{"embeddable":true,"href":"https:\/\/tinerimearomana.ro\/despre\/wp-json\/wp\/v2\/comments?post=286"}],"version-history":[{"count":4,"href":"https:\/\/tinerimearomana.ro\/despre\/wp-json\/wp\/v2\/posts\/286\/revisions"}],"predecessor-version":[{"id":2946,"href":"https:\/\/tinerimearomana.ro\/despre\/wp-json\/wp\/v2\/posts\/286\/revisions\/2946"}],"wp:featuredmedia":[{"embeddable":true,"href":"https:\/\/tinerimearomana.ro\/despre\/wp-json\/wp\/v2\/media\/269"}],"wp:attachment":[{"href":"https:\/\/tinerimearomana.ro\/despre\/wp-json\/wp\/v2\/media?parent=286"}],"wp:term":[{"taxonomy":"category","embeddable":true,"href":"https:\/\/tinerimearomana.ro\/despre\/wp-json\/wp\/v2\/categories?post=286"},{"taxonomy":"post_tag","embeddable":true,"href":"https:\/\/tinerimearomana.ro\/despre\/wp-json\/wp\/v2\/tags?post=286"}],"curies":[{"name":"wp","href":"https:\/\/api.w.org\/{rel}","templated":true}]}}