{"id":2648,"date":"2022-06-04T21:51:13","date_gmt":"2022-06-04T19:51:13","guid":{"rendered":"https:\/\/tinerimearomana.ro\/despre\/?p=2648"},"modified":"2022-06-16T10:49:23","modified_gmt":"2022-06-16T08:49:23","slug":"orchestrele-nationale-de-tineret-ale-romaniei-organizeaza-auditie","status":"publish","type":"post","link":"https:\/\/tinerimearomana.ro\/despre\/en\/orchestrele-nationale-de-tineret-ale-romaniei-organizeaza-auditie\/","title":{"rendered":"ORCHESTRELE NATIONALE DE TINERET ALE ROMANIEI ORGANIZEAZA AUDITIE!"},"content":{"rendered":"<p style=\"text-align: center;\">Bucure\u015fti &#8211; Iunie 2022<br \/>\nCentrul Na\u0163ional de Art\u0103 \u201cTinerimea Rom\u00e2n\u0103\u201d<br \/>\nstr. Gutenberg, nr. 19<\/p>\n<p style=\"text-align: center;\">Audi\u0163ia se adreseaz\u0103 tinerilor muzicieni cu v\u00e2rste cuprinse \u00eentre 12 \u2013 27 ani<\/p>\n<p style=\"text-align: center;\">Dirijorii orchestrelor:<\/p>\n<p style=\"text-align: center;\">Cristian M\u0103celaru<br \/>\nCristian Mandeal<br \/>\nGabriel Bebe\u015felea<br \/>\nAlexander Sitkovetsky<br \/>\nAndrei St\u0103nculescu<\/p>\n<p style=\"text-align: center;\"><strong>Instrumentele pentru care se organizeaz\u0103 audi\u0163ia:<\/strong><\/p>\n<p style=\"text-align: center;\">vioar\u0103, viol\u0103, violoncel, contrabas, flaut, piccolo, oboi, corn englez, clarinet, clarinet bas, fagot, contrafagot, corn, trompet\u0103, trombon, tub\u0103, timpani &#8211; percu\u0163ie, harp\u0103<\/p>\n<p style=\"text-align: center;\">Inscrieri-le pentru anul 2022 s-au terminat!<\/p>\n<p style=\"text-align: center;\"><strong>Data limit\u0103 pentru \u00eenscrieri a fost 15 Iunie 2022<\/strong><\/p>\n<p>&nbsp;<\/p>\n<p><img fetchpriority=\"high\" decoding=\"async\" class=\"aligncenter size-full wp-image-2649\" src=\"https:\/\/tinerimearomana.ro\/despre\/wp-content\/uploads\/sites\/10\/2022\/06\/Afis-Auditii_Orch.Nat2022.jpg\" alt=\"\" width=\"980\" height=\"1381\" srcset=\"https:\/\/tinerimearomana.ro\/despre\/wp-content\/uploads\/sites\/10\/2022\/06\/Afis-Auditii_Orch.Nat2022.jpg 980w, https:\/\/tinerimearomana.ro\/despre\/wp-content\/uploads\/sites\/10\/2022\/06\/Afis-Auditii_Orch.Nat2022-213x300.jpg 213w, https:\/\/tinerimearomana.ro\/despre\/wp-content\/uploads\/sites\/10\/2022\/06\/Afis-Auditii_Orch.Nat2022-727x1024.jpg 727w, https:\/\/tinerimearomana.ro\/despre\/wp-content\/uploads\/sites\/10\/2022\/06\/Afis-Auditii_Orch.Nat2022-768x1082.jpg 768w\" sizes=\"(max-width: 980px) 100vw, 980px\" \/><\/p>\n<p style=\"text-align: center;\">\n","protected":false},"excerpt":{"rendered":"<p>Bucure\u015fti &#8211; Iunie 2022 Centrul Na\u0163ional de Art\u0103 \u201cTinerimea Rom\u00e2n\u0103\u201d str. Gutenberg, nr. 19 Audi\u0163ia se adreseaz\u0103 tinerilor muzicieni cu v\u00e2rste cuprinse \u00eentre 12 \u2013 27 ani Dirijorii orchestrelor: Cristian M\u0103celaru Cristian Mandeal Gabriel Bebe\u015felea Alexander Sitkovetsky Andrei St\u0103nculescu Instrumentele pentru care se organizeaz\u0103 audi\u0163ia: vioar\u0103, viol\u0103, violoncel, contrabas, flaut, piccolo, oboi, corn englez, clarinet,&#8230;<\/p>\n","protected":false},"author":1,"featured_media":2649,"comment_status":"closed","ping_status":"open","sticky":false,"template":"","format":"standard","meta":{"_kadence_starter_templates_imported_post":false,"_kad_post_transparent":"default","_kad_post_title":"default","_kad_post_layout":"default","_kad_post_sidebar_id":"","_kad_post_content_style":"default","_kad_post_vertical_padding":"default","_kad_post_feature":"","_kad_post_feature_position":"","_kad_post_header":false,"_kad_post_footer":false,"_kad_post_classname":"","footnotes":""},"categories":[66,64],"tags":[],"class_list":["post-2648","post","type-post","status-publish","format-standard","has-post-thumbnail","hentry","category-cariere-en","category-evenimente-en"],"_links":{"self":[{"href":"https:\/\/tinerimearomana.ro\/despre\/wp-json\/wp\/v2\/posts\/2648"}],"collection":[{"href":"https:\/\/tinerimearomana.ro\/despre\/wp-json\/wp\/v2\/posts"}],"about":[{"href":"https:\/\/tinerimearomana.ro\/despre\/wp-json\/wp\/v2\/types\/post"}],"author":[{"embeddable":true,"href":"https:\/\/tinerimearomana.ro\/despre\/wp-json\/wp\/v2\/users\/1"}],"replies":[{"embeddable":true,"href":"https:\/\/tinerimearomana.ro\/despre\/wp-json\/wp\/v2\/comments?post=2648"}],"version-history":[{"count":3,"href":"https:\/\/tinerimearomana.ro\/despre\/wp-json\/wp\/v2\/posts\/2648\/revisions"}],"predecessor-version":[{"id":2799,"href":"https:\/\/tinerimearomana.ro\/despre\/wp-json\/wp\/v2\/posts\/2648\/revisions\/2799"}],"wp:featuredmedia":[{"embeddable":true,"href":"https:\/\/tinerimearomana.ro\/despre\/wp-json\/wp\/v2\/media\/2649"}],"wp:attachment":[{"href":"https:\/\/tinerimearomana.ro\/despre\/wp-json\/wp\/v2\/media?parent=2648"}],"wp:term":[{"taxonomy":"category","embeddable":true,"href":"https:\/\/tinerimearomana.ro\/despre\/wp-json\/wp\/v2\/categories?post=2648"},{"taxonomy":"post_tag","embeddable":true,"href":"https:\/\/tinerimearomana.ro\/despre\/wp-json\/wp\/v2\/tags?post=2648"}],"curies":[{"name":"wp","href":"https:\/\/api.w.org\/{rel}","templated":true}]}}