{"id":220,"date":"2015-08-26T19:40:37","date_gmt":"2015-08-26T17:40:37","guid":{"rendered":"http:\/\/tinerimearomana.ro\/despre\/?p=220"},"modified":"2023-04-03T14:44:36","modified_gmt":"2023-04-03T12:44:36","slug":"centrul-national-de-arta-tinerimea-romana-la-festivalul-international-george-enescu","status":"publish","type":"post","link":"https:\/\/tinerimearomana.ro\/despre\/ro\/centrul-national-de-arta-tinerimea-romana-la-festivalul-international-george-enescu\/","title":{"rendered":"Centrul Na\u0163ional de Art\u0103 Tinerimea Rom\u00e2n\u0103 la  Festivalul Interna\u0163ional \u201cGeorge Enescu\u201d"},"content":{"rendered":"[:ro][infobox style=&#8217;info&#8217; static=&#8217;1&#8242;]\n<div class=\"su-row\">\n<div class=\"su-spacer\" style=\"height:20px\"><\/div>\n<p style=\"text-indent: 40px;\">\u00cen seara de 30 august, de la ora 19.30, cea de-a XXII-a edi\u021bie a Festivalului Interna\u021bional George Enescu (30 august \u2013 20 septembrie) se deschide cu Rapsodia Rom\u00e2n\u0103 Nr. 1 de George Enescu, \u00een interpretarea Orchestrei Rom\u00e2ne de Tineret, format\u0103 din cei mai valoro\u0219i tineri muzicieni din Rom\u00e2nia. Dirijor va fi renumitul Kristjan J\u00e4rvi, iar solist\u0103 violonista Sarah Chang, despre care New York Times scria c\u0103 \u201ctalentul ei este la un nivel at\u00e2t de \u00eenalt, \u00eenc\u00e2t nu ne r\u0103m\u00e2ne dec\u00e2t s\u0103 \u00eel vener\u0103m\u201d, pentru a interpreta Concertul nr. 2 pentru vioar\u0103 \u015fi orchestr\u0103 de Jan Sibelius, chiar \u00een anul \u00een care se aniverseaz\u0103 150 de ani de la na\u0219terea compozitorului finlandez. Concertul se va \u00eencheia cu celebra Carmina Burana de Carl Orff, av\u00e2ndu-i \u00een distribu\u021bie pe unul dintre cei mai bine cota\u021bi contratenori ai momentului \u00een lume, Max Emanuel Cen\u010di\u0107, dar \u015fi pe soprana Jennifer OLoughlin \u015fi baritonul Levente Molnar, al\u0103turi de Corul Filarmonicii George Enescu preg\u0103tit de Iosif Ion Prunner \u015fi Corul de Copii Radio preg\u0103tit de Voicu Popescu. <\/p>\n<div class=\"su-spacer\" style=\"height:20px\"><\/div>\n<p style=\"text-indent: 40px;\">Orchestra Rom\u00e2n\u0103 de Tineret a prezentat \u00een avanpremier\u0103 acest concert \u015fi sub bagheta lui Cristian Mandeal, \u00een cadrul concertelor de la Sinaia care au \u00eencheiat pe 25 \u015fi 26 august Festivalul Interna\u0163ional \u201cEnescu \u015fi muzica lumii\u201d. Av\u00e2ndu-l ca ini\u021biator \u0219i director artistic pe violoncelistul \u0219i profesorul Marin Cazacu, Orchestra Rom\u00e2n\u0103 de Tineret \u00ee\u015fi va continua seria de evenimente concertistice pe data de 2 septembrie, \u00eentr-un alt context onorant, sub bagheta lui Cristian Mandeal, respectiv la Festivalul orchestrelor de tineret din Aix en Provence.<\/p>\n<div class=\"su-spacer\" style=\"height:20px\"><\/div>\n<p style=\"text-indent: 40px;\">Sub egida Festivalului Interna\u021bional George Enescu, Centrul Na\u0163ional de Art\u0103 Tinerimea Rom\u00e2n\u0103 mai prezint\u0103 \u00een seara de 17 septembrie, de la ora 22.30, la Ateneul Rom\u00e2n, \u00een seria Concertele de la Miezul Nop\u0163ii, un recital al Corului de camera \u201cPreludiu\u201d dirijat de Voicu En\u0103chescu, cu un program de muzic\u0103 rom\u00e2neasc\u0103 ce cuprinde lucr\u0103ri de D.G. Kiriac, \u0218tefan Popescu, Ion Vidu, Nicolae Lungu, Constantin Arvinte, Tudor Jarda, Ioan D. Chirescu, Mihail Jora, Mar\u021bian Negrea, Vasile Popovici, Vasile Sp\u0103t\u0103relu, Richard Oschanitsky, Alexandru Pa\u0219canu, Dan Dediu, Paul Constantinescu, Sabin Dr\u0103goi, Dan Buciu, Felicia Donceanu, Gheorghe Cucu, Tudor Flondor, George Enescu.<\/p>\n<\/div>\n<div class=\"su-spacer\" style=\"height:30px\"><\/div>\n<strong>FOTO<\/strong><br \/>\n<div class=\"su-custom-gallery su-custom-gallery-align-left su-custom-gallery-title-never su-lightbox-gallery\"><div class=\"su-custom-gallery-slide\" style=\"width:220px;height:160px\"><a href=\"https:\/\/tinerimearomana.ro\/despre\/wp-content\/uploads\/sites\/10\/2015\/08\/Orchestra-Romana-de-Tineret-Enescu2015-1.jpg\" title=\"Orchestra-Romana-de-Tineret-Enescu2015-1\"><img decoding=\"async\" src=\"https:\/\/tinerimearomana.ro\/despre\/wp-content\/uploads\/sites\/10\/2015\/08\/Orchestra-Romana-de-Tineret-Enescu2015-1.jpg\" alt=\"Orchestra-Romana-de-Tineret-Enescu2015-1\" width=\"220\" height=\"160\" \/><span class=\"su-custom-gallery-title\">Orchestra-Romana-de-Tineret-Enescu2015-1<\/span><\/a><\/div><div class=\"su-custom-gallery-slide\" style=\"width:220px;height:160px\"><a href=\"https:\/\/tinerimearomana.ro\/despre\/wp-content\/uploads\/sites\/10\/2015\/08\/Orchestra-Romana-de-Tineret-Enescu2015-2.jpg\" title=\"Orchestra-Romana-de-Tineret-Enescu2015-2\"><img decoding=\"async\" src=\"https:\/\/tinerimearomana.ro\/despre\/wp-content\/uploads\/sites\/10\/2015\/08\/Orchestra-Romana-de-Tineret-Enescu2015-2.jpg\" alt=\"Orchestra-Romana-de-Tineret-Enescu2015-2\" width=\"220\" height=\"160\" \/><span class=\"su-custom-gallery-title\">Orchestra-Romana-de-Tineret-Enescu2015-2<\/span><\/a><\/div><div class=\"su-custom-gallery-slide\" style=\"width:220px;height:160px\"><a href=\"https:\/\/tinerimearomana.ro\/despre\/wp-content\/uploads\/sites\/10\/2015\/08\/Orchestra-Romana-de-Tineret-Enescu2015-3.jpg\" title=\"Orchestra-Romana-de-Tineret-Enescu2015-3\"><img decoding=\"async\" src=\"https:\/\/tinerimearomana.ro\/despre\/wp-content\/uploads\/sites\/10\/2015\/08\/Orchestra-Romana-de-Tineret-Enescu2015-3.jpg\" alt=\"Orchestra-Romana-de-Tineret-Enescu2015-3\" width=\"220\" height=\"160\" \/><span class=\"su-custom-gallery-title\">Orchestra-Romana-de-Tineret-Enescu2015-3<\/span><\/a><\/div><div class=\"su-custom-gallery-slide\" style=\"width:220px;height:160px\"><a href=\"https:\/\/tinerimearomana.ro\/despre\/wp-content\/uploads\/sites\/10\/2015\/08\/Orchestra-Romana-de-Tineret-Enescu2015-4.jpg\" title=\"Orchestra-Romana-de-Tineret-Enescu2015-4\"><img loading=\"lazy\" decoding=\"async\" src=\"https:\/\/tinerimearomana.ro\/despre\/wp-content\/uploads\/sites\/10\/2015\/08\/Orchestra-Romana-de-Tineret-Enescu2015-4.jpg\" alt=\"Orchestra-Romana-de-Tineret-Enescu2015-4\" width=\"220\" height=\"160\" \/><span class=\"su-custom-gallery-title\">Orchestra-Romana-de-Tineret-Enescu2015-4<\/span><\/a><\/div><div class=\"su-clear\"><\/div><\/div>\n[\/infobox][:]\n","protected":false},"excerpt":{"rendered":"<p>[:ro][infobox style=&#8217;info&#8217; static=&#8217;1&#8242;] FOTO [\/infobox][:]<\/p>\n","protected":false},"author":1,"featured_media":218,"comment_status":"open","ping_status":"open","sticky":false,"template":"","format":"standard","meta":{"_kadence_starter_templates_imported_post":false,"_kad_post_transparent":"","_kad_post_title":"","_kad_post_layout":"","_kad_post_sidebar_id":"","_kad_post_content_style":"","_kad_post_vertical_padding":"","_kad_post_feature":"","_kad_post_feature_position":"","_kad_post_header":false,"_kad_post_footer":false,"_kad_post_classname":"","footnotes":""},"categories":[3],"tags":[],"class_list":["post-220","post","type-post","status-publish","format-standard","has-post-thumbnail","hentry","category-evenimente"],"_links":{"self":[{"href":"https:\/\/tinerimearomana.ro\/despre\/wp-json\/wp\/v2\/posts\/220"}],"collection":[{"href":"https:\/\/tinerimearomana.ro\/despre\/wp-json\/wp\/v2\/posts"}],"about":[{"href":"https:\/\/tinerimearomana.ro\/despre\/wp-json\/wp\/v2\/types\/post"}],"author":[{"embeddable":true,"href":"https:\/\/tinerimearomana.ro\/despre\/wp-json\/wp\/v2\/users\/1"}],"replies":[{"embeddable":true,"href":"https:\/\/tinerimearomana.ro\/despre\/wp-json\/wp\/v2\/comments?post=220"}],"version-history":[{"count":3,"href":"https:\/\/tinerimearomana.ro\/despre\/wp-json\/wp\/v2\/posts\/220\/revisions"}],"predecessor-version":[{"id":3710,"href":"https:\/\/tinerimearomana.ro\/despre\/wp-json\/wp\/v2\/posts\/220\/revisions\/3710"}],"wp:featuredmedia":[{"embeddable":true,"href":"https:\/\/tinerimearomana.ro\/despre\/wp-json\/wp\/v2\/media\/218"}],"wp:attachment":[{"href":"https:\/\/tinerimearomana.ro\/despre\/wp-json\/wp\/v2\/media?parent=220"}],"wp:term":[{"taxonomy":"category","embeddable":true,"href":"https:\/\/tinerimearomana.ro\/despre\/wp-json\/wp\/v2\/categories?post=220"},{"taxonomy":"post_tag","embeddable":true,"href":"https:\/\/tinerimearomana.ro\/despre\/wp-json\/wp\/v2\/tags?post=220"}],"curies":[{"name":"wp","href":"https:\/\/api.w.org\/{rel}","templated":true}]}}