{"id":2065,"date":"2022-01-25T15:49:06","date_gmt":"2022-01-25T13:49:06","guid":{"rendered":"https:\/\/tinerimearomana.ro\/despre\/?p=2065"},"modified":"2022-01-25T15:51:00","modified_gmt":"2022-01-25T13:51:00","slug":"cvintetul-v-coloris-in-concert-la-palatul-tinerimea-romana-premiera-pe-youtube-si-facebook","status":"publish","type":"post","link":"https:\/\/tinerimearomana.ro\/despre\/ro\/cvintetul-v-coloris-in-concert-la-palatul-tinerimea-romana-premiera-pe-youtube-si-facebook\/","title":{"rendered":"CVINTETUL V COLORIS IN CONCERT LA PALATUL &#8220;TINERIMEA ROMANA&#8221; &#8211; PREMIERA PE YOUTUBE SI FACEBOOK"},"content":{"rendered":"<div class=\"kvgmc6g5 cxmmr5t8 oygrvhab hcukyx3x c1et5uql ii04i59q\">\n<div dir=\"auto\">Cvintetul de sufl\u0103tori V Coloris<\/div>\n<div dir=\"auto\">Felicia Gabriela Greciuc &#8211; oboi<\/div>\n<div dir=\"auto\">\u0218tefan Diaconu &#8211; flaut<\/div>\n<div dir=\"auto\">Jonas Lyskj\u00e6r Fr\u00f8lund &#8211; clarinet<\/div>\n<div dir=\"auto\">Niklas Kallsoy Mouritsen &#8211; corn<\/div>\n<div dir=\"auto\">Constantin Barcov &#8211; fagot.<\/div>\n<div dir=\"auto\">Dans \u0219i c\u00e2ntec \u00een muzica rom\u00e2neasc\u0103 \u0219i danez\u0103&#8221; &#8211; Partea a II-a<\/div>\n<\/div>\n<div class=\"cxmmr5t8 oygrvhab hcukyx3x c1et5uql o9v6fnle ii04i59q\">\n<div dir=\"auto\"><\/div>\n<\/div>\n<div dir=\"auto\">\n<div class=\"ose-youtube ose-uid-aef267596149c8e927e44789be8a2cf3 ose-embedpress-responsive\" style=\"width:820px; height:500px; max-height:500px; max-width:100%; display:inline-block;\" data-embed-type=\"Youtube\"><iframe allowFullScreen=\"true\" title=\"V COLORIS partea a II-a, recital la Sala Palatului &quot;Tinerimea Rom\u00e2n\u0103&quot;\" width=\"820\" height=\"500\" src=\"https:\/\/www.youtube.com\/embed\/JGh2HOQh1Zc?feature=oembed&color=red&rel=0&controls=1&start=&end=&fs=0&iv_load_policy=0&autoplay=0&mute=0&modestbranding=0&cc_load_policy=1&playsinline=1\" frameborder=\"0\" allow=\"accelerometer; encrypted-media;accelerometer;autoplay;clipboard-write;gyroscope;picture-in-picture clipboard-write; encrypted-media; gyroscope; picture-in-picture; web-share\" referrerpolicy=\"strict-origin-when-cross-origin\" allowfullscreen><\/iframe><\/div>\n<\/div>\n","protected":false},"excerpt":{"rendered":"<p>Cvintetul de sufl\u0103tori V Coloris Felicia Gabriela Greciuc &#8211; oboi \u0218tefan Diaconu &#8211; flaut Jonas Lyskj\u00e6r Fr\u00f8lund &#8211; clarinet Niklas Kallsoy Mouritsen &#8211; corn Constantin Barcov &#8211; fagot. Dans \u0219i c\u00e2ntec \u00een muzica rom\u00e2neasc\u0103 \u0219i danez\u0103&#8221; &#8211; Partea a II-a<\/p>\n","protected":false},"author":1,"featured_media":0,"comment_status":"closed","ping_status":"open","sticky":false,"template":"","format":"standard","meta":{"_kadence_starter_templates_imported_post":false,"_kad_post_transparent":"","_kad_post_title":"","_kad_post_layout":"","_kad_post_sidebar_id":"","_kad_post_content_style":"","_kad_post_vertical_padding":"","_kad_post_feature":"","_kad_post_feature_position":"","_kad_post_header":false,"_kad_post_footer":false,"_kad_post_classname":"","footnotes":""},"categories":[3],"tags":[],"class_list":["post-2065","post","type-post","status-publish","format-standard","hentry","category-evenimente"],"_links":{"self":[{"href":"https:\/\/tinerimearomana.ro\/despre\/wp-json\/wp\/v2\/posts\/2065"}],"collection":[{"href":"https:\/\/tinerimearomana.ro\/despre\/wp-json\/wp\/v2\/posts"}],"about":[{"href":"https:\/\/tinerimearomana.ro\/despre\/wp-json\/wp\/v2\/types\/post"}],"author":[{"embeddable":true,"href":"https:\/\/tinerimearomana.ro\/despre\/wp-json\/wp\/v2\/users\/1"}],"replies":[{"embeddable":true,"href":"https:\/\/tinerimearomana.ro\/despre\/wp-json\/wp\/v2\/comments?post=2065"}],"version-history":[{"count":3,"href":"https:\/\/tinerimearomana.ro\/despre\/wp-json\/wp\/v2\/posts\/2065\/revisions"}],"predecessor-version":[{"id":2068,"href":"https:\/\/tinerimearomana.ro\/despre\/wp-json\/wp\/v2\/posts\/2065\/revisions\/2068"}],"wp:attachment":[{"href":"https:\/\/tinerimearomana.ro\/despre\/wp-json\/wp\/v2\/media?parent=2065"}],"wp:term":[{"taxonomy":"category","embeddable":true,"href":"https:\/\/tinerimearomana.ro\/despre\/wp-json\/wp\/v2\/categories?post=2065"},{"taxonomy":"post_tag","embeddable":true,"href":"https:\/\/tinerimearomana.ro\/despre\/wp-json\/wp\/v2\/tags?post=2065"}],"curies":[{"name":"wp","href":"https:\/\/api.w.org\/{rel}","templated":true}]}}