{"id":2025,"date":"2021-07-28T13:51:41","date_gmt":"2021-07-28T11:51:41","guid":{"rendered":"https:\/\/tinerimearomana.ro\/despre\/?p=2025"},"modified":"2021-07-28T15:00:33","modified_gmt":"2021-07-28T13:00:33","slug":"festivalul-international-enescu-si-muzica-lumii-editia-a-22-a-sinaia-3-23-august","status":"publish","type":"post","link":"https:\/\/tinerimearomana.ro\/despre\/ro\/festivalul-international-enescu-si-muzica-lumii-editia-a-22-a-sinaia-3-23-august\/","title":{"rendered":"FESTIVALUL INTERNATIONAL &#8220;ENESCU SI MUZICA LUMII&#8221; EDI\u021aIA A 22 -A, SINAIA 3-23 AUGUST"},"content":{"rendered":"<p>Dup\u0103 o edi\u0163ie exclusiv \u00een aer liber \u00een anul 2020, <strong>Festivalul Interna\u021bional \u201cEnescu \u0219i muzica lumii\u201d<\/strong>, revine \u00een 2021 cu <strong>edi\u021bia a XXII-a<\/strong>, \u00een care concertele \u00een aer liber vor alterna cu cele \u00een interior, f\u0103r\u0103 a renun\u0163a, a\u015fadar, la evolu\u0163iile \u00een spa\u0163ii neconven\u0163ionale puse la dispozi\u0163ie de Prim\u0103ria Sinaia, Muzeul Sinaia, Casino-ul Sinaia, Parcul Dimitrie Ghica, Centrul Cultural Carmen Sylva \u015fi nu numai.<\/p>\n<p>Proiectul creat de <strong>violoncelistul \u0219i profesorul Marin Cazacu<\/strong> va \u00eencepe anul acesta pe 3 august cu un concert \u00een aer liber desf\u0103\u015furat \u00eencep\u00e2nd cu ora 19 \u00een fa\u0163a Casino-ului din Sinaia, concert sus\u0163inut de soli\u0219tii Orchestrei Rom\u00e2ne de Tineret \u015fi intitulat <strong>Inspira\u021bii George Enescu \u2013 140, Constantin Br\u00e2ncu\u0219i \u2013 145<\/strong>, de la clasic la folclor, marc\u00e2nd \u00eentr-o manier\u0103 original\u0103 anivers\u0103rile celor doi titani ai culturii rom\u00e2ne.<\/p>\n<p>Concertele simfonice programate \u00een sala Casino-ului din Sinaia vor fi sus\u0163inute de <strong>Orchestra Rom\u00e2n\u0103 de Tineret<\/strong> dirijat\u0103 de <strong>Cristian Mandeal<\/strong>, solist <strong>Daniel Ciobanu<\/strong> \u2013 pian, pe <strong>5 august<\/strong>, cu un program C. Silvestri, D. \u0218ostakovici, R. Schumann, urmat de <strong>Romanian Sinfonietta Orchestra<\/strong>, condus\u0103 de <strong>Alexander Sitkovetsky<\/strong>, cu un program Mozart, Bizet\/Schedrin, pe <strong>11 august<\/strong> \u015fi din nou <strong>Orchestra Rom\u00e2n\u0103 de Tineret<\/strong> dirijat\u0103 de <strong>Constantin Adrian Grigore<\/strong>, pe <strong>23 august<\/strong>, cu un program L. van Beethoven, J. Brahms, G. Enescu, P.I. Ceaikovski, solist \u0218tefan Cazacu \u2013 violoncel.<\/p>\n<p>Tot la <strong>Casino-ul din Sinaia<\/strong> vor putea fi ascultate \u015fi formule camerale, pe <strong>12, 14 \u015fi 16 august<\/strong>, \u00een serile respective prezent\u00e2ndu-se \u00een fa\u0163a publicului sub genericul Genera\u021bia mileniului lll, <strong>Antonia Tudose<\/strong> \u2013 pian, <strong>Maria Marica<\/strong> \u2013 vioar\u0103, <strong>\u0218tefan Aprodu<\/strong> \u2013 vioar\u0103, <strong>Sofia Sm\u0103r\u0103ndescu<\/strong> \u2013 vioar\u0103, <strong>C\u0103t\u0103lin R\u0103ducanu<\/strong> \u2013 pian, <strong>Cornelius Zirbo<\/strong> \u2013 violoncel, <strong>Iulian Ochescu<\/strong> \u2013 pian<\/p>\n<p>Festivalul a pornit ca o continuare a ideii de generozitate care a caracterizat spiritul lui George Enescu \u0219i este acum una dintre cele mai importante scene de manifestare a tinerelor talente muzicale din Rom\u00e2nia. Din anul 1999 \u0219i p\u00e2n\u0103 \u00een prezent, <strong>Festivalul Interna\u0163ional \u201cEnescu \u015fi muzica lumii\u201d<\/strong> propune celor afla\u021bi la <strong>Sinaia<\/strong> \u00een vacan\u021ba de var\u0103 un program atractiv.<\/p>\n<p>Ca \u015fi \u00een anii trecu\u0163i, \u015fi actuala edi\u0163ie are \u00een centru prezen\u021ba a trei dintre orchestre na\u021bionale de tineret, respectiv <strong>Orchestra Rom\u00e2n\u0103 de Tineret<\/strong>, <strong>Romanian Sinfonietta Orchestra<\/strong> \u015fi, nu \u00een ultimul r\u00e2nd,<strong> Orchestra Junior<\/strong>, care va sus\u0163ine un concert \u00een aer liber la <strong>Centrul Cultural Carmen Sylva<\/strong>, sub bagheta lui <strong>Andrei St\u0103nculescu<\/strong>, soli\u015fti <strong>Cristina Fieraru<\/strong> \u2013 sopran\u0103,<strong> \u0218tefan Aprodu<\/strong> \u2013 vioar\u0103, <strong>Juan Manuel Gomez<\/strong> \u2013 corn, sub genericul de la muzica clasic\u0103 la muzica de film.<\/p>\n<p><strong>Edi\u0163ia a XXII-a a festivalului are \u00een program nu mai pu\u021bin de 16 de concerte \u0219i recitaluri.<\/strong><\/p>\n<p>\u00cen organizarea Prim\u0103riei ora\u0219ului Sinaia \u0219i a Centrului Na\u021bional de Art\u0103 \u201eTinerimea Rom\u00e2n\u0103\u201d, Festivalul Interna\u0163ional \u201cEnescu \u015fi muzica lumii\u201d propune un program dens \u015fi divers, sus\u0163inut \u00een mare parte de tineri \u0219i foarte tineri muzicieni.<\/p>\n<p>Orchestrele rom\u00e2ne\u0219ti care vor concerta \u00een aceast\u0103 edi\u021bie \u2013 Orchestra Rom\u00e2n\u0103 de Tineret, Orchestra Junior \u015fi Romanian Sinfonietta fac parte din proiectul Orchestrele Na\u021bionale de Tineret ale Rom\u00e2niei, av\u00e2nd \u00een componen\u021b\u0103 excep\u021bionali muzicieni din trei categorii de v\u00e2rst\u0103 \u0219i vor concerta \u00een seri diferite, dup\u0103 \u00eencheierea stagiilor de preg\u0103tire aferente fiec\u0103rui concert.<\/p>\n<p>Marin Cazacu, directorul Centrului Na\u0163ional de Art\u0103 \u201eTinerimea Rom\u00e2n\u0103\u201d declara \u00eenainte de acest eveniment: <em>\u201eSinaia a devenit sufletul celui mai important proiect muzical din ultimii 30 de ani. Orchestrele Na\u0163ionale de Tineret ale Romaniei se preg\u0103tesc \u015fi se dezvolt\u0103 la Sinaia, ora\u015ful care respir\u0103 nu numai aerul curat de munte, ci \u015fi atmosfera cultural\u0103 efervescent\u0103 pe care marele compozitor George Enescu a imprimat-o ora\u015fului. Cei mai buni tineri muzicieni ai Rom\u00e2niei au debutat \u015fi \u015fi-au \u00eenceput \u201ecariera\u201d la Sinaia, loc de inspira\u0163ie \u015fi imagina\u0163ie pentru orice artist, iar Centrul Na\u0163ional de Art\u0103 \u201eTinerimea Rom\u00e2n\u0103\u201d asigur\u0103 prin acest proiect viitorul muzical al Rom\u00e2niei.\u201d<\/em><\/p>\n<p><img decoding=\"async\" class=\"aligncenter size-full wp-image-2029\" src=\"https:\/\/tinerimearomana.ro\/despre\/wp-content\/uploads\/sites\/10\/2021\/07\/FESTIVAL-ENESCU-SI-MUZICA-LUMII-2021.jpg\" alt=\"Festival Enescu Sinaia 2021\" width=\"100%\" height=\"auto\" srcset=\"https:\/\/tinerimearomana.ro\/despre\/wp-content\/uploads\/sites\/10\/2021\/07\/FESTIVAL-ENESCU-SI-MUZICA-LUMII-2021.jpg 960w, https:\/\/tinerimearomana.ro\/despre\/wp-content\/uploads\/sites\/10\/2021\/07\/FESTIVAL-ENESCU-SI-MUZICA-LUMII-2021-212x300.jpg 212w, https:\/\/tinerimearomana.ro\/despre\/wp-content\/uploads\/sites\/10\/2021\/07\/FESTIVAL-ENESCU-SI-MUZICA-LUMII-2021-724x1024.jpg 724w, https:\/\/tinerimearomana.ro\/despre\/wp-content\/uploads\/sites\/10\/2021\/07\/FESTIVAL-ENESCU-SI-MUZICA-LUMII-2021-768x1086.jpg 768w\" sizes=\"(max-width: 960px) 100vw, 960px\" \/><\/p>\n<p>&nbsp;<\/p>\n<p><img decoding=\"async\" class=\"aligncenter size-full wp-image-2030\" src=\"https:\/\/tinerimearomana.ro\/despre\/wp-content\/uploads\/sites\/10\/2021\/07\/Orchestre-Tineret-Sinaia-2020.jpg\" alt=\"Festival Enescu Sinaia 2021\" width=\"100%\" height=\"auto\" srcset=\"https:\/\/tinerimearomana.ro\/despre\/wp-content\/uploads\/sites\/10\/2021\/07\/Orchestre-Tineret-Sinaia-2020.jpg 929w, https:\/\/tinerimearomana.ro\/despre\/wp-content\/uploads\/sites\/10\/2021\/07\/Orchestre-Tineret-Sinaia-2020-300x178.jpg 300w, https:\/\/tinerimearomana.ro\/despre\/wp-content\/uploads\/sites\/10\/2021\/07\/Orchestre-Tineret-Sinaia-2020-768x456.jpg 768w\" sizes=\"(max-width: 929px) 100vw, 929px\" \/><\/p>\n","protected":false},"excerpt":{"rendered":"<p>Dup\u0103 o edi\u0163ie exclusiv \u00een aer liber \u00een anul 2020, Festivalul Interna\u021bional \u201cEnescu \u0219i muzica lumii\u201d, revine \u00een 2021 cu edi\u021bia a XXII-a, \u00een care concertele \u00een aer liber vor alterna cu cele \u00een interior, f\u0103r\u0103 a renun\u0163a, a\u015fadar, la evolu\u0163iile \u00een spa\u0163ii neconven\u0163ionale puse la dispozi\u0163ie de Prim\u0103ria Sinaia, Muzeul Sinaia, Casino-ul Sinaia, Parcul&#8230;<\/p>\n","protected":false},"author":1,"featured_media":2030,"comment_status":"closed","ping_status":"open","sticky":false,"template":"","format":"standard","meta":{"_kadence_starter_templates_imported_post":false,"_kad_post_transparent":"","_kad_post_title":"","_kad_post_layout":"","_kad_post_sidebar_id":"","_kad_post_content_style":"","_kad_post_vertical_padding":"","_kad_post_feature":"","_kad_post_feature_position":"","_kad_post_header":false,"_kad_post_footer":false,"_kad_post_classname":"","footnotes":""},"categories":[3],"tags":[],"class_list":["post-2025","post","type-post","status-publish","format-standard","has-post-thumbnail","hentry","category-evenimente"],"_links":{"self":[{"href":"https:\/\/tinerimearomana.ro\/despre\/wp-json\/wp\/v2\/posts\/2025"}],"collection":[{"href":"https:\/\/tinerimearomana.ro\/despre\/wp-json\/wp\/v2\/posts"}],"about":[{"href":"https:\/\/tinerimearomana.ro\/despre\/wp-json\/wp\/v2\/types\/post"}],"author":[{"embeddable":true,"href":"https:\/\/tinerimearomana.ro\/despre\/wp-json\/wp\/v2\/users\/1"}],"replies":[{"embeddable":true,"href":"https:\/\/tinerimearomana.ro\/despre\/wp-json\/wp\/v2\/comments?post=2025"}],"version-history":[{"count":4,"href":"https:\/\/tinerimearomana.ro\/despre\/wp-json\/wp\/v2\/posts\/2025\/revisions"}],"predecessor-version":[{"id":2031,"href":"https:\/\/tinerimearomana.ro\/despre\/wp-json\/wp\/v2\/posts\/2025\/revisions\/2031"}],"wp:featuredmedia":[{"embeddable":true,"href":"https:\/\/tinerimearomana.ro\/despre\/wp-json\/wp\/v2\/media\/2030"}],"wp:attachment":[{"href":"https:\/\/tinerimearomana.ro\/despre\/wp-json\/wp\/v2\/media?parent=2025"}],"wp:term":[{"taxonomy":"category","embeddable":true,"href":"https:\/\/tinerimearomana.ro\/despre\/wp-json\/wp\/v2\/categories?post=2025"},{"taxonomy":"post_tag","embeddable":true,"href":"https:\/\/tinerimearomana.ro\/despre\/wp-json\/wp\/v2\/tags?post=2025"}],"curies":[{"name":"wp","href":"https:\/\/api.w.org\/{rel}","templated":true}]}}