{"id":1998,"date":"2021-07-12T23:19:23","date_gmt":"2021-07-12T21:19:23","guid":{"rendered":"https:\/\/tinerimearomana.ro\/despre\/?p=1998"},"modified":"2021-07-12T23:23:29","modified_gmt":"2021-07-12T21:23:29","slug":"curs-de-maiestrie-de-corn-juan-manuel-gomez-la-sinaia","status":"publish","type":"post","link":"https:\/\/tinerimearomana.ro\/despre\/ro\/curs-de-maiestrie-de-corn-juan-manuel-gomez-la-sinaia\/","title":{"rendered":"Curs de m\u0103iestrie de corn Juan Manuel Gomez la Sinaia"},"content":{"rendered":"<p>\u00cen perioada 12-18 august 2021, \u00een cadrul Festivalului International &#8220;Enescu \u0219i muzica lumii&#8221; de la Sinaia &#8211; edi\u021bia a XXll-a va avea loc un curs de m\u0103iestrie de corn sus\u021binut de profesorul \u0219i cornistul Juan Manuel Gomez, curs deschis tinerilor corni\u0219ti din Rom\u00e2nia.<\/p>\n<p>Provenind dintr-o familie de muzicieni, \u00een care bunicul, tat\u0103l, unchiul \u0219i fratele sunt to\u021bi corni\u0219ti, dup\u0103 finalizarea studiilor la Conservatoriul Superior din San Sebastian, Juan Manuel Gomez s-a perfec\u021bionat cu profesorii V. Zarzo, I. James, J. Molnar, E. Terwilliger, M. H\u00f6tzel etc.<\/p>\n<p>Juan Manuel Gomez este fondatorul Sextetului Edeta, Cvintetului de sufl\u0103tori Danzi, Iberian Brass Ensemble \u0219i Bilbao Brass Quintet. A fost invitat ca prim cornist de orchestrele Conjunto Barroco, Banda Municipal de Bilbao, Sarasate de Pamplona, Orchestra \u021a\u0103rii Basce, Orchestra Castilla-Le\u00f3n, OSCO, Lodz, Cluj, Mediterr\u00e1neo, ONE, ORCAM, Orchestra de Granada, Mahler Chamber Orchestra, DR Copenhagen, BBC.<\/p>\n<p>Ca solist, Juan Manuel Gomez a interpretat cu Orchestra Simfonic\u0103 din Bilbao concertele de R. Gli\u00e8re, R. Strauss, B. Britten, Mozart si CM Weber. Este interesat de instrumentele vechi \u0219i a studiat \u0219i cornul natural, colabor\u00e2nd cu diferite orchestre baroce din Spania, Polonia \u0219i Elve\u021bia.<\/p>\n<p>Cariera pedagogic\u0103 din Spania este completat\u0103 de numeroasele cursuri de m\u0103iestrie sus\u021binute \u00een Spania \u0219i majoritatea \u021b\u0103rilor europene, iar acum pentru prima dat\u0103 \u00een Rom\u00e2nia.<\/p>\n<p>Juan Manuel Gomez a \u00eenregistrat numeroase concerte pentru corn \u0219i orchestr\u0103, iar \u00een 2006 a c\u00e2ntat Concertul pentru corn \u0219i orchestr\u0103 de John Williams \u00een prim\u0103 audi\u021bie \u00een Europa. A fost invitat de maestrul Riccardo Mutti s\u0103 participe ca prim cornist la un concert cu Chicago Symphony Orchestra.<\/p>\n<p>Men\u021bine o intens\u0103 activitate cameral\u0103, al\u0103turi de soli\u0219ti precum Boris Belkin, Armin Rosin, V. Ros, Marisol Mendive, Santos de la Iglesia, Wolfgang Streicher sau Vlad St\u0103nculeasa.<\/p>\n<p>Din stagiunea 2010\/11 este prim cornist al Orchestrei Sinfonice din Barcelona \u0219i Na\u021bional\u0103 de Catalu\u00f1a.<\/p>\n<p>Detalii privitoare la cursul de m\u0103iestrie de la Sinaia la tel 0722.606.256 sau email marin_cello@yahoo.com<\/p>\n<p>Organizator : Centrul Na\u021bional de Art\u0103 Tinerimea Rom\u00e2n\u0103<\/p>\n<p><img decoding=\"async\" class=\"aligncenter size-full wp-image-2001\" src=\"https:\/\/tinerimearomana.ro\/despre\/wp-content\/uploads\/sites\/10\/2021\/07\/afis-2021-CURS-DE-CORN-ENESCU-SI-MUZICA-LUMII2.jpg\" alt=\"\" width=\"100%\" height=\"auto\" srcset=\"https:\/\/tinerimearomana.ro\/despre\/wp-content\/uploads\/sites\/10\/2021\/07\/afis-2021-CURS-DE-CORN-ENESCU-SI-MUZICA-LUMII2.jpg 864w, https:\/\/tinerimearomana.ro\/despre\/wp-content\/uploads\/sites\/10\/2021\/07\/afis-2021-CURS-DE-CORN-ENESCU-SI-MUZICA-LUMII2-204x300.jpg 204w, https:\/\/tinerimearomana.ro\/despre\/wp-content\/uploads\/sites\/10\/2021\/07\/afis-2021-CURS-DE-CORN-ENESCU-SI-MUZICA-LUMII2-695x1024.jpg 695w, https:\/\/tinerimearomana.ro\/despre\/wp-content\/uploads\/sites\/10\/2021\/07\/afis-2021-CURS-DE-CORN-ENESCU-SI-MUZICA-LUMII2-768x1132.jpg 768w\" sizes=\"(max-width: 864px) 100vw, 864px\" \/><\/p>\n","protected":false},"excerpt":{"rendered":"<p>\u00cen perioada 12-18 august 2021, \u00een cadrul Festivalului International &#8220;Enescu \u0219i muzica lumii&#8221; de la Sinaia &#8211; edi\u021bia a XXll-a va avea loc un curs de m\u0103iestrie de corn sus\u021binut de profesorul \u0219i cornistul Juan Manuel Gomez, curs deschis tinerilor corni\u0219ti din Rom\u00e2nia. Provenind dintr-o familie de muzicieni, \u00een care bunicul, tat\u0103l, unchiul \u0219i fratele&#8230;<\/p>\n","protected":false},"author":1,"featured_media":0,"comment_status":"closed","ping_status":"open","sticky":false,"template":"","format":"standard","meta":{"_kadence_starter_templates_imported_post":false,"_kad_post_transparent":"","_kad_post_title":"","_kad_post_layout":"","_kad_post_sidebar_id":"","_kad_post_content_style":"","_kad_post_vertical_padding":"","_kad_post_feature":"","_kad_post_feature_position":"","_kad_post_header":false,"_kad_post_footer":false,"_kad_post_classname":"","footnotes":""},"categories":[3],"tags":[],"class_list":["post-1998","post","type-post","status-publish","format-standard","hentry","category-evenimente"],"_links":{"self":[{"href":"https:\/\/tinerimearomana.ro\/despre\/wp-json\/wp\/v2\/posts\/1998"}],"collection":[{"href":"https:\/\/tinerimearomana.ro\/despre\/wp-json\/wp\/v2\/posts"}],"about":[{"href":"https:\/\/tinerimearomana.ro\/despre\/wp-json\/wp\/v2\/types\/post"}],"author":[{"embeddable":true,"href":"https:\/\/tinerimearomana.ro\/despre\/wp-json\/wp\/v2\/users\/1"}],"replies":[{"embeddable":true,"href":"https:\/\/tinerimearomana.ro\/despre\/wp-json\/wp\/v2\/comments?post=1998"}],"version-history":[{"count":3,"href":"https:\/\/tinerimearomana.ro\/despre\/wp-json\/wp\/v2\/posts\/1998\/revisions"}],"predecessor-version":[{"id":2002,"href":"https:\/\/tinerimearomana.ro\/despre\/wp-json\/wp\/v2\/posts\/1998\/revisions\/2002"}],"wp:attachment":[{"href":"https:\/\/tinerimearomana.ro\/despre\/wp-json\/wp\/v2\/media?parent=1998"}],"wp:term":[{"taxonomy":"category","embeddable":true,"href":"https:\/\/tinerimearomana.ro\/despre\/wp-json\/wp\/v2\/categories?post=1998"},{"taxonomy":"post_tag","embeddable":true,"href":"https:\/\/tinerimearomana.ro\/despre\/wp-json\/wp\/v2\/tags?post=1998"}],"curies":[{"name":"wp","href":"https:\/\/api.w.org\/{rel}","templated":true}]}}