{"id":1663,"date":"2021-03-22T15:27:05","date_gmt":"2021-03-22T13:27:05","guid":{"rendered":"https:\/\/tinerimearomana.ro\/despre\/?p=1663"},"modified":"2021-03-22T15:27:05","modified_gmt":"2021-03-22T13:27:05","slug":"serie-de-concerte-camerale-la-palatul-tinerimea-romana","status":"publish","type":"post","link":"https:\/\/tinerimearomana.ro\/despre\/ro\/serie-de-concerte-camerale-la-palatul-tinerimea-romana\/","title":{"rendered":"SERIE DE CONCERTE CAMERALE LA PALATUL &#8220;TINERIMEA ROMANA&#8221;"},"content":{"rendered":"<p style=\"font-weight: 400; text-align: center;\"><strong>Concerte camerale la Palatul Tinerimea Rom\u00e2n\u0103 \u2013 Tineri muzicieni de performan\u0163\u0103<\/strong><\/p>\n<p style=\"font-weight: 400; text-align: center;\"><strong>\u00een direct la Radio Rom\u00e2nia Muzical<\/strong><strong>\u00a0<\/strong><\/p>\n<p style=\"font-weight: 400;\"><strong>\u00a0<\/strong>\u00a0 \u00a0 \u00a0 \u00a0 \u00a0 \u00a0\u00a0Seria de concerte camerale propuse de Centrul Na\u021bional de Art\u0103 &#8220;Tinerimea Rom\u00e2n\u0103&#8221; (CNATR) \u00een aceast\u0103 prim\u0103var\u0103 sub genericul\u00a0<strong><em>Tineri muzicieni de performan\u0163\u0103<\/em><\/strong>\u00a0va readuce \u00een aten\u021bia publicului peste 20 de muzicieni rom\u00e2ni ale c\u0103ror performan\u021be artistice sunt deja recunoscute la nivel interna\u021bional.<\/p>\n<p style=\"font-weight: 400;\">\u00a0\u00a0\u00a0\u00a0\u00a0\u00a0\u00a0\u00a0\u00a0\u00a0\u00a0 Trei dintre concertele desf\u0103\u015furate la\u00a0<strong>Palatul Tinerimea Rom\u00e2n\u0103<\/strong>, cele din\u00a0<strong>1, 8 \u015fi 15 aprilie<\/strong>, vor fi transmise \u00een direct de\u00a0<strong>Radio Rom\u00e2nia Muzical<\/strong>. Acestea \u00eei vor avea ca protagoni\u0219ti pe<\/p>\n<p style=\"font-weight: 400;\"><strong>Adela Liculescu<\/strong>\u00a0 &#8211; pian (<strong>1 aprilie 2021, ora 19), Valentin \u0218erban<\/strong>\u00a0\u2013 vioar\u0103 \u015fi\u00a0<strong>Drago\u0219 Dimitriu<\/strong>\u00a0(<strong>8 aprilie 2021, ora 17:30)<\/strong>\u00a0\u015fi pe\u00a0<strong>\u0218tefan Cazacu<\/strong>\u00a0\u2013 violoncel,\u00a0<strong>Andrei Licare\u021b<\/strong>\u00a0\u2013 pian,\u00a0<strong>Gabriel G\u00ee\u021ban<\/strong>\u00a0\u2013 pian (<strong>15 aprilie 2021, ora 19).<\/strong><\/p>\n<p style=\"font-weight: 400;\">\u00a0\u00a0\u00a0\u00a0\u00a0\u00a0\u00a0\u00a0\u00a0\u00a0\u00a0 Toate cele \u015fapte recitaluri programate \u00een seria\u00a0<strong><em>Tineri muzicieni de performan\u0163\u0103<\/em><\/strong>\u00a0vor fi difuzate pe canalele oficiale de Facebook \u0219i Youtube ale CNATR, prin intermediul unor \u00eenregistr\u0103ri audio-video de \u00eenalt\u0103 fidelitate.<\/p>\n<p style=\"font-weight: 400;\">\u00a0\u00a0\u00a0\u00a0\u00a0\u00a0\u00a0\u00a0\u00a0\u00a0\u00a0 Managerul Centrului Na\u021bional de Art\u0103 &#8220;Tinerimea Rom\u00e2n\u0103&#8221;, Marin Cazacu, declara la debutul acestei serii de recitaluri, care va marca \u015fi inaugurarea noului pian de concert Steinway al Palatului Tinerimea Rom\u00e2n\u0103 achizi\u0163ionat \u00een decembrie 2020:<\/p>\n<p style=\"font-weight: 400;\">\u00a0\u00a0\u00a0\u00a0\u00a0\u00a0\u00a0\u00a0\u00a0\u00a0 \u201c<em>Este o premier\u0103! Beneficiind de calitatea deosebit\u0103 a pianului de concert \u0219i de elegan\u021ba \u0219i acustica minunat\u0103 a s\u0103lii de concerte de la Palatul Tinerimea Rom\u00e2n\u0103,\u00a0<\/em><strong><em>Centrul Na\u021bional de Art\u0103 \u201cTinerimea Rom\u00e2n\u0103<\/em><\/strong><em>\u201d organizeaz\u0103 prima sa stagiune cameral\u0103.\u00a0\u00cen anul c\u00e2nd se \u00eemplinesc 140 de ani de na\u0219terea compozitorului rom\u00e2n George Enescu, repertoriul propus este<\/em>\u00a0<em>alc\u0103tuit din capodopere ale muzicii de camer\u0103 din crea\u021bia enescian\u0103, universal\u0103 \u0219i rom\u00e2neasc\u0103, \u0219i va interpretat de unii dintre cei mai buni tineri muzicieni rom\u00e2ni \u0219i str\u0103ini.\u201d.<\/em><\/p>\n<p style=\"font-weight: 400;\">\u00a0\u00a0\u00a0\u00a0\u00a0\u00a0\u00a0\u00a0\u00a0\u00a0\u00a0 Difuzarea \u00eenregistr\u0103rilor\u00a0acestor concerte vrea s\u0103 reaminteasc\u0103 publicului faptul c\u0103 motiva\u021bia \u0219i nivelul artistic foarte \u00eenalt al tinerelor genera\u021bii de muzicieni rom\u00e2ni din \u0163ar\u0103 \u015fi din str\u0103in\u0103tate promite \u00eent\u00e2lniri \u0219i re\u00eent\u00e2lniri artistice pline de emo\u0163ie. Al\u0103turi de muzicienii din Rom\u00e2nia, v\u0103 ve\u0163i putea \u00eent\u00e2lni cu muzicieni rom\u00e2ni care \u00ee\u0219i desf\u0103\u0219oar\u0103\u00a0activitatea \u00een str\u0103in\u0103tate, dar \u015fi cu invita\u021bi din Danemarca.<\/p>\n<p style=\"font-weight: 400;\">\u00a0Organizator :\u00a0\u00a0<strong>Centrul Na\u021bional de Art\u0103 \u201eTinerimea Rom\u00e2n\u0103&#8221;<\/strong><\/p>\n<p style=\"font-weight: 400;\"><strong>Cu spijinul Institutului Cultural Rom\u00e2n<\/strong><\/p>\n<p style=\"font-weight: 400;\">Partener :\u00a0<strong>Radio Rom\u00e2nia Muzical<\/strong><\/p>\n<p style=\"font-weight: 400;\">Parteneri media:\u00a0<strong>Radio Rom\u00e2nia Cultural,\u00a0Rom\u00e2nia TV,\u00a0Mediatrust,\u00a0 Liternet, Q Magazine.<\/strong><\/p>\n<p><img decoding=\"async\" class=\"aligncenter size-full wp-image-1664\" src=\"https:\/\/tinerimearomana.ro\/despre\/wp-content\/uploads\/sites\/10\/2021\/03\/program-stagiune_complet_CNATR_Martie-Aprilie_CNATR.jpg\" alt=\"\" width=\"100%\" height=\"auto\" srcset=\"https:\/\/tinerimearomana.ro\/despre\/wp-content\/uploads\/sites\/10\/2021\/03\/program-stagiune_complet_CNATR_Martie-Aprilie_CNATR.jpg 960w, https:\/\/tinerimearomana.ro\/despre\/wp-content\/uploads\/sites\/10\/2021\/03\/program-stagiune_complet_CNATR_Martie-Aprilie_CNATR-212x300.jpg 212w, https:\/\/tinerimearomana.ro\/despre\/wp-content\/uploads\/sites\/10\/2021\/03\/program-stagiune_complet_CNATR_Martie-Aprilie_CNATR-723x1024.jpg 723w, https:\/\/tinerimearomana.ro\/despre\/wp-content\/uploads\/sites\/10\/2021\/03\/program-stagiune_complet_CNATR_Martie-Aprilie_CNATR-768x1087.jpg 768w\" sizes=\"(max-width: 960px) 100vw, 960px\" \/><\/p>\n","protected":false},"excerpt":{"rendered":"<p>Concerte camerale la Palatul Tinerimea Rom\u00e2n\u0103 \u2013 Tineri muzicieni de performan\u0163\u0103 \u00een direct la Radio Rom\u00e2nia Muzical\u00a0 \u00a0\u00a0 \u00a0 \u00a0 \u00a0 \u00a0 \u00a0\u00a0Seria de concerte camerale propuse de Centrul Na\u021bional de Art\u0103 &#8220;Tinerimea Rom\u00e2n\u0103&#8221; (CNATR) \u00een aceast\u0103 prim\u0103var\u0103 sub genericul\u00a0Tineri muzicieni de performan\u0163\u0103\u00a0va readuce \u00een aten\u021bia publicului peste 20 de muzicieni rom\u00e2ni ale c\u0103ror performan\u021be&#8230;<\/p>\n","protected":false},"author":1,"featured_media":1665,"comment_status":"closed","ping_status":"open","sticky":false,"template":"","format":"standard","meta":{"_kadence_starter_templates_imported_post":false,"_kad_post_transparent":"","_kad_post_title":"","_kad_post_layout":"","_kad_post_sidebar_id":"","_kad_post_content_style":"","_kad_post_vertical_padding":"","_kad_post_feature":"","_kad_post_feature_position":"","_kad_post_header":false,"_kad_post_footer":false,"_kad_post_classname":"","footnotes":""},"categories":[3],"tags":[],"class_list":["post-1663","post","type-post","status-publish","format-standard","has-post-thumbnail","hentry","category-evenimente"],"_links":{"self":[{"href":"https:\/\/tinerimearomana.ro\/despre\/wp-json\/wp\/v2\/posts\/1663"}],"collection":[{"href":"https:\/\/tinerimearomana.ro\/despre\/wp-json\/wp\/v2\/posts"}],"about":[{"href":"https:\/\/tinerimearomana.ro\/despre\/wp-json\/wp\/v2\/types\/post"}],"author":[{"embeddable":true,"href":"https:\/\/tinerimearomana.ro\/despre\/wp-json\/wp\/v2\/users\/1"}],"replies":[{"embeddable":true,"href":"https:\/\/tinerimearomana.ro\/despre\/wp-json\/wp\/v2\/comments?post=1663"}],"version-history":[{"count":1,"href":"https:\/\/tinerimearomana.ro\/despre\/wp-json\/wp\/v2\/posts\/1663\/revisions"}],"predecessor-version":[{"id":1666,"href":"https:\/\/tinerimearomana.ro\/despre\/wp-json\/wp\/v2\/posts\/1663\/revisions\/1666"}],"wp:featuredmedia":[{"embeddable":true,"href":"https:\/\/tinerimearomana.ro\/despre\/wp-json\/wp\/v2\/media\/1665"}],"wp:attachment":[{"href":"https:\/\/tinerimearomana.ro\/despre\/wp-json\/wp\/v2\/media?parent=1663"}],"wp:term":[{"taxonomy":"category","embeddable":true,"href":"https:\/\/tinerimearomana.ro\/despre\/wp-json\/wp\/v2\/categories?post=1663"},{"taxonomy":"post_tag","embeddable":true,"href":"https:\/\/tinerimearomana.ro\/despre\/wp-json\/wp\/v2\/tags?post=1663"}],"curies":[{"name":"wp","href":"https:\/\/api.w.org\/{rel}","templated":true}]}}