{"id":1284,"date":"2020-07-22T12:19:03","date_gmt":"2020-07-22T10:19:03","guid":{"rendered":"http:\/\/tinerimearomana.ro\/despre\/?p=1284"},"modified":"2022-07-28T23:00:28","modified_gmt":"2022-07-28T21:00:28","slug":"festivalul-enescu-2020-si-muzica-lumii-pentru-prima-oara-exclusiv-in-aer-liber","status":"publish","type":"post","link":"https:\/\/tinerimearomana.ro\/despre\/ro\/festivalul-enescu-2020-si-muzica-lumii-pentru-prima-oara-exclusiv-in-aer-liber\/","title":{"rendered":"FESTIVALUL ENESCU 2020 SI MUZICA LUMII PENTRU PRIMA OARA EXCLUSIV  IN AER LIBER"},"content":{"rendered":"<p><span style=\"font-weight: 400;\">Dup\u0103 20 de edi\u0163ii \u00een care nu a ratat ocazia s\u0103 aib\u0103 cel pu\u0163in un concert \u00een aer liber \u00een Foi\u015forul din Parcul din Sinaia, <\/span><b>Festivalul Interna\u021bional \u201c<\/b><b><i>Enescu \u0219i muzica lumii\u201d<\/i><\/b><span style=\"font-weight: 400;\">, revine \u00een 2020 cu <\/span><b>edi\u021bia a XXI-a, exclusiv \u00een aer liber<\/b><span style=\"font-weight: 400;\">, \u00eentre <\/span><b>2 \u015fi 19 august<\/b><span style=\"font-weight: 400;\">, la Sinaia, \u00een spa\u0163ii neconven\u0163ionale puse la dispozi\u0163ie de Muzeul Sinaia, Casinoul Sinaia, Parcul Dimitrie Ghica, Centrul Cultural Carmen Sylva \u015fi nu numai.<\/span><\/p>\n<p><span style=\"font-weight: 400;\">Acest proiect creat de <\/span><b>violoncelistul \u0219i profesorul Marin Cazacu<\/b><span style=\"font-weight: 400;\"> va avea anul acesta concertul de \u00eenchidere exact \u00een ziua care aniverseaz\u0103 na\u015fterea lui Enescu, 19 august. Festivalul a pornit ca o continuare a ideii de generozitate care a caracterizat spiritul lui George Enescu \u0219i este acum una dintre cele mai importante scene de manifestare a tinerelor talente muzicale din Rom\u00e2nia.<\/span><\/p>\n<p><span style=\"font-weight: 400;\">Din anul 1999 \u0219i p\u00e2n\u0103 \u00een prezent, <\/span><b>Festivalul Interna\u0163ional \u201cEnescu \u015fi muzica lumii\u201d<\/b><span style=\"font-weight: 400;\"> propune celor afla\u021bi la Sinaia \u00een vacan\u021ba de var\u0103 un program atractiv, edi\u021bia din acest an fiind una cu totul original\u0103, \u00een primul r\u00e2nd pentru c\u0103, din motive obiective, se desf\u0103\u015foar\u0103 exclusiv \u00een aer liber.\u00a0<\/span><\/p>\n<p><span style=\"font-weight: 400;\">Ca \u015fi \u00een anii trecu\u0163i, \u015fi actuala edi\u0163ie are \u00een centru prezen\u021ba celor patru orchestre na\u021bionale de tineret, respectiv <\/span><b>Orchestra Rom\u00e2n\u0103 de Tineret<\/b><span style=\"font-weight: 400;\"> dirijat\u0103 de <\/span><b>Cristian Mandeal<\/b><span style=\"font-weight: 400;\">, cu un concert pe <\/span><b>5<\/b><span style=\"font-weight: 400;\"> \u2013 solist <\/span><b>\u015etefan Cazacu<\/b><span style=\"font-weight: 400;\">, \u00een aer liber la <\/span><b>Casino Sinaia<\/b><span style=\"font-weight: 400;\">), <\/span><b>Orchestra Na\u021bional\u0103 Simfonic\u0103 a Rom\u00e2niei,<\/b><span style=\"font-weight: 400;\"> cu concert pe 11 august, de la ora 19, <\/span><b>Orchestra Junior<\/b><span style=\"font-weight: 400;\">, dirijor <\/span><b>Andrei St\u0103nculescu<\/b><span style=\"font-weight: 400;\">, pe 16 august, ora 19 \u015fi <\/span><b>Romanian Sinfonietta Orchestra<\/b><span style=\"font-weight: 400;\"> dirijor \u015fi solist <\/span><b>Alexander Sitkovetsky<\/b><span style=\"font-weight: 400;\">, cu un concert programat pe <\/span><b>19 august<\/b><span style=\"font-weight: 400;\">, de la ora 19, tot la <\/span><b>Casino Sinaia<\/b><span style=\"font-weight: 400;\">.\u00a0<\/span><\/p>\n<p><span style=\"font-weight: 400;\">Edi\u0163ia a XXI-a a festivalului, are \u00een program nu mai pu\u021bin de <\/span><b>14 de concerte \u0219i recitaluri<\/b><span style=\"font-weight: 400;\">.<\/span><\/p>\n<p><span style=\"font-weight: 400;\">\u00cen organizarea Prim\u0103riei ora\u0219ului Sinaia \u0219i Centrului Na\u021bional de Art\u0103 \u201eTinerimea Rom\u00e2n\u0103\u201d &#8211; beneficiind \u015fi anul acesta de contribu\u0163ia UCIMR (<\/span><span style=\"font-weight: 400;\">Uniunea de Crea\u021bie Interpretativ\u0103 a Muzicienilor din Rom\u00e2nia), <\/span><span style=\"font-weight: 400;\">Festivalul Interna\u0163ional \u201cEnescu \u015fi muzica lumii\u201d propune un program dens \u015fi divers, sus\u0163inut \u00een mare parte de tineri \u0219i foarte tineri muzicieni.\u00a0<\/span><\/p>\n<p><span style=\"font-weight: 400;\">Cele patru orchestre rom\u00e2ne\u0219ti care vor concerta \u00een aceast\u0103 edi\u021bie \u2013 Orchestra Rom\u00e2n\u0103 de Tineret, Orchestra Na\u021bional\u0103 Simfonic\u0103 a Rom\u00e2niei, Orchestra Junior \u015fi Romanian Sinfonietta fac parte din proiectul Orchestrele Na\u021bionale de Tineret ale Rom\u00e2niei, av\u00e2nd \u00een componen\u021b\u0103 excep\u021bionali muzicieni din patru categorii de v\u00e2rst\u0103 \u0219i vor concerta \u00een seri diferite, dup\u0103 \u00eencheierea stagiilor de preg\u0103tire aferente fiec\u0103rui concert, trei dintre orchestre sus\u0163in\u00e2nd concertele din program at\u00e2t la Sinaia, c\u00e2t \u015fi la Bucure\u015fti, \u00een cadrul Festivalului interna\u0163ional \u201eVara Magic\u0103\u201d, \u00een Curtea Ateneului Rom\u00e2n, pe 6, 12 \u015fi 20 august.\u00a0<\/span><\/p>\n<p><b>Orchestra Rom\u00e2n\u0103 de Tineret<\/b><span style=\"font-weight: 400;\"> va fi dirijat\u0103 de <\/span><b>Cristian Mandeal<\/b><span style=\"font-weight: 400;\">, iar la concertul din <\/span><b>5 august<\/b><span style=\"font-weight: 400;\"> \u00eel va avea ca solist pe <\/span><b>\u015etefan Cazacu<\/b><span style=\"font-weight: 400;\"> \u2013 violoncel \u015fi va prezenta un program exclusiv <\/span><b>Haydn<\/b><span style=\"font-weight: 400;\">, pe c\u00e2nd la concertul din <\/span><b>11 august<\/b> <b>Orchestra Na\u021bional\u0103 Simfonic\u0103 a Rom\u00e2niei<\/b><span style=\"font-weight: 400;\"> dirijat\u0103 de <\/span><b>Cristian Mandeal<\/b><span style=\"font-weight: 400;\"> va sus\u0163ine un program exclusiv simfonic, <\/span><b>Mozart, Britten, Ceaikovski<\/b><span style=\"font-weight: 400;\">.<\/span><b> Orchestra Junior, dirijat\u0103 de Andrei St\u0103nculescu, va sus\u021bine un concert cu lucr\u0103ri clasice si muzic\u0103 de film pe 16 august, iar Romanian Sinfonietta Orchestra,\u00a0 <\/b><span style=\"font-weight: 400;\">dirijor \u015fi solist violonistul <\/span><b>Alexander Sitkovetsky<\/b><span style=\"font-weight: 400;\"> va prezenta pe <\/span><b>19 august<\/b><span style=\"font-weight: 400;\"> un program cu lucr\u0103ri de Mendelssohn, Beethoven, Vivaldi \u015fi Enescu.<\/span><\/p>\n<p><b>Festivalul Interna\u0163ional \u201cEnescu \u015fi muzica lumii\u201d <\/b><span style=\"font-weight: 400;\">are \u00een program, ca de obicei, numeroase recitaluri camerale, sus\u0163inute de interpre\u0163i dintre cei mai diferi\u0163i, precum <\/span><b>Cvartetul Arcadia<\/b><span style=\"font-weight: 400;\"> (<\/span><b>2 august<\/b><span style=\"font-weight: 400;\">, \u00een concertul de deschidere) <\/span><b>Ansamblul Violoncellissimo, <\/b><span style=\"font-weight: 400;\">condus de <\/span><b>Marin Cazacu <\/b><span style=\"font-weight: 400;\">(<\/span><b>15 august<\/b><span style=\"font-weight: 400;\">), continu\u00e2nd cu al\u0163i tineri intepre\u0163i reuni\u021bi \u00een diverse formule.<\/span><\/p>\n<p><span style=\"font-weight: 400;\">\u00a0\u00a0\u00a0\u00a0\u00a0\u00a0\u00a0\u00a0\u00a0\u00a0\u00a0\u00a0Marin Cazacu, directorul Centrului Na\u0163ional de Art\u0103 \u201eTinerimea Rom\u00e2n\u0103\u201d declara \u00eenainte de acest eveniment:\u00a0<\/span><i><span style=\"font-weight: 400;\">\u201eEste o provocare s\u0103 organiz\u0103m un festival cu 14 concerte exclusiv \u00een aer liber, dar prospe\u0163imea \u015fi entuziasmul membrilor orchestrelor rom\u00e2ne de tineret este \u00eentotdeauna un impuls extraordinar. Dorin\u0163a lor de a c\u00e2nta din nou \u00eempreun\u0103 \u2013 chiar dac\u0103 sunt mai pu\u0163ini \u015fi concertele ca \u015fi repeti\u0163iile vor avea loc \u00een condi\u0163ii speciale \u2013 este cea care m-a determinat s\u0103 fac tot posibilul ca aceast\u0103 edi\u0163ie a XXI-a s\u0103 se desf\u0103\u015foare ca \u015fi p\u00e2n\u0103 acum, chiar dac\u0103 \u00een condi\u0163ii diferite. Un alt motiv esen\u0163ial a fost dragostea pentru publicul din Sinaia, care este al\u0103turi de noi din 1999 \u015fi care a\u015fteapt\u0103 acest festival \u00een fiecare an cu aviditate. Publicul va avea anul acesta \u015fi perspectiva exterioar\u0103 a acelora\u015fi locuri emblematice pentru cultura ora\u0219ului Sinaia, \u00eenso\u0163it\u0103 de sonorit\u0103\u0163ile muzicii clasice. Prim\u0103ria din Sinaia este al\u0103turi de noi, ca de obicei. Sper\u0103m din tot sufletul ca \u015fi vremea s\u0103 \u0163in\u0103 cu muzicienii \u015fi ploaia s\u0103 ne ocoleasc\u0103\u201d<\/span><\/i><\/p>\n<p><a href=\"https:\/\/www.youtube.com\/watch?v=MzXbt6mxBT4\"><span style=\"font-weight: 400;\">https:\/\/www.youtube.com\/watch?v=MzXbt6mxBT4<\/span><\/a><b>\u00a0<\/b><\/p>\n<p>&nbsp;<\/p>\n<p><span style=\"font-weight: 400;\">Organizatori :\u00a0<\/span><b>Prim\u0103ria Sinaia,<\/b> <b>Centrul Na\u021bional de Art\u0103 \u201eTinerimea Rom\u00e2n\u0103&#8221;.<\/b><\/p>\n<p><span style=\"font-weight: 400;\">Proiect cofinan\u021bat de :<\/span><b> UCIMR<\/b><\/p>\n<p><span style=\"font-weight: 400;\">Parteneri: <\/span><b>Funda\u021bia Prietenii muzicii Serafim Antropov, Filarmonica George Enescu, UNMB, Lanto Communication, Casino Sinaia, Centrul Cultural \u201cCarmen Sylva\u201d, Muzeul Na\u0163ional \u201cGeorge Enescu\u201d\u00a0<\/b><\/p>\n<p><span style=\"font-weight: 400;\">Sponsori: <\/span><b>Hotel Palace, Hotel Caraiman, Hotel Piatra \u015eoimului, Redescoper\u0103 SINAIA, Vizual Graph<\/b><\/p>\n<p><span style=\"font-weight: 400;\">Parteneri media: <\/span><b>Radio Rom\u00e2nia Cultural \u015fi Radio Rom\u00e2nia Muzical, Rom\u00e2nia TV,\u00a0Mediatrust,\u00a0Observator Cultural, Liternet, Agen\u0163ia de carte, Q Magazine, Mi\u015fcarea de rezisten\u0163\u0103.<\/b><\/p>\n<p><a href=\"http:\/\/www.primaria-sinaia.ro\"><span style=\"font-weight: 400;\">www.primaria-sinaia.ro<\/span><\/a><\/p>\n<p><img decoding=\"async\" class=\"aligncenter size-full wp-image-1287\" src=\"http:\/\/tinerimearomana.ro\/despre\/wp-content\/uploads\/sites\/10\/2020\/07\/FestivalEnescu-Sinaia2020.jpg\" alt=\"\" width=\"100%\" height=\"auto\" srcset=\"https:\/\/tinerimearomana.ro\/despre\/wp-content\/uploads\/sites\/10\/2020\/07\/FestivalEnescu-Sinaia2020.jpg 900w, https:\/\/tinerimearomana.ro\/despre\/wp-content\/uploads\/sites\/10\/2020\/07\/FestivalEnescu-Sinaia2020-220x300.jpg 220w, https:\/\/tinerimearomana.ro\/despre\/wp-content\/uploads\/sites\/10\/2020\/07\/FestivalEnescu-Sinaia2020-752x1024.jpg 752w, https:\/\/tinerimearomana.ro\/despre\/wp-content\/uploads\/sites\/10\/2020\/07\/FestivalEnescu-Sinaia2020-768x1046.jpg 768w\" sizes=\"(max-width: 900px) 100vw, 900px\" \/><\/p>\n","protected":false},"excerpt":{"rendered":"<p>Dup\u0103 20 de edi\u0163ii \u00een care nu a ratat ocazia s\u0103 aib\u0103 cel pu\u0163in un concert \u00een aer liber \u00een Foi\u015forul din Parcul din Sinaia, Festivalul Interna\u021bional \u201cEnescu \u0219i muzica lumii\u201d, revine \u00een 2020 cu edi\u021bia a XXI-a, exclusiv \u00een aer liber, \u00eentre 2 \u015fi 19 august, la Sinaia, \u00een spa\u0163ii neconven\u0163ionale puse la dispozi\u0163ie&#8230;<\/p>\n","protected":false},"author":1,"featured_media":2030,"comment_status":"closed","ping_status":"open","sticky":false,"template":"","format":"standard","meta":{"_kadence_starter_templates_imported_post":false,"_kad_post_transparent":"default","_kad_post_title":"default","_kad_post_layout":"default","_kad_post_sidebar_id":"","_kad_post_content_style":"default","_kad_post_vertical_padding":"default","_kad_post_feature":"","_kad_post_feature_position":"","_kad_post_header":false,"_kad_post_footer":false,"_kad_post_classname":"","footnotes":""},"categories":[3],"tags":[],"class_list":["post-1284","post","type-post","status-publish","format-standard","has-post-thumbnail","hentry","category-evenimente"],"_links":{"self":[{"href":"https:\/\/tinerimearomana.ro\/despre\/wp-json\/wp\/v2\/posts\/1284"}],"collection":[{"href":"https:\/\/tinerimearomana.ro\/despre\/wp-json\/wp\/v2\/posts"}],"about":[{"href":"https:\/\/tinerimearomana.ro\/despre\/wp-json\/wp\/v2\/types\/post"}],"author":[{"embeddable":true,"href":"https:\/\/tinerimearomana.ro\/despre\/wp-json\/wp\/v2\/users\/1"}],"replies":[{"embeddable":true,"href":"https:\/\/tinerimearomana.ro\/despre\/wp-json\/wp\/v2\/comments?post=1284"}],"version-history":[{"count":3,"href":"https:\/\/tinerimearomana.ro\/despre\/wp-json\/wp\/v2\/posts\/1284\/revisions"}],"predecessor-version":[{"id":1288,"href":"https:\/\/tinerimearomana.ro\/despre\/wp-json\/wp\/v2\/posts\/1284\/revisions\/1288"}],"wp:featuredmedia":[{"embeddable":true,"href":"https:\/\/tinerimearomana.ro\/despre\/wp-json\/wp\/v2\/media\/2030"}],"wp:attachment":[{"href":"https:\/\/tinerimearomana.ro\/despre\/wp-json\/wp\/v2\/media?parent=1284"}],"wp:term":[{"taxonomy":"category","embeddable":true,"href":"https:\/\/tinerimearomana.ro\/despre\/wp-json\/wp\/v2\/categories?post=1284"},{"taxonomy":"post_tag","embeddable":true,"href":"https:\/\/tinerimearomana.ro\/despre\/wp-json\/wp\/v2\/tags?post=1284"}],"curies":[{"name":"wp","href":"https:\/\/api.w.org\/{rel}","templated":true}]}}