{"id":1278,"date":"2020-07-20T07:39:02","date_gmt":"2020-07-20T05:39:02","guid":{"rendered":"http:\/\/tinerimearomana.ro\/despre\/?p=1278"},"modified":"2020-07-20T07:48:42","modified_gmt":"2020-07-20T05:48:42","slug":"ansamblul-violoncellissimo-a-sustinut-concertul-de-deschidere-al-festivalului-international-vara-magica","status":"publish","type":"post","link":"https:\/\/tinerimearomana.ro\/despre\/ro\/ansamblul-violoncellissimo-a-sustinut-concertul-de-deschidere-al-festivalului-international-vara-magica\/","title":{"rendered":"ANSAMBLUL VIOLONCELLISSIMO A SUS\u021aINUT CONCERTUL DE DESCHIDERE AL FESTIVALULUI INTERNATIONAL &#8220;VARA MAGICA&#8221;"},"content":{"rendered":"<p>Pentru prima dat\u0103 \u00een aer liber,<strong> Festivalul Interna\u021bional \u201eVara Magic\u0103\u201d <\/strong>invit\u0103 pentru a noua var\u0103 consecutiv iubitorii de muzic\u0103 clasic\u0103 afla\u021bi \u00een Bucure\u0219ti \u00een aceast\u0103 var\u0103 s\u0103 vin\u0103 la seria de <strong>14 concerte camerale \u0219i simfonice<\/strong> ce se va desf\u0103\u0219ura <strong>\u00eentre 15 iulie <\/strong>\u0219i<strong> 27 august<\/strong>, \u00een serile de <strong>miercuri \u0219i joi, de la ora 20<\/strong>, \u00een <strong>Curtea<\/strong> <strong>Ateneului Rom\u00e2n<\/strong>, sub genericul <strong>\u201cAnul Beethoven la Bucure\u015fti\u201d.<\/strong><\/p>\n<p>Cresc\u00e2nd \u00een anvergur\u0103 an dup\u0103 an, <strong>Festivalul Interna\u021bional \u201eVara Magic\u0103\u201d<\/strong> va aduce \u00een 2020 pe originala scen\u0103 din fa\u0163a Ateneului 7 forma\u0163ii orchestrale precum <strong>Orchestra Filarmonicii \u201cGeorge Enescu\u201d<\/strong>, dirijor \u0219i solist<strong> David Lefevre<\/strong><strong>, <\/strong><strong>Orchestra Camerata Regal\u0103<\/strong>, dirijor<strong> Constantin Adrian Grigore<\/strong>, solist\u0103<strong> Rebekka Hartmann \u2013 vioar\u0103, Orchestra Rom\u00e2n\u0103 de Tineret <\/strong><strong>condus\u0103 de<\/strong><strong> Cristian Mandeal<\/strong><strong>, <\/strong><strong>solist<\/strong> <strong>\u0218tefan Cazacu<\/strong> \u2013 <strong>violoncel<\/strong> , <strong>Orchestra Na\u0163ional\u0103 Simfonic\u0103 a Rom\u00e2niei<\/strong>, solist<strong> Cvartetul Wave<\/strong>, dirijor<strong> Cristian Mandeal, <\/strong><strong>Romanian Chamber Orchestra<\/strong>, dirijor<strong> Cristian M\u0103celaru,<\/strong><strong> Romanian Sinfonietta Orchestra,<\/strong> <strong>dirijor \u015fi solist<\/strong> <strong>Alexander Sitkovetsky<\/strong> \u00a0<strong>\u2013 vioar\u0103<\/strong> \u015fi <strong>Kamerata Kronstadt<\/strong>, sub bagheta lui\u00a0<strong>Cristian Oro\u0219anu<\/strong>. Programul va cuprinde \u0219i 7 recitaluri camerale extraordinare sus\u021binute de <strong>Ansamblul cameral Violoncellissimo<\/strong>, fondat de <strong>Marin Cazacu, <\/strong>de <strong>Ansamblul Raro <\/strong>fondat de<strong> R\u0103zvan Popovici, <\/strong><strong>de celebra mezzo-sopran\u0103 <\/strong><strong>Ruxandra Donose, acompaniat\u0103 <\/strong><strong>de pianistul <\/strong><strong>Sergiu Tuhu\u0163iu<\/strong><strong>, de<\/strong> <strong>Cvartetul ARCADIA, de violonistul <\/strong><strong>Alexandru Tomescu \u015fi pianistul Josu de Solaun, <\/strong>de<strong> Cvartetul Wave \u015fi de Trio<\/strong><strong> Georgeta Iordache <\/strong>\u2013 vioar\u0103, <strong>Andrei Ioni\u0163\u0103 <\/strong>\u2013 violoncel, <strong>Daria Tudor <\/strong>\u2013 pian.<\/p>\n<p><strong>Ini\u021biatorul acestui festival, <\/strong><strong>Dorin Ioni\u021b\u0103<\/strong><strong>, declara \u00eenaintea \u00eenceperii actualei edi\u021bii : \u201eTotul este inedit la <em>Festivalul \u201e<\/em><\/strong><em>Vara Magic\u0103\u201d din acest an. Dac\u0103 acum aproape un deceniu, festivalul a \u00eenceput dintr-o necesitate, pentru c\u0103 vara nu se \u00eent\u00e2mpla nimic de acest gen \u00een Bucure\u015ft, anul acesta el este dedicat necesit\u0103\u0163ii bucure\u015ftenilor de a reveni la normal \u015fi din punct de vedere spiritual. Avem nevoie de cultur\u0103 vie, avem nevoie de muzic\u0103, de destindere, de relaxare, iar acest festival trebuie s\u0103 continue, pentru c\u0103 dup\u0103 lunga perioad\u0103 petrecut\u0103 doar \u00een online, foarte mult\u0103 lume \u00ee\u015fi dore\u015fte contactul direct cu emo\u0163ia generat\u0103 de muzica live. Iar dac\u0103 toate acestea se petrec \u00een eleganta curte a Ateneului Rom\u00e2n, av\u00e2nd pe fundal exact imaginea care se afl\u0103 pe afi\u015ful nostru de la \u00eenceput, sunt convins c\u0103\u2026 totul va fi bine.<\/em>\u201d<\/p>\n<p><strong>A\u0219adar, 14 concerte, 7 seri cu orchestre, 7 seri de muzic\u0103 de camer\u0103 de cel mai \u00eenalt nivel vor reprezenta atrac\u021biile acestui an la Festivalul Interna\u021bional \u201eVara Magic\u0103\u201d OPEN AIR din 15 iulie p\u00e2n\u0103 pe 27 august, la Ateneul Rom\u00e2n.<\/strong><\/p>\n<p><strong>Biletele se pot g\u0103si pe <\/strong><strong><a href=\"http:\/\/www.lanto.ro\">www.lanto.ro<\/a><\/strong><strong>, www.bilete.ro \u0219i la casa de bilete a festivalului deschis\u0103 la Ateneul Rom\u00e2n, intrarea din strada Benjamin Franklin nr. 1-3, de luni p\u00e2n\u0103 vineri, \u00eentre orele 14 \u0219i 19, \u00eencep\u00e2nd cu data de 6 iulie.<\/strong><\/p>\n<p><a href=\"https:\/\/www.youtube.com\/watch?v=yMKWn7DIfRw\">https:\/\/www.youtube.com\/watch?v=yMKWn7DIfRw<\/a><\/p>\n<p><a href=\"https:\/\/www.youtube.com\/watch?v=wvteeq-pnQk\">https:\/\/www.youtube.com\/watch?v=wvteeq-pnQk<\/a><\/p>\n<p><a href=\"https:\/\/www.youtube.com\/watch?v=bminJ6Nqfrw\">https:\/\/www.youtube.com\/watch?v=bminJ6Nqfrw<\/a><\/p>\n<p>Programul integral pe <a href=\"http:\/\/www.lanto.ro\">www.lanto.ro<\/a><\/p>\n<p><strong>Produc\u0103tor : <\/strong><strong>Asocia\u0163ia Cultural\u0103 Lanto Magia Muzicii<\/strong><\/p>\n<p><strong>Coproduc\u0103tori : Prim\u0103ria Municipiului Bucure\u0219ti prin Centrul pentru Tineret al Municipiului Bucure\u0219ti, TVR 3<\/strong><\/p>\n<p><strong>Parteneri : NIRO Investment Group, Borsec, Oscar, Luxten, Vizual Graph, Asocia\u0163ia \u201eM\u00e2ine va fi mai bine\u201d, Centrul Na\u0163ional de Art\u0103 Tinerimea Rom\u00e2n\u0103, Asocia\u0163ia cultural\u0103 Pro Contemporania, Funda\u0163ia \u201ePrietenii Muzicii &#8211; Serafim Antropov\u201d<\/strong><\/p>\n<p><strong>Parteneri media : Radio Rom\u00e2nia Muzical, Radio Rom\u00e2nia Cultural, Rom\u00e2nia TV, B1 TV, Realitatea TV, Agen\u021bia de carte, Mediatrust,\u00a0<\/strong><strong> Liternet<\/strong><\/p>\n<p>&nbsp;<\/p>\n<p><strong>15 Iulie \u2013 Ansamblul Violoncellissimo, <\/strong><strong>fondat de<\/strong> <strong>Marin Cazacu<\/strong><\/p>\n<p>&nbsp;<\/p>\n<p><strong>16 Iulie \u2013 Orchestra Filarmonicii \u201cGeorge Enescu\u201d, dirijor <\/strong><strong>\u0219i solist<\/strong><strong> David Lefevre<\/strong><\/p>\n<p>&nbsp;<\/p>\n<p><strong>22 Iulie \u2013 Ansamblul Raro, fondat de R\u0103zvan Popovici<\/strong><\/p>\n<p>&nbsp;<\/p>\n<p><strong>23 Iulie \u2013 Ruxandra Donose \u2013 mezzo-sopran\u0103, la pian Sergiu Tuhutiu<\/strong><\/p>\n<p>&nbsp;<\/p>\n<p><strong>29 iulie<\/strong> \u2013 <strong>Cvartetul ARCADIA<\/strong><\/p>\n<p>&nbsp;<\/p>\n<p><strong>30 Iulie \u2013 Orchestra Camerata Regal\u0103<\/strong><\/p>\n<p>Dirijor :<strong> Constantin Adrian Grigore <\/strong><\/p>\n<p>Solist\u0103 : <strong>Rebekka Hartmann <\/strong>\u2013 vioar\u0103<\/p>\n<p>&nbsp;<\/p>\n<p><strong>\u00a0<\/strong><strong>5 <\/strong><strong>August <\/strong>\u2013 <strong>Alexandru Tomescu <\/strong>\u2013 vioar\u0103 \u015fi<strong> Josu de Solaun <\/strong>\u2013 pian<\/p>\n<p>&nbsp;<\/p>\n<p><strong>\u00a0<\/strong><strong>6 August \u2013 Orchestra Rom\u00e2n\u0103 de Tineret<\/strong><\/p>\n<p>Dirijor :<strong> Cristian Mandeal<\/strong><\/p>\n<p>Solist : <strong>\u0218tefan Cazacu<\/strong> \u2013 violoncel<\/p>\n<p>&nbsp;<\/p>\n<p><strong>\u00a0<\/strong><strong>12 August \u2013 Orchestra Na\u0163ional\u0103 Simfonic\u0103 a Rom\u00e2niei<\/strong><\/p>\n<p>Dirijor :<strong> Cristian Mandeal<\/strong><\/p>\n<p>Solist :<strong> Cvartetul Wave<\/strong><\/p>\n<p><strong>13 August \u2013 Cvartetul Wave<\/strong><\/p>\n<p>&nbsp;<\/p>\n<p><strong>19 August \u2013 Romanian Chamber Orchestra<\/strong><\/p>\n<p>Dirijor : <strong>Cristian M\u0103celaru<\/strong><\/p>\n<p>&nbsp;<\/p>\n<p><strong>20 August \u2013 Romanian Sinfonietta Orchestra<\/strong><\/p>\n<p>Dirijor \u015fi solist : <strong>Alexander Sitkovetsky<\/strong> \u2013 vioar\u0103<\/p>\n<p>&nbsp;<\/p>\n<p><strong>26 August \u2013 Trio<\/strong><strong> Georgeta Iordache <\/strong>\u2013 vioar\u0103,<strong> Andrei Ioni\u0163\u0103 <\/strong>\u2013 violoncel,<strong> Daria Tudor <\/strong>\u2013 pian<\/p>\n<p>&nbsp;<\/p>\n<p><strong>27 August \u2013 Kamerata Kronstadt<\/strong><\/p>\n<p>Dirijor : <strong>Cristian Oro\u015fanu<\/strong><\/p>\n<p>Soli\u015fti : <strong>Nicolas Dautricourt<\/strong><strong>\u00a0<\/strong>\u2013 vioar\u0103,<strong> R\u0103zvan Popovici <\/strong>\u2013 viol\u0103<\/p>\n<p><img decoding=\"async\" class=\"aligncenter size-full wp-image-1282\" src=\"http:\/\/tinerimearomana.ro\/despre\/wp-content\/uploads\/sites\/10\/2020\/07\/Afis-2020-07-15-Violoncellissimo.jpg\" alt=\"\" width=\"100%\" height=\"auto\" srcset=\"https:\/\/tinerimearomana.ro\/despre\/wp-content\/uploads\/sites\/10\/2020\/07\/Afis-2020-07-15-Violoncellissimo.jpg 900w, https:\/\/tinerimearomana.ro\/despre\/wp-content\/uploads\/sites\/10\/2020\/07\/Afis-2020-07-15-Violoncellissimo-214x300.jpg 214w, https:\/\/tinerimearomana.ro\/despre\/wp-content\/uploads\/sites\/10\/2020\/07\/Afis-2020-07-15-Violoncellissimo-731x1024.jpg 731w, https:\/\/tinerimearomana.ro\/despre\/wp-content\/uploads\/sites\/10\/2020\/07\/Afis-2020-07-15-Violoncellissimo-768x1075.jpg 768w\" sizes=\"(max-width: 900px) 100vw, 900px\" \/><\/p>\n","protected":false},"excerpt":{"rendered":"<p>Pentru prima dat\u0103 \u00een aer liber, Festivalul Interna\u021bional \u201eVara Magic\u0103\u201d invit\u0103 pentru a noua var\u0103 consecutiv iubitorii de muzic\u0103 clasic\u0103 afla\u021bi \u00een Bucure\u0219ti \u00een aceast\u0103 var\u0103 s\u0103 vin\u0103 la seria de 14 concerte camerale \u0219i simfonice ce se va desf\u0103\u0219ura \u00eentre 15 iulie \u0219i 27 august, \u00een serile de miercuri \u0219i joi, de la ora&#8230;<\/p>\n","protected":false},"author":1,"featured_media":0,"comment_status":"closed","ping_status":"open","sticky":false,"template":"","format":"standard","meta":{"_kadence_starter_templates_imported_post":false,"_kad_post_transparent":"","_kad_post_title":"","_kad_post_layout":"","_kad_post_sidebar_id":"","_kad_post_content_style":"","_kad_post_vertical_padding":"","_kad_post_feature":"","_kad_post_feature_position":"","_kad_post_header":false,"_kad_post_footer":false,"_kad_post_classname":"","footnotes":""},"categories":[3],"tags":[],"class_list":["post-1278","post","type-post","status-publish","format-standard","hentry","category-evenimente"],"_links":{"self":[{"href":"https:\/\/tinerimearomana.ro\/despre\/wp-json\/wp\/v2\/posts\/1278"}],"collection":[{"href":"https:\/\/tinerimearomana.ro\/despre\/wp-json\/wp\/v2\/posts"}],"about":[{"href":"https:\/\/tinerimearomana.ro\/despre\/wp-json\/wp\/v2\/types\/post"}],"author":[{"embeddable":true,"href":"https:\/\/tinerimearomana.ro\/despre\/wp-json\/wp\/v2\/users\/1"}],"replies":[{"embeddable":true,"href":"https:\/\/tinerimearomana.ro\/despre\/wp-json\/wp\/v2\/comments?post=1278"}],"version-history":[{"count":4,"href":"https:\/\/tinerimearomana.ro\/despre\/wp-json\/wp\/v2\/posts\/1278\/revisions"}],"predecessor-version":[{"id":1283,"href":"https:\/\/tinerimearomana.ro\/despre\/wp-json\/wp\/v2\/posts\/1278\/revisions\/1283"}],"wp:attachment":[{"href":"https:\/\/tinerimearomana.ro\/despre\/wp-json\/wp\/v2\/media?parent=1278"}],"wp:term":[{"taxonomy":"category","embeddable":true,"href":"https:\/\/tinerimearomana.ro\/despre\/wp-json\/wp\/v2\/categories?post=1278"},{"taxonomy":"post_tag","embeddable":true,"href":"https:\/\/tinerimearomana.ro\/despre\/wp-json\/wp\/v2\/tags?post=1278"}],"curies":[{"name":"wp","href":"https:\/\/api.w.org\/{rel}","templated":true}]}}