{"id":1274,"date":"2020-05-04T12:07:49","date_gmt":"2020-05-04T10:07:49","guid":{"rendered":"http:\/\/tinerimearomana.ro\/despre\/?p=1274"},"modified":"2020-05-04T12:07:49","modified_gmt":"2020-05-04T10:07:49","slug":"expozitia-enescu-o-viata-in-imagini-la-tinerimea-romana-online-din-4-mai","status":"publish","type":"post","link":"https:\/\/tinerimearomana.ro\/despre\/ro\/expozitia-enescu-o-viata-in-imagini-la-tinerimea-romana-online-din-4-mai\/","title":{"rendered":"Expozi\u0163ia Enescu &#8211; O via\u021b\u0103 \u00een imagini la Tinerimea Rom\u00e2n\u0103  \u2013 online, din 4 mai"},"content":{"rendered":"<p>Un eveniment cultural online lansat de Centrul Na\u021bional de Art\u0103 \u201c Tinerimea Rom\u00e2n\u0103\u201d, este postat \u00een premier\u0103 pe 4 mai, la aceasta adresa: <a href=\"https:\/\/youtu.be\/mdEgBgfVS1w\">GEORGE ENESCU &#8211; O VIATA IN IMAGINI &#8211; expozitie de fotografie<\/a> &#8212; \u00een ziua \u00een care se \u00eemplinesc 65 de ani de la de la dispari\u0163ia simbolului culturii muzicale rom\u00e2ne\u015fti, George Enescu \u2013 compozitor, violonist, pianist, dirijor \u015fi ilustru profesor.<\/p>\n<p>Aceast\u0103 expozi\u0163ie de fotografii este un omagiu pe care Centrul Na\u021bional de Art\u0103 \u201c Tinerimea Rom\u00e2n\u0103\u201d \u0219i muzicieni din cadrul Orchestrelor Na\u021bionale de Tineret ale Rom\u00e2niei \u00eel aduc geniului muzicii rom\u00e2ne\u0219ti, George Enescu. S-a stins din via\u021b\u0103 la 4 mai 1955 la Paris, iar cu pu\u0163in timp \u00eenainte, el \u00eei declara muzicologului francez Bernard Gavoty: \u201cS-a sf\u00e2r\u0219it. Povestea aceasta \u00eencepe acolo, departe, pe plaiurile Moldovei \u0219i se ispr\u0103ve\u0219te aici, \u00een inima Parisului. Pentru a merge din satul \u00een care m-am n\u0103scut spre marele ora\u0219 unde-mi sf\u00e2r\u0219esc zilele, am str\u0103b\u0103tut o cale anevoioas\u0103, str\u0103juit\u0103 de copaci ce se pierd \u00een zarea \u00eendep\u0103rtat\u0103. A fost lung, desigur, acest drum. C\u00e2t de scurt mi s-a p\u0103rut!\u201d<\/p>\n<p>A l\u0103sa doar iconografia s\u0103 vorbeasc\u0103 despre o personalitate artistic\u0103 a c\u0103rei cale de exprimare a fost prin excelen\u021b\u0103 dedicat\u0103 sunetului poate p\u0103rea hazardat, dar comentariul profesorului \u015fi violoncelistului Marin Cazacu, manager al Centrului Na\u021bional de Art\u0103 \u201cTinerimea Rom\u00e2n\u0103\u201d, care \u00eenso\u0163e\u015fte \u00eentregul film al expozi\u0163iei bazat pe imaginile actuale ale expozi\u0163iei \u015fi respectiv pe imaginile de arhiv\u0103 ale turneelor Orchestrelor Na\u0163ionale de Tineret surprinse de-a lungul timpului \u00een diferite ora\u015fe ale lumii de Virgil Oprina, apropie privitorul de istoria personalit\u0103\u0163ii celui care r\u0103m\u00e2ne un simbol al muzicii clasice rom\u00e2ne\u015fti.<\/p>\n<p>\u201cDiscursul vizual pe care \u00eel propunem, deocamdat\u0103 doar prin intermediul acestui tur virtual \u0219i care con\u021bine peste 150 de fotografii \u0219i fotocopii dup\u0103 partituri, afi\u0219e sau alte documente, \u00eencearc\u0103 s\u0103 recreeze cr\u00e2mpeie din via\u021ba maestrului, travers\u00e2nd epoci ale form\u0103rii \u0219i ale devenirii sale artistice.\u201d, declar\u0103 Marin Cazacu. \u201cCredem c\u0103 prin aceast\u0103 expozi\u021bie \u00eei putem convinge \u0219i mai mult pe cei care \u00eenc\u0103 nu au mers mai departe de audi\u021bia rapsodiilor, \u00eei putem surprinde chiar \u0219i pe speciali\u0219ti cu unele imagini inedite \u0219i \u00eei putem convinge pe c\u00e2t mai mul\u021bi de faptul c\u0103 artistul \u0219i omul George Enescu, acum, la 65 de ani de la trecerea sa \u00een nefiin\u021b\u0103 continu\u0103 s\u0103 fie nu doar viu \u0219i actual ci \u0219i plin de un con\u021binut care se va l\u0103sa descoperit \u00een viitor.\u201d<\/p>\n<p>Expozi\u0163ia a fost realizat\u0103 cu sprijinul doamnei Cristina Caute\u0219, care a pus la dispozi\u0163ie aceste fotografii \u015fi care \u00een urm\u0103 cu 25 ani \u00een urm\u0103 a ini\u0163iat ideea \u0219i realizarea acestui compendiu de imagini at\u00e2t de importante pentru memoria spiritualit\u0103\u021bii rom\u00e2ne\u015fti.<\/p>\n<p>\u00cen aceast\u0103 perioad\u0103, Centrul Na\u021bional de Art\u0103 \u201cTinerimea Rom\u00e2n\u0103\u201d continu\u0103 sub genericul Retrospectiva 2008 &#8211; 2020 la \u201cTinerimea Rom\u00e2n\u0103\u201d, postarea unor \u00eenregistr\u0103ri video \u0219i reportaje foto \u00een premier\u0103 a unora dintre cele mai inspirate momente artistice din concertele \u0219i spectacolele sus\u021binute de forma\u021biile sale. Ini\u0163iativa are rolul de a men\u0163ine leg\u0103tura cu publicul \u00een aceast\u0103 perioad\u0103 \u00een care, \u00een contextul pandemiei COVID 19, arti\u015ftii din \u00eentreaga lume nu pot p\u0103stra leg\u0103tura pe viu cu publicul lor \u015fi apeleaz\u0103 tot mai mult la prezen\u0163a online, care chiar dac\u0103 nu poate \u00eenlocui, poate oferi celor de acas\u0103 o deschidere virtual\u0103 c\u0103tre lumea artei.<\/p>\n<p><img fetchpriority=\"high\" decoding=\"async\" class=\"aligncenter size-full wp-image-1275\" src=\"http:\/\/tinerimearomana.ro\/despre\/wp-content\/uploads\/sites\/10\/2020\/05\/Foto_Enescu-O-viata-in-imagini_Expo-CNATR-2020-web.jpg\" alt=\"\" width=\"980\" height=\"551\" srcset=\"https:\/\/tinerimearomana.ro\/despre\/wp-content\/uploads\/sites\/10\/2020\/05\/Foto_Enescu-O-viata-in-imagini_Expo-CNATR-2020-web.jpg 980w, https:\/\/tinerimearomana.ro\/despre\/wp-content\/uploads\/sites\/10\/2020\/05\/Foto_Enescu-O-viata-in-imagini_Expo-CNATR-2020-web-300x169.jpg 300w, https:\/\/tinerimearomana.ro\/despre\/wp-content\/uploads\/sites\/10\/2020\/05\/Foto_Enescu-O-viata-in-imagini_Expo-CNATR-2020-web-768x432.jpg 768w\" sizes=\"(max-width: 980px) 100vw, 980px\" \/><\/p>\n","protected":false},"excerpt":{"rendered":"<p>Un eveniment cultural online lansat de Centrul Na\u021bional de Art\u0103 \u201c Tinerimea Rom\u00e2n\u0103\u201d, este postat \u00een premier\u0103 pe 4 mai, la aceasta adresa: GEORGE ENESCU &#8211; O VIATA IN IMAGINI &#8211; expozitie de fotografie &#8212; \u00een ziua \u00een care se \u00eemplinesc 65 de ani de la de la dispari\u0163ia simbolului culturii muzicale rom\u00e2ne\u015fti, George Enescu&#8230;<\/p>\n","protected":false},"author":1,"featured_media":1275,"comment_status":"closed","ping_status":"open","sticky":false,"template":"","format":"standard","meta":{"_kadence_starter_templates_imported_post":false,"_kad_post_transparent":"","_kad_post_title":"","_kad_post_layout":"","_kad_post_sidebar_id":"","_kad_post_content_style":"","_kad_post_vertical_padding":"","_kad_post_feature":"","_kad_post_feature_position":"","_kad_post_header":false,"_kad_post_footer":false,"_kad_post_classname":"","footnotes":""},"categories":[3],"tags":[],"class_list":["post-1274","post","type-post","status-publish","format-standard","has-post-thumbnail","hentry","category-evenimente"],"_links":{"self":[{"href":"https:\/\/tinerimearomana.ro\/despre\/wp-json\/wp\/v2\/posts\/1274"}],"collection":[{"href":"https:\/\/tinerimearomana.ro\/despre\/wp-json\/wp\/v2\/posts"}],"about":[{"href":"https:\/\/tinerimearomana.ro\/despre\/wp-json\/wp\/v2\/types\/post"}],"author":[{"embeddable":true,"href":"https:\/\/tinerimearomana.ro\/despre\/wp-json\/wp\/v2\/users\/1"}],"replies":[{"embeddable":true,"href":"https:\/\/tinerimearomana.ro\/despre\/wp-json\/wp\/v2\/comments?post=1274"}],"version-history":[{"count":1,"href":"https:\/\/tinerimearomana.ro\/despre\/wp-json\/wp\/v2\/posts\/1274\/revisions"}],"predecessor-version":[{"id":1276,"href":"https:\/\/tinerimearomana.ro\/despre\/wp-json\/wp\/v2\/posts\/1274\/revisions\/1276"}],"wp:featuredmedia":[{"embeddable":true,"href":"https:\/\/tinerimearomana.ro\/despre\/wp-json\/wp\/v2\/media\/1275"}],"wp:attachment":[{"href":"https:\/\/tinerimearomana.ro\/despre\/wp-json\/wp\/v2\/media?parent=1274"}],"wp:term":[{"taxonomy":"category","embeddable":true,"href":"https:\/\/tinerimearomana.ro\/despre\/wp-json\/wp\/v2\/categories?post=1274"},{"taxonomy":"post_tag","embeddable":true,"href":"https:\/\/tinerimearomana.ro\/despre\/wp-json\/wp\/v2\/tags?post=1274"}],"curies":[{"name":"wp","href":"https:\/\/api.w.org\/{rel}","templated":true}]}}