{"id":1244,"date":"2020-01-27T18:56:52","date_gmt":"2020-01-27T16:56:52","guid":{"rendered":"http:\/\/tinerimearomana.ro\/despre\/?p=1244"},"modified":"2020-01-27T19:06:26","modified_gmt":"2020-01-27T17:06:26","slug":"orchestrele-nationale-de-tineret-ale-romaniei-organizeaza-auditii","status":"publish","type":"post","link":"https:\/\/tinerimearomana.ro\/despre\/ro\/orchestrele-nationale-de-tineret-ale-romaniei-organizeaza-auditii\/","title":{"rendered":"ORCHESTRELE NATIONALE DE TINERET ALE ROMANIEI ORGANIZEAZA AUDITII"},"content":{"rendered":"<p>\u00cen data de <strong>27 \u0219i 28 februarie \u00een Bucure\u0219ti, 29 februarie la Cluj Napoca \u0219i<\/strong><br \/>\n<strong>07 martie la Ia\u0219i,<\/strong> vor avea loc audi\u021bii pentru admiterea celor mai talenta\u021bi tineri<br \/>\nmuzicieni \u00een Orchestrele Na\u021bionale de Tineret ale Rom\u00e2niei.<\/p>\n<p>Fenomenul artistic al Orchestrelor Na\u021bionale de Tineret ale Rom\u00e2niei<br \/>\nreprezint\u0103 deja de mai mul\u021bi ani cea mai important\u0103 ramp\u0103 de formare \u0219i<br \/>\nrealizare profesional\u0103 a tinerilor muzicieni care doresc s\u0103 devin\u0103 instrumenti\u0219ti<br \/>\nprofesioni\u0219ti \u00een cadrul unei orchestre simfonice.<\/p>\n<p>Programul din acest an beneficiaz\u0103 de aportul direct al celor mai<br \/>\nimportan\u021bi dirijori rom\u00e2ni la acest moment, Cristian Mandeal, Horia Andreescu,<br \/>\nCristian M\u0103celaru \u2013 de cur\u00e2nd devenit dirijor principal al Orchestre Nationale de<br \/>\nFrance \u2013 Gabriel Bebe\u0219elea \u0219i fenomenalul violonist-dirijor rus Alexander<br \/>\nSitkovetsky. Iar concertele din acest an sunt programate pe importante scene din<br \/>\nRom\u00e2nia, Bulgaria, Italia, Germania, Republica Moldova \u0219.a.<\/p>\n<p>Cuprinz\u00e2nd Orchestra Junior, pentru categoria de v\u00e2rst\u0103 13-16 ani,<br \/>\nRomanian Sinfonietta 16-19 ani, binecunoscuta Ochestr\u0103 Rom\u00e2n\u0103 de Tineret 18-<br \/>\n26 de ani \u0219i Orchestra Na\u021bional\u0103 Simfonic\u0103 a Rom\u00e2niei pentru cei mai valoro\u0219i<br \/>\nabsolven\u021bi \u0219i membri ai \u00eentregului program, indiferent de v\u00e2rst\u0103, acest program<br \/>\ndedicat tinerilor muzicieni a format \u00een cei 11 ani de existen\u021b\u0103 pe actualii ocupan\u021bi<br \/>\nai celor mai importante pozi\u021bii ale marilor orchestre din Rom\u00e2nia, precum<br \/>\nfilarmonicile din Bucure\u0219ti, Cluj, Ia\u0219i sau Timi\u0219oara, Orchestra Na\u021bional\u0103 Radio<br \/>\nsau orchestrele Operelor Na\u021bionale din Bucure\u0219ti \u0219i Cluj, plus alte numeroase<br \/>\ncolective simfonice din \u021bar\u0103 \u0219i de peste hotare.<\/p>\n<p>Secretul imensului succes pe care Orchestra Rom\u00e2n\u0103 de Tineret,<br \/>\nOrchestra Na\u021bional\u0103 Simfonic\u0103 a Rom\u00e2niei \u0219i Romanian Simfonietta l-au<br \/>\n\u00eenregistrat deja pe cele mai importante scene de concert din \u021bar\u0103, din Europa \u0219i<br \/>\ndin Statele Unite, precum \u0219i din Beijing, Istanbul, Chi\u0219in\u0103u, Belgrad, Ruse, Sofia<br \/>\nsau Skopje \u00eencepe de la procesul riguros de selec\u021bie \u00een care sunt apreciate \u0219i<br \/>\n\u00eencurajate nu doar abilit\u0103\u021bile instrumentale \u0219i muzicale, ci \u0219i calit\u0103\u021bile umane ale<br \/>\ntinerilor candida\u021bi, pentru c\u0103 acest proiect \u0219i-a propus s\u0103 formeze nu doar<br \/>\nprofesioni\u0219ti, ci \u0219i caractere compatibile cu arta interpret\u0103rii Marii Muzici.<\/p>\n<p>Locurile unde vor avea loc audi\u021biile sunt:<\/p>\n<p>pentru <strong>Bucure\u0219ti<\/strong> \u2013 Centrul Na\u0163ional de Art\u0103 \u201cTinerimea Rom\u00e2n\u0103\u201d str. Gutenberg, nr. 19,<\/p>\n<p>pentru <strong>Cluj Napoca<\/strong> &#8211; Academia de muzic\u0103 \u201cGheorghe Dima\u201d \u2013 Studioul de concerte<\/p>\n<p>pentru <strong>Ia\u0219i<\/strong> &#8211; Colegiul Na\u021bional de Art\u0103 ;Octav B\u0103ncil\u0103 sala 38.<\/p>\n<p>Toate rela\u021biile privitoare la instrumentele solicitate \u0219i repertoriul de audi\u021bie<br \/>\nal\u0103turi de materialul aferent, pot fi gasite pe link-ul de mai jos:<\/p>\n<p><a href=\"http:\/\/tinerimearomana.ro\/despre\/ro\/auditii\/\">http:\/\/tinerimearomana.ro\/despre\/ro\/auditii\/<\/a><\/p>\n<p><img decoding=\"async\" class=\"aligncenter size-full wp-image-1250\" src=\"http:\/\/tinerimearomana.ro\/despre\/wp-content\/uploads\/sites\/10\/2020\/01\/Afis-auditii-ORT_2020_WEB2.jpg\" alt=\"\" width=\"100%\" height=\"auto\" srcset=\"https:\/\/tinerimearomana.ro\/despre\/wp-content\/uploads\/sites\/10\/2020\/01\/Afis-auditii-ORT_2020_WEB2.jpg 850w, https:\/\/tinerimearomana.ro\/despre\/wp-content\/uploads\/sites\/10\/2020\/01\/Afis-auditii-ORT_2020_WEB2-250x300.jpg 250w, https:\/\/tinerimearomana.ro\/despre\/wp-content\/uploads\/sites\/10\/2020\/01\/Afis-auditii-ORT_2020_WEB2-768x923.jpg 768w\" sizes=\"(max-width: 850px) 100vw, 850px\" \/><\/p>\n","protected":false},"excerpt":{"rendered":"<p>\u00cen data de 27 \u0219i 28 februarie \u00een Bucure\u0219ti, 29 februarie la Cluj Napoca \u0219i 07 martie la Ia\u0219i, vor avea loc audi\u021bii pentru admiterea celor mai talenta\u021bi tineri muzicieni \u00een Orchestrele Na\u021bionale de Tineret ale Rom\u00e2niei. Fenomenul artistic al Orchestrelor Na\u021bionale de Tineret ale Rom\u00e2niei reprezint\u0103 deja de mai mul\u021bi ani cea mai important\u0103&#8230;<\/p>\n","protected":false},"author":1,"featured_media":1209,"comment_status":"closed","ping_status":"open","sticky":false,"template":"","format":"standard","meta":{"_kadence_starter_templates_imported_post":false,"_kad_post_transparent":"","_kad_post_title":"","_kad_post_layout":"","_kad_post_sidebar_id":"","_kad_post_content_style":"","_kad_post_vertical_padding":"","_kad_post_feature":"","_kad_post_feature_position":"","_kad_post_header":false,"_kad_post_footer":false,"_kad_post_classname":"","footnotes":""},"categories":[3],"tags":[],"class_list":["post-1244","post","type-post","status-publish","format-standard","has-post-thumbnail","hentry","category-evenimente"],"_links":{"self":[{"href":"https:\/\/tinerimearomana.ro\/despre\/wp-json\/wp\/v2\/posts\/1244"}],"collection":[{"href":"https:\/\/tinerimearomana.ro\/despre\/wp-json\/wp\/v2\/posts"}],"about":[{"href":"https:\/\/tinerimearomana.ro\/despre\/wp-json\/wp\/v2\/types\/post"}],"author":[{"embeddable":true,"href":"https:\/\/tinerimearomana.ro\/despre\/wp-json\/wp\/v2\/users\/1"}],"replies":[{"embeddable":true,"href":"https:\/\/tinerimearomana.ro\/despre\/wp-json\/wp\/v2\/comments?post=1244"}],"version-history":[{"count":6,"href":"https:\/\/tinerimearomana.ro\/despre\/wp-json\/wp\/v2\/posts\/1244\/revisions"}],"predecessor-version":[{"id":1246,"href":"https:\/\/tinerimearomana.ro\/despre\/wp-json\/wp\/v2\/posts\/1244\/revisions\/1246"}],"wp:featuredmedia":[{"embeddable":true,"href":"https:\/\/tinerimearomana.ro\/despre\/wp-json\/wp\/v2\/media\/1209"}],"wp:attachment":[{"href":"https:\/\/tinerimearomana.ro\/despre\/wp-json\/wp\/v2\/media?parent=1244"}],"wp:term":[{"taxonomy":"category","embeddable":true,"href":"https:\/\/tinerimearomana.ro\/despre\/wp-json\/wp\/v2\/categories?post=1244"},{"taxonomy":"post_tag","embeddable":true,"href":"https:\/\/tinerimearomana.ro\/despre\/wp-json\/wp\/v2\/tags?post=1244"}],"curies":[{"name":"wp","href":"https:\/\/api.w.org\/{rel}","templated":true}]}}