{"id":1144,"date":"2020-01-08T00:37:02","date_gmt":"2020-01-07T22:37:02","guid":{"rendered":"http:\/\/tinerimearomana.ro\/despre\/?p=1144"},"modified":"2020-01-08T00:45:36","modified_gmt":"2020-01-07T22:45:36","slug":"violoncellissimo-concert-extraordinar-la-istanbul-dedicat-zilei-culturii-nationale","status":"publish","type":"post","link":"https:\/\/tinerimearomana.ro\/despre\/ro\/violoncellissimo-concert-extraordinar-la-istanbul-dedicat-zilei-culturii-nationale\/","title":{"rendered":"VIOLONCELLISSIMO &#8211;  CONCERT EXTRAORDINAR LA ISTANBUL DEDICAT ZILEI CULTURII NATIONALE"},"content":{"rendered":"[infobox style=&#8217;info&#8217; static=&#8217;1&#8242;]\n<p>Anul 2020 \u00eencepe \u00een for\u021b\u0103 pentru <strong>Violoncellissimo<\/strong>, formidabilul ansamblu creat \u0219i condus de violoncelistul \u0219i profesorul <strong>Marin Cazacu<\/strong> urm\u00e2nd s\u0103 fie prezent pentru prima oar\u0103 la<strong> Istanbul<\/strong>, \u00eentr-un concert extrordinar dedicat <strong>Zilei Culturii Na\u021bionale<\/strong>, la <strong>Centrul Cultural Mustafa Saffet<\/strong> din districtul <strong>Ata\u015fehir din Istanbul, pe 14 ianuarie 2020, la ora 20<\/strong> \u015fi organizat de<strong> ICR Istanbul<\/strong> \u015fi<strong> Centrul Na\u0163ional de Art\u0103 Tinerimea Rom\u00e2n\u0103.<\/strong><\/p>\n<p>Abord\u00e2nd un repertoriu absolut special, \u00een care publicul este la propriu fermecat de combina\u021bia de virtuozitate \u0219i for\u021b\u0103 a expresiei muzicale, totul sub semnul tinere\u021bii celor mai buni violonceli\u0219ti ai Rom\u00e2niei, <strong>Violoncellissimo<\/strong> \u00ee\u0219i va continua astfel seria de succese prin apari\u0163ia \u00eentr-un concert excep\u021bional la Istanbul, \u201dcapitala\u201d cultural\u0103 Turciei.<\/p>\n<p>Programul va cuprinde Johann Schrammel \u2013 March, Georg Friedrich Haendel \u2013 Passacaglia, Tomaso Albinoni \u2013 Adagio, Constantin Dimitrescu \u2013 Romanian Dance, Cornelia T\u0103utu &#8211; Al Fine, Bela Bartok &#8211; Romanian Dances, Astor Piazzolla &#8211; Oblivion and Libertango, Dimitri Schostakovich \u2013 Waltz, Romanian Medley, Ramin Djawadi &#8211; Game of Thrones, Luis Fonsi\/Radu Sinaci \u2013 Despacito, Wilhelm Kaiser Lindemann \u2013 Mambo, Freddie Mercury (aranjament) &#8211; Bohemian Rhapsody, Sabin P\u0103utza (aranjament) &#8211; The Final Countdown.<\/p>\n<p>Violoncellissimo are deja la activ numeroase prezen\u021be na\u021bionale \u015fi interna\u0163ionale. In anul 2019 a sus\u0163inut primul turneu na\u0163ional, o str\u0103lucitoare pledoarie pentru posibilit\u0103\u021bile neb\u0103nuite de expresie muzical\u0103 ale violoncelului, prin intermediul unor calit\u0103\u021bi de virtuozitate nu de pu\u021bine ori uluitoare, printr-un program-incursiune nu doar \u00een istoria muzicii clasice, ci a mai multor genuri, \u00eentr-un buchet muzical plin de culoare, savoare \u0219i bucurie de a tr\u0103i, turneu ce se va relua \u00een 2020.<\/p>\n[\/infobox]\n<div class=\"ose-youtube ose-uid-750d86c01e952b650f8bb77ff3b21027 ose-embedpress-responsive\" style=\"width:820px; height:500px; max-height:500px; max-width:100%; display:inline-block;\" data-embed-type=\"Youtube\"><iframe allowFullScreen=\"true\" title=\"Marin Cazacu and Violoncellissimo - \u201eClasic la puterea a treia\u201d 2019 National Tournament\" width=\"820\" height=\"500\" src=\"https:\/\/www.youtube.com\/embed\/sGf3Nws9964?feature=oembed&color=red&rel=0&controls=1&start=&end=&fs=0&iv_load_policy=0&autoplay=0&mute=0&modestbranding=0&cc_load_policy=1&playsinline=1\" frameborder=\"0\" allow=\"accelerometer; encrypted-media;accelerometer;autoplay;clipboard-write;gyroscope;picture-in-picture clipboard-write; encrypted-media; gyroscope; picture-in-picture; web-share\" referrerpolicy=\"strict-origin-when-cross-origin\" allowfullscreen><\/iframe><\/div>\n","protected":false},"excerpt":{"rendered":"<p>[infobox style=&#8217;info&#8217; static=&#8217;1&#8242;] Anul 2020 \u00eencepe \u00een for\u021b\u0103 pentru Violoncellissimo, formidabilul ansamblu creat \u0219i condus de violoncelistul \u0219i profesorul Marin Cazacu urm\u00e2nd s\u0103 fie prezent pentru prima oar\u0103 la Istanbul, \u00eentr-un concert extrordinar dedicat Zilei Culturii Na\u021bionale, la Centrul Cultural Mustafa Saffet din districtul Ata\u015fehir din Istanbul, pe 14 ianuarie 2020, la ora 20 \u015fi&#8230;<\/p>\n","protected":false},"author":1,"featured_media":1147,"comment_status":"closed","ping_status":"open","sticky":false,"template":"","format":"standard","meta":{"_kadence_starter_templates_imported_post":false,"_kad_post_transparent":"","_kad_post_title":"","_kad_post_layout":"","_kad_post_sidebar_id":"","_kad_post_content_style":"","_kad_post_vertical_padding":"","_kad_post_feature":"","_kad_post_feature_position":"","_kad_post_header":false,"_kad_post_footer":false,"_kad_post_classname":"","footnotes":""},"categories":[3],"tags":[],"class_list":["post-1144","post","type-post","status-publish","format-standard","has-post-thumbnail","hentry","category-evenimente"],"_links":{"self":[{"href":"https:\/\/tinerimearomana.ro\/despre\/wp-json\/wp\/v2\/posts\/1144"}],"collection":[{"href":"https:\/\/tinerimearomana.ro\/despre\/wp-json\/wp\/v2\/posts"}],"about":[{"href":"https:\/\/tinerimearomana.ro\/despre\/wp-json\/wp\/v2\/types\/post"}],"author":[{"embeddable":true,"href":"https:\/\/tinerimearomana.ro\/despre\/wp-json\/wp\/v2\/users\/1"}],"replies":[{"embeddable":true,"href":"https:\/\/tinerimearomana.ro\/despre\/wp-json\/wp\/v2\/comments?post=1144"}],"version-history":[{"count":4,"href":"https:\/\/tinerimearomana.ro\/despre\/wp-json\/wp\/v2\/posts\/1144\/revisions"}],"predecessor-version":[{"id":1149,"href":"https:\/\/tinerimearomana.ro\/despre\/wp-json\/wp\/v2\/posts\/1144\/revisions\/1149"}],"wp:featuredmedia":[{"embeddable":true,"href":"https:\/\/tinerimearomana.ro\/despre\/wp-json\/wp\/v2\/media\/1147"}],"wp:attachment":[{"href":"https:\/\/tinerimearomana.ro\/despre\/wp-json\/wp\/v2\/media?parent=1144"}],"wp:term":[{"taxonomy":"category","embeddable":true,"href":"https:\/\/tinerimearomana.ro\/despre\/wp-json\/wp\/v2\/categories?post=1144"},{"taxonomy":"post_tag","embeddable":true,"href":"https:\/\/tinerimearomana.ro\/despre\/wp-json\/wp\/v2\/tags?post=1144"}],"curies":[{"name":"wp","href":"https:\/\/api.w.org\/{rel}","templated":true}]}}