{"id":1128,"date":"2019-06-27T17:44:16","date_gmt":"2019-06-27T15:44:16","guid":{"rendered":"http:\/\/tinerimearomana.ro\/despre\/?p=1128"},"modified":"2019-07-18T22:32:05","modified_gmt":"2019-07-18T20:32:05","slug":"ansamblul-violoncellissimo-in-concert-la-sala-filarmonicii-din-luxemburg","status":"publish","type":"post","link":"https:\/\/tinerimearomana.ro\/despre\/ro\/ansamblul-violoncellissimo-in-concert-la-sala-filarmonicii-din-luxemburg\/","title":{"rendered":"ANSAMBLUL VIOLONCELLISSIMO IN CONCERT LA SALA FILARMONICII DIN LUXEMBURG"},"content":{"rendered":"<p style=\"text-align: center;\"><strong>Marin Cazacu \u015fi Violoncelissimo concerteaz\u0103 \u00een Sala Filarmonicii din Luxemburg pe 28 iunie<\/strong><\/p>\n<p style=\"text-align: center;\">Celebrul ansamblu <strong>Violoncelissimo<\/strong>, condus de violoncelistul \u015fi profesorul <strong>Marin Cazacu<\/strong>, va<br \/>\nsu\u0163ine un concert extraordinar \u00een seara de <strong>28 iunie, de la ora 19, \u00een Sala Filarmonicii din<\/strong><br \/>\n<strong>Luxemburg<\/strong>, concert sus\u0163inut cu ocazia \u00eenchiderii Pre\u015fedin\u0163iei Rom\u00e2niei la Consiliul Europei.<br \/>\nConcertul de la Luxemburg va fi sus\u0163inut \u00een formul\u0103 de 16 violoncele \u015fi va cuprinde \u00een program<br \/>\nlucr\u0103ri de Constantin Dimitrescu, Bela Bartok, Sabin Pautza, Astor Piazzolla, Tomaso Albinoni,<br \/>\nGeorg Friedrich Haendel, Dimitri \u0218ostakovici \u0219i Radu Sinaci.<\/p>\n<p style=\"text-align: center;\">Violoncellissimo este unul dintre cele mai vestite ansambluri camerale rom\u00e2ne\u0219ti din ultimii 15<br \/>\nani \u0219i s-a format la ini\u021biativa renumitului violoncelist Marin Cazacu, care, al\u0103turi de actuali \u015fi fo\u015fti<br \/>\nstuden\u0163i ai s\u0103i, a deschis astfel un nou drum \u00een promovarea muzicii \u015fi a tinerelor talente din Rom\u00e2nia.<br \/>\n\u00cen anul 2001, concertul sus\u021binut de Violoncellissimo \u00een cadrul Festivalului Interna\u021bional George<br \/>\nEnescu s-a bucurat de un mare succes. \u0218apte ani mai t\u00e2rziu, Violoncellissimo uimea publicul cu un<br \/>\nmoment muzical f\u0103r\u0103 precedent, c\u00e2nd 60 de violonceli\u0219ti au urcat pe scena Ateneului Rom\u00e2n \u2013 \u201eun<br \/>\nconcert demn de cartea recordurilor\u201d, dup\u0103 cum a scris, la acel moment, presa. \u00cen 2013 \u0219i 2018,<br \/>\nMarin Cazacu a urcat din nou pe scena Ateneul Rom\u00e2n, de aceast\u0103 dat\u0103 \u00een dou\u0103 concerte<br \/>\nextraordinare al\u0103turi de 100 de violonceli\u0219ti.<\/p>\n<p style=\"text-align: center;\">\u00cen ultimii ani, ansamblul Violoncellissimo a sus\u021binut concerte \u00een cadrul a unor importante<br \/>\nevenimente culturale din Rom\u00e2nia \u0219i str\u0103in\u0103tate, dintre care amintim: Concert cu ocazia anivers\u0103rii a<br \/>\n140 de ani de la na\u0219terea lui Constantin Br\u00e2ncu\u0219i la Paris, Ziua Culturii Na\u021bionale, Gala premiilor<br \/>\nUNITER, Hope Concert 2015, 2016, 2107 \u0219i 2018, Violoncelissimo la Washington \u0219i Bruxelles, \u00een<br \/>\nianuarie 2019.<\/p>\n<p style=\"text-align: center;\">Organizator :\u00a0<strong>Ministerul Culturii \u015fi Identit\u0103\u0163ii Na\u0163ionale prin Centrul Na\u021bional de Art\u0103 \u201eTinerimea<\/strong><br \/>\n<strong>Romana\u201d<\/strong>;<\/p>\n<p style=\"text-align: center;\">Cu sprijinul : <strong>Institutului Cultural Rom\u00e2n \u015fi Ambasadei Rom\u00e2ne la Luxemburg<\/strong><\/p>\n<p style=\"text-align: center;\">Parteneri media: <strong>Radio Rom\u00e2nia Cultural \u015fi Radio Rom\u00e2nia Muzical, Rom\u00e2nia<\/strong><br \/>\n<strong>TV, Mediatrust, Observator Cultural, Liternet, Q Magazine, M Klasika, TVR.<\/strong><\/p>\n","protected":false},"excerpt":{"rendered":"<p>Marin Cazacu \u015fi Violoncelissimo concerteaz\u0103 \u00een Sala Filarmonicii din Luxemburg pe 28 iunie Celebrul ansamblu Violoncelissimo, condus de violoncelistul \u015fi profesorul Marin Cazacu, va su\u0163ine un concert extraordinar \u00een seara de 28 iunie, de la ora 19, \u00een Sala Filarmonicii din Luxemburg, concert sus\u0163inut cu ocazia \u00eenchiderii Pre\u015fedin\u0163iei Rom\u00e2niei la Consiliul Europei. Concertul de la&#8230;<\/p>\n","protected":false},"author":1,"featured_media":1129,"comment_status":"closed","ping_status":"open","sticky":false,"template":"","format":"standard","meta":{"_kadence_starter_templates_imported_post":false,"_kad_post_transparent":"","_kad_post_title":"","_kad_post_layout":"","_kad_post_sidebar_id":"","_kad_post_content_style":"","_kad_post_vertical_padding":"","_kad_post_feature":"","_kad_post_feature_position":"","_kad_post_header":false,"_kad_post_footer":false,"_kad_post_classname":"","footnotes":""},"categories":[3],"tags":[],"class_list":["post-1128","post","type-post","status-publish","format-standard","has-post-thumbnail","hentry","category-evenimente"],"_links":{"self":[{"href":"https:\/\/tinerimearomana.ro\/despre\/wp-json\/wp\/v2\/posts\/1128"}],"collection":[{"href":"https:\/\/tinerimearomana.ro\/despre\/wp-json\/wp\/v2\/posts"}],"about":[{"href":"https:\/\/tinerimearomana.ro\/despre\/wp-json\/wp\/v2\/types\/post"}],"author":[{"embeddable":true,"href":"https:\/\/tinerimearomana.ro\/despre\/wp-json\/wp\/v2\/users\/1"}],"replies":[{"embeddable":true,"href":"https:\/\/tinerimearomana.ro\/despre\/wp-json\/wp\/v2\/comments?post=1128"}],"version-history":[{"count":5,"href":"https:\/\/tinerimearomana.ro\/despre\/wp-json\/wp\/v2\/posts\/1128\/revisions"}],"predecessor-version":[{"id":1138,"href":"https:\/\/tinerimearomana.ro\/despre\/wp-json\/wp\/v2\/posts\/1128\/revisions\/1138"}],"wp:featuredmedia":[{"embeddable":true,"href":"https:\/\/tinerimearomana.ro\/despre\/wp-json\/wp\/v2\/media\/1129"}],"wp:attachment":[{"href":"https:\/\/tinerimearomana.ro\/despre\/wp-json\/wp\/v2\/media?parent=1128"}],"wp:term":[{"taxonomy":"category","embeddable":true,"href":"https:\/\/tinerimearomana.ro\/despre\/wp-json\/wp\/v2\/categories?post=1128"},{"taxonomy":"post_tag","embeddable":true,"href":"https:\/\/tinerimearomana.ro\/despre\/wp-json\/wp\/v2\/tags?post=1128"}],"curies":[{"name":"wp","href":"https:\/\/api.w.org\/{rel}","templated":true}]}}