{"id":1043,"date":"2018-08-31T23:15:55","date_gmt":"2018-08-31T21:15:55","guid":{"rendered":"http:\/\/tinerimearomana.ro\/despre\/?p=1043"},"modified":"2018-08-31T23:21:49","modified_gmt":"2018-08-31T21:21:49","slug":"festivalul-international-enescu-si-muzica-lumii-se-apropie-de-final","status":"publish","type":"post","link":"https:\/\/tinerimearomana.ro\/despre\/ro\/festivalul-international-enescu-si-muzica-lumii-se-apropie-de-final\/","title":{"rendered":"Festivalul Interna\u021bional \u201eEnescu \u0219i muzica lumii\u201d se apropie de final"},"content":{"rendered":"<div class=\"su-spacer\" style=\"height:40px\"><\/div>\n[infobox style=&#8217;info&#8217; static=&#8217;1&#8242;]\n<p><strong>Festivalul Interna\u0163ional \u201cEnescu \u015fi muzica lumii\u201d <\/strong>poate fi considerat, dup\u0103 19 ani de existen\u021b\u0103, cea mai important\u0103 platform\u0103 de formare \u0219i promovare a tinerilor muzicieni din Rom\u00e2nia!<\/p>\n<p>S\u00e2mb\u0103t\u0103, 1 septembrie, la Bra\u0219ov, Sala Patria, de la ora 19, va putea fi ascultat\u0103 <strong>Orchestra Na\u021bional\u0103 de Tineret a\u00a0 Fran\u021bei<\/strong>, dirijor <strong>Fabien Gabel<\/strong>, solist <strong>Nicolas Dautricourt<\/strong> \u2013 vioar\u0103, eveniment ce se va relua duminic\u0103, 2 septembrie, la Sala Casino din Sinaia, \u00een concertul ce marcheaz\u0103 \u00eenchiderea oficial\u0103 a festivalului.<\/p>\n<p>Din anul 1999 \u0219i p\u00e2n\u0103 \u00een prezent, <strong>Festivalul Interna\u0163ional \u201cEnescu \u015fi muzica lumii\u201d<\/strong> a propus celor afla\u021bi la Sinaia \u00een vacan\u021ba de var\u0103 un program tot mai complex, edi\u021bia din acest an dur\u00e2nd mai bine de <strong>cinci s\u0103pt\u0103m\u00e2ni<\/strong> \u0219i av\u00e2nd \u00een centru programul <strong>\u201eOrchestre Europene de Tineret omagiaz\u0103 Rom\u00e2nia\u201d<\/strong>. Edi\u0163ia a XIX-a a festivalului, s-a desf\u0103\u0219urat \u00eentre 24 iulie \u0219i 2 septembrie 2018 la Sinaia \u0219i Bra\u0219ov, \u015fi a avut \u00een program nu mai pu\u021bin de 23 de concerte \u0219i recitaluri, cele principale g\u0103zduite de superba sal\u0103 a Casino-ului din Sinaia, prilej cu care au putut fi asculta\u021bi \u0219i v\u0103zu\u021bi sute de muzicieni rom\u00e2ni \u015fi str\u0103ini.<\/p>\n<p>\u00cen organizarea Prim\u0103riei ora\u0219ului Sinaia \u0219i Centrului Na\u021bional de Art\u0103 \u201eTinerimea Rom\u00e2n\u0103\u201d &#8211; beneficiind anul acesta de prezen\u021ba Proiectului anului Centenar Orchestre Europene de Tineret omagiaz\u0103 Rom\u00e2nia \u2013, av\u00e2ndu-l ca ini\u021biator \u0219i director artistic pe violoncelistul \u0219i profesorul Marin Cazacu, Festivalul Interna\u0163ional \u201cEnescu \u015fi muzica lumii\u201d a adus la Sinaia nu mai pu\u021bin de 8 orchestre, compuse din tineri \u0219i foarte tineri muzicieni. Cele patru orchestre rom\u00e2ne\u0219ti care au concertat \u00een aceast\u0103 edi\u021bie \u2013 <strong>Orchestra Na\u021bional\u0103 Simfonic\u0103 a Rom\u00e2niei, Orchestra Rom\u00e2n\u0103 de Tineret, Romanian Sinfonietta \u0219i Orchestra de Tineret Rom\u00e2nia-Moldova<\/strong> fac parte din programul educa\u021bional Orchestrele Na\u021bionale de Tineret ale Rom\u00e2niei, av\u00e2nd \u00een componen\u021b\u0103 excep\u021bionali muzicieni din trei categorii de v\u00e2rst\u0103 \u0219i vor concerta \u00een seri diferite, dup\u0103 \u00eencheierea stagiilor de preg\u0103tire aferente fiec\u0103rui concert.<\/p>\n<p>\u00cen contextul Proiectului Anului Centenar <strong>Orchestre Europene de Tineret omagiaz\u0103 Rom\u00e2nia<\/strong><strong>,<\/strong> la Sala Casino din Sinaia au avut loc concerte sus\u021binute de orchestre din \u00eentreaga Europ\u0103: <strong>Orchestra Na\u021bional\u0103 de Tineret a Germaniei<\/strong>, <strong>Orchestra Na\u021bional\u0103 de Tineret a Spaniei, London Schools Symphony Orchestra, Wiener Jeunesse Orchester<\/strong>, <strong>Orchestra Na\u021bional\u0103 de Tineret a\u00a0 Fran\u021bei<\/strong><strong>.<\/strong><\/p>\n<p><img decoding=\"async\" class=\"aligncenter size-full wp-image-1047\" src=\"http:\/\/tinerimearomana.ro\/despre\/wp-content\/uploads\/sites\/10\/2018\/08\/Festivalul-Enescu2018.jpg\" alt=\"\" width=\"100%\" height=\"449\" srcset=\"https:\/\/tinerimearomana.ro\/despre\/wp-content\/uploads\/sites\/10\/2018\/08\/Festivalul-Enescu2018.jpg 800w, https:\/\/tinerimearomana.ro\/despre\/wp-content\/uploads\/sites\/10\/2018\/08\/Festivalul-Enescu2018-300x168.jpg 300w, https:\/\/tinerimearomana.ro\/despre\/wp-content\/uploads\/sites\/10\/2018\/08\/Festivalul-Enescu2018-768x431.jpg 768w\" sizes=\"(max-width: 800px) 100vw, 800px\" \/><\/p>\n<div class=\"su-spacer\" style=\"height:30px\"><\/div>\n[\/infobox]\n","protected":false},"excerpt":{"rendered":"<p>[infobox style=&#8217;info&#8217; static=&#8217;1&#8242;] Festivalul Interna\u0163ional \u201cEnescu \u015fi muzica lumii\u201d poate fi considerat, dup\u0103 19 ani de existen\u021b\u0103, cea mai important\u0103 platform\u0103 de formare \u0219i promovare a tinerilor muzicieni din Rom\u00e2nia! S\u00e2mb\u0103t\u0103, 1 septembrie, la Bra\u0219ov, Sala Patria, de la ora 19, va putea fi ascultat\u0103 Orchestra Na\u021bional\u0103 de Tineret a\u00a0 Fran\u021bei, dirijor Fabien Gabel, solist&#8230;<\/p>\n","protected":false},"author":1,"featured_media":1047,"comment_status":"closed","ping_status":"open","sticky":false,"template":"","format":"standard","meta":{"_kadence_starter_templates_imported_post":false,"_kad_post_transparent":"","_kad_post_title":"","_kad_post_layout":"","_kad_post_sidebar_id":"","_kad_post_content_style":"","_kad_post_vertical_padding":"","_kad_post_feature":"","_kad_post_feature_position":"","_kad_post_header":false,"_kad_post_footer":false,"_kad_post_classname":"","footnotes":""},"categories":[3],"tags":[],"class_list":["post-1043","post","type-post","status-publish","format-standard","has-post-thumbnail","hentry","category-evenimente"],"_links":{"self":[{"href":"https:\/\/tinerimearomana.ro\/despre\/wp-json\/wp\/v2\/posts\/1043"}],"collection":[{"href":"https:\/\/tinerimearomana.ro\/despre\/wp-json\/wp\/v2\/posts"}],"about":[{"href":"https:\/\/tinerimearomana.ro\/despre\/wp-json\/wp\/v2\/types\/post"}],"author":[{"embeddable":true,"href":"https:\/\/tinerimearomana.ro\/despre\/wp-json\/wp\/v2\/users\/1"}],"replies":[{"embeddable":true,"href":"https:\/\/tinerimearomana.ro\/despre\/wp-json\/wp\/v2\/comments?post=1043"}],"version-history":[{"count":4,"href":"https:\/\/tinerimearomana.ro\/despre\/wp-json\/wp\/v2\/posts\/1043\/revisions"}],"predecessor-version":[{"id":1048,"href":"https:\/\/tinerimearomana.ro\/despre\/wp-json\/wp\/v2\/posts\/1043\/revisions\/1048"}],"wp:featuredmedia":[{"embeddable":true,"href":"https:\/\/tinerimearomana.ro\/despre\/wp-json\/wp\/v2\/media\/1047"}],"wp:attachment":[{"href":"https:\/\/tinerimearomana.ro\/despre\/wp-json\/wp\/v2\/media?parent=1043"}],"wp:term":[{"taxonomy":"category","embeddable":true,"href":"https:\/\/tinerimearomana.ro\/despre\/wp-json\/wp\/v2\/categories?post=1043"},{"taxonomy":"post_tag","embeddable":true,"href":"https:\/\/tinerimearomana.ro\/despre\/wp-json\/wp\/v2\/tags?post=1043"}],"curies":[{"name":"wp","href":"https:\/\/api.w.org\/{rel}","templated":true}]}}