{"id":1024,"date":"2018-07-16T17:30:42","date_gmt":"2018-07-16T15:30:42","guid":{"rendered":"http:\/\/tinerimearomana.ro\/despre\/?p=1024"},"modified":"2018-07-18T14:08:44","modified_gmt":"2018-07-18T12:08:44","slug":"festivalul-international-enescu-si-muzica-lumii-editia-a-xix-a-incepe-pe-24-iulie-la-sinaia","status":"publish","type":"post","link":"https:\/\/tinerimearomana.ro\/despre\/ro\/festivalul-international-enescu-si-muzica-lumii-editia-a-xix-a-incepe-pe-24-iulie-la-sinaia\/","title":{"rendered":"FESTIVALUL INTERNA\u0162IONAL \u201cENESCU \u015eI MUZICA LUMII\u201d \u2013 EDI\u0162IA A XIX-A \u00ceNCEPE PE 24 IULIE LA SINAIA"},"content":{"rendered":"<div class=\"su-spacer\" style=\"height:40px\"><\/div>\n[infobox style=&#8217;info&#8217; static=&#8217;1&#8242;]\n<div class=\"su-row\"><div class=\"su-column su-column-size-3-5\"><div class=\"su-column-inner su-u-clearfix su-u-trim\">\n<p><strong>23 de concerte \u0219i 8 orchestre la Festivalul Interna\u021bional \u201eEnescu \u0219i muzica lumii\u201d<\/strong> \u2013\u00a023 de concerte \u0219i 8 orchestre la Festivalul Interna\u021bional \u201eEnescu \u0219i muzica lumii\u201d \u2013\u00a0edi\u021bia a XIX-a, din 24 iulie, la Sinaia<\/p>\n<p><strong>Festivalul Interna\u0163ional \u201cEnescu \u015fi muzica lumii\u201d<\/strong> a devenit \u00een cei 19 ani ai existen\u021bei sale cea mai important\u0103 platform\u0103 de formare \u0219i promovare a tinerilor muzicieni din Rom\u00e2nia !<\/p>\n<p>Din anul 1999 \u0219i p\u00e2n\u0103 \u00een prezent, <strong>Festivalul Interna\u0163ional \u201cEnescu \u015fi muzica lumii\u201d<\/strong> propune celor afla\u021bi la <strong>Sinaia<\/strong> \u00een vacan\u021ba de var\u0103 un program tot mai complex, edi\u021bia din acest an dur\u00e2nd mai bine de cinci s\u0103pt\u0103m\u00e2ni \u0219i av\u00e2nd \u00een centru programul <strong>\u201eOrchestre Europene de Tineret omagiaz\u0103 Rom\u00e2nia\u201d.<\/strong> Edi\u0163ia a XIX-a a festivalului, ce se va desf\u0103\u0219ura \u00eentre <strong>24 iulie \u0219i 2 septembrie 2018 la Sinaia \u0219i Bra\u0219ov,<\/strong> are \u00een program nu mai pu\u021bin de 23 de concerte \u0219i recitaluri, cele principale g\u0103zduite de superba sal\u0103 a Casino-ului din Sinaia, prilej cu care vor putea fi asculta\u021bi \u0219i v\u0103zu\u021bi sute de muzicieni rom\u00e2ni \u015fi str\u0103ini.<\/p>\n<p>\u00cen organizarea <strong>Prim\u0103riei ora\u0219ului Sinaia<\/strong> \u0219i <strong>Centrului Na\u021bional de Art\u0103 \u201eTinerimea Rom\u00e2n\u0103\u201d<\/strong> &#8211; beneficiind anul acesta de prezen\u021ba Proiectului anului Centenar Orchestre Europene de Tineret omagiaz\u0103 Rom\u00e2nia \u2013, av\u00e2ndu-l ca ini\u021biator \u0219i director artistic pe violoncelistul \u0219i profesorul Marin Cazacu, Festivalul Interna\u0163ional \u201cEnescu \u015fi muzica lumii\u201d aduce la Sinaia nu mai pu\u021bin de 8 orchestre, compuse din tineri \u0219i foarte tineri muzicieni. Cele patru orchestre rom\u00e2ne\u0219ti care vor concerta \u00een aceast\u0103 edi\u021bie \u2013 Orchestra Na\u021bional\u0103 Simfonic\u0103 a Rom\u00e2niei, Orchestra Rom\u00e2n\u0103 de Tineret, Romanian Sinfonietta \u0219i Orchestra de Tineret Rom\u00e2nia-Moldova fac parte din programul educa\u021bional Orchestrele Na\u021bionale de Tineret ale Rom\u00e2niei, av\u00e2nd \u00een componen\u021b\u0103 excep\u021bionali muzicieni din trei categorii de v\u00e2rst\u0103 \u0219i vor concerta \u00een seri diferite, dup\u0103 \u00eencheierea stagiilor de preg\u0103tire aferente fiec\u0103rui concert.<\/p>\n<p><strong>Orchestra Na\u021bional\u0103 Simfonic\u0103 a Rom\u00e2niei<\/strong> va c\u00e2nta pe 24 iulie \u00een deschiderea festivalului, sub bagheta lui <strong>Cristian M\u0103celaru<\/strong>, urmat\u0103 fiind de <strong>Orchestra Filamonicii Cehe, Romanian Sinfonietta \u0219i Corul de copii \u010chavorenge<\/strong>, pe <strong>26 iulie.<\/strong> <strong>Orchestra Rom\u00e2n\u0103 de Tineret,<\/strong> dirijat\u0103 de<strong> Cristian Mandeal<\/strong>, va putea fi ascultat\u0103 pe <strong>7 august<\/strong> la Casino-ul din Sinaia, cu un program Dediu, Brahms, \u0218ostakovici, care va fi reluat \u00een diferite variante la Bucure\u0219ti \u00een Festivalul \u201eVara magic\u0103\u201d, la Berlin la Festivalul \u201eYoung Euro Classics\u201d \u0219i la Dobbiacco, \u00een Italia la Festivalul \u201eAlto Adige\u201d. A patra apari\u021bie rom\u00e2neasc\u0103 este <strong>Orchestra de Tineret Rom\u00e2nia-Moldova<\/strong>, dirijor <strong>Horia Andreescu<\/strong>, care va prezenta \u00een 14 august la Sinaia un program Grieg, Porumbescu, Dimitrescu, Bartok, Doga, Ceaikovski ce se va relua apoi la Ateneu, la Bucure\u0219ti, pe 15 august.<\/p>\n<p>\u00cen contextul Proiectului Anului Centenar<strong> Orchestre Europene de Tineret omagiaz\u0103 Rom\u00e2nia<\/strong>, la Sala Casino din Sinaia vor avea loc concerte sus\u021binute de orchestre din \u00eentreaga Europ\u0103: <strong>miercuri, 1 august<\/strong>, ora 19.00, <strong>Orchestra Na\u021bional\u0103 de Tineret a Germaniei<\/strong> dirijor Elias Grandy, va c\u00e2nta lucr\u0103ri de Haydn, Bruckner, Messiaen, Hindemith, iar<strong> joi, 2 august<\/strong>, <strong>Orchestra Na\u021bional\u0103 de Tineret a Spaniei,<\/strong> dirijor Pablo Gonzalez, solist Asier Polo \u2013 violoncel vor prezenta un program Joaquin Turina, Bartok, R. Strauss. Apoi, spre finalul festivalului,<strong> mar\u021bi, 21 august,<\/strong> <strong>Wiener Jeunesse Orchester,<\/strong> dirijor Herbert Bock, solist Stefan Dohr \u2013 corn au \u00een program lucr\u0103ri de Leonard Bernstein, Herbert Willi, Anton Bruckner, urm\u00e2nd ca \u00eenchiderea Festivalului \u201eEnescu \u0219i muzica lumii\u201d s\u0103 fie asigurat\u0103 prin dou\u0103 concerte,<strong> s\u00e2mb\u0103t\u0103 1 septembrie, la Bra\u0219ov,<\/strong> Sala Patria \u0219i <strong>duminic\u0103 2 septembrie, la Sinaia,<\/strong> Sala Casino, ora 19, de <strong>Orchestra Na\u021bional\u0103 de Tineret a\u00a0 Fran\u021bei,<\/strong> dirijat\u0103 de Fabien Gabel, solist Nicolas Dautricourt \u2013 vioar\u0103, cu un program ce va alterna lucr\u0103ri de Ravel, Bartok, Ceaikovski, Stravinsky, Debussy. Membri ai acestor orchestre vor evolua la Sinaia \u0219i \u00een diverse formule camerale precum <strong>WJO chamber ensemble sau French Chamber Ensemble<\/strong>.<\/p>\n<p>A\u0219adar, Sinaia, 26 iulie \u2013 2 septembrie, Sala Casino \u0219i nu numai, 23 concerte simfonice \u0219i superbe seri camerale sub semnul \u201eEnescu \u0219i Muzica Lumii\u201d, vor reprezenta agreabile posibilit\u0103\u021bi de petrecere a timpului pentru locuitorii ora\u0219ului \u0219i pentru cei afla\u021bi \u00een vacan\u021b\u0103 pe Valea Prahovei.<\/p>\n<p><strong>Festivalul Interna\u0163ional \u201cEnescu \u015fi muzica lumii\u201d &#8211; edi\u0163ia a XIX-a<\/strong> este organizat de Prim\u0103ria Ora\u015fului Sinaia \u0219i Centrul Na\u0163ional de Art\u0103 \u201cTinerimea Rom\u00e2n\u0103\u201d.<\/p>\n<p>Festivalul din acest an beneficiaz\u0103 de prezen\u021ba Proiectului anului Centenar: Orchestre Europene de Tineret omagiaz\u0103 Rom\u00e2nia.<br \/>\nProiect cofinan\u0163at de UCIMR.<\/p>\n<p>Partener principal : Lanto Communication<\/p>\n<p>Parteneri : Funda\u0163ia Prietenii muzicii \u201eSerafim Antropov\u201d, Filarmonica \u201cGeorge Enescu\u201d, Casino Sinaia, Centrul Cultural \u201cCarmen Sylva\u201d, Muzeul Na\u0163ional Pele\u015f, Senia Music.Sponsori: Hotel Palace, Hotel Caraiman, Piatra \u015eoimului, Redescoper\u0103 Sinaia, KUIB, Vizual Graph.<\/p>\n<p>Parteneri media: Radio Rom\u00e2nia Cultural \u015fi Radio Rom\u00e2nia Muzical, Rom\u00e2nia TV, Mediatrust, Observator Cultural, Q Magazine.<\/p>\n<\/div><\/div>\n<div class=\"su-column su-column-size-2-5\"><div class=\"su-column-inner su-u-clearfix su-u-trim\">\n<img decoding=\"async\" class=\"aligncenter size-full wp-image-1025\" src=\"http:\/\/tinerimearomana.ro\/despre\/wp-content\/uploads\/sites\/10\/2018\/07\/afisEnescuSinaia2018.jpg\" alt=\"\" width=\"100%\" height=\"auto\" srcset=\"https:\/\/tinerimearomana.ro\/despre\/wp-content\/uploads\/sites\/10\/2018\/07\/afisEnescuSinaia2018.jpg 900w, https:\/\/tinerimearomana.ro\/despre\/wp-content\/uploads\/sites\/10\/2018\/07\/afisEnescuSinaia2018-217x300.jpg 217w, https:\/\/tinerimearomana.ro\/despre\/wp-content\/uploads\/sites\/10\/2018\/07\/afisEnescuSinaia2018-768x1062.jpg 768w, https:\/\/tinerimearomana.ro\/despre\/wp-content\/uploads\/sites\/10\/2018\/07\/afisEnescuSinaia2018-740x1024.jpg 740w\" sizes=\"(max-width: 900px) 100vw, 900px\" \/><br \/>\n<\/div><\/div><\/div>\n<div class=\"su-spacer\" style=\"height:30px\"><\/div>\n[\/infobox]\n","protected":false},"excerpt":{"rendered":"<p>[infobox style=&#8217;info&#8217; static=&#8217;1&#8242;] [\/infobox]<\/p>\n","protected":false},"author":1,"featured_media":1025,"comment_status":"closed","ping_status":"open","sticky":false,"template":"","format":"standard","meta":{"_kadence_starter_templates_imported_post":false,"_kad_post_transparent":"","_kad_post_title":"","_kad_post_layout":"","_kad_post_sidebar_id":"","_kad_post_content_style":"","_kad_post_vertical_padding":"","_kad_post_feature":"","_kad_post_feature_position":"","_kad_post_header":false,"_kad_post_footer":false,"_kad_post_classname":"","footnotes":""},"categories":[3],"tags":[],"class_list":["post-1024","post","type-post","status-publish","format-standard","has-post-thumbnail","hentry","category-evenimente"],"_links":{"self":[{"href":"https:\/\/tinerimearomana.ro\/despre\/wp-json\/wp\/v2\/posts\/1024"}],"collection":[{"href":"https:\/\/tinerimearomana.ro\/despre\/wp-json\/wp\/v2\/posts"}],"about":[{"href":"https:\/\/tinerimearomana.ro\/despre\/wp-json\/wp\/v2\/types\/post"}],"author":[{"embeddable":true,"href":"https:\/\/tinerimearomana.ro\/despre\/wp-json\/wp\/v2\/users\/1"}],"replies":[{"embeddable":true,"href":"https:\/\/tinerimearomana.ro\/despre\/wp-json\/wp\/v2\/comments?post=1024"}],"version-history":[{"count":3,"href":"https:\/\/tinerimearomana.ro\/despre\/wp-json\/wp\/v2\/posts\/1024\/revisions"}],"predecessor-version":[{"id":1041,"href":"https:\/\/tinerimearomana.ro\/despre\/wp-json\/wp\/v2\/posts\/1024\/revisions\/1041"}],"wp:featuredmedia":[{"embeddable":true,"href":"https:\/\/tinerimearomana.ro\/despre\/wp-json\/wp\/v2\/media\/1025"}],"wp:attachment":[{"href":"https:\/\/tinerimearomana.ro\/despre\/wp-json\/wp\/v2\/media?parent=1024"}],"wp:term":[{"taxonomy":"category","embeddable":true,"href":"https:\/\/tinerimearomana.ro\/despre\/wp-json\/wp\/v2\/categories?post=1024"},{"taxonomy":"post_tag","embeddable":true,"href":"https:\/\/tinerimearomana.ro\/despre\/wp-json\/wp\/v2\/tags?post=1024"}],"curies":[{"name":"wp","href":"https:\/\/api.w.org\/{rel}","templated":true}]}}