{"id":1013,"date":"2018-07-06T23:57:15","date_gmt":"2018-07-06T21:57:15","guid":{"rendered":"http:\/\/tinerimearomana.ro\/despre\/?p=1013"},"modified":"2018-07-06T23:59:16","modified_gmt":"2018-07-06T21:59:16","slug":"cristian-mandeal-dirijeaza-100-de-violoncelisti-pe-scena-ateneului-pentru-romania-100","status":"publish","type":"post","link":"https:\/\/tinerimearomana.ro\/despre\/ro\/cristian-mandeal-dirijeaza-100-de-violoncelisti-pe-scena-ateneului-pentru-romania-100\/","title":{"rendered":"Cristian Mandeal dirijeaz\u0103 100 de violonceli\u0219ti pe scena Ateneului pentru Rom\u00e2nia 100!"},"content":{"rendered":"<div class=\"su-spacer\" style=\"height:40px\"><\/div>\n[infobox style=&#8217;info&#8217; static=&#8217;1&#8242;]\n<div class=\"su-row\"><div class=\"su-column su-column-size-3-5\"><div class=\"su-column-inner su-u-clearfix su-u-trim\">\n<p>Miercuri 11 iulie, de la ora 19.30, pe scena Ateneului Rom\u00e2n, ansamblul <em>Violoncellissimo<\/em> creat \u0219i condus de profesorul \u0219i violoncelistul <strong>Marin Cazacu<\/strong> va deschide edi\u0163ia a VII-a a <em>Festivalul Interna\u021bional Vara Magic\u0103<\/em> \u00eentr-o variant\u0103 super-extins\u0103 compus\u0103 din nu mai pu\u021bin de 100 de violonceli\u0219ti din toate col\u021burile \u021b\u0103rii.<\/p>\n<p>Concertul, care va fi condus de dirijorul <strong>Cristian Mandeal,<\/strong> reprezint\u0103 modul \u00een care \u0219coala rom\u00e2neasc\u0103 de violoncel celebreaz\u0103 <strong>Centenarul Rom\u00e2niei<\/strong>, violonceli\u0219ti din toat\u0103 Rom\u00e2nia \u0219i de toate v\u00e2rstele aduc\u00e2nd un omagiu peste timp genera\u021biilor de ilu\u0219tri profesori care i-au format din punct de vedere profesional.<\/p>\n<p>Programul va fi spectaculos, cuprinz\u00e2nd aranjamente surprinz\u0103toare pentru instrumentul considerat a fi cel mai apropiat de vocea uman\u0103. <strong>Cristian Mandeal<\/strong>, dirijorul rom\u00e2n cu cea mai larg\u0103 recunoa\u0219tere interna\u021bional\u0103, va oferi versiuni \u00een premier\u0103 ale acestui nou repertoriu, al\u0103turi de prietenii s\u0103i, membrii ansamblului <em>Violoncellissimo<\/em>.<\/p>\n<p>Adev\u0103rat\u0103 atrac\u021bie artistic\u0103, <em>Violoncellissimo, <\/em>ansamblu compus din muzicieni care au deja \u00een spate mari succese pe scenele lumii, acum \u00een formul\u0103 de orchestr\u0103, va uimi \u0219i de aceast\u0103 dat\u0103 publicul cu noi piese, de la <em>Bolero-ul<\/em> de Ravel la <em>Bachianas Braseileras<\/em> de Villa Lobos, sau <em>Carmina Burana<\/em> de Carl Orff, \u00eentr-un eveniment artistic unic, de neratat!<\/p>\n<p><em>\u00a0<\/em>Produc\u0103tor : <strong>Lanto Communication<\/strong><\/p>\n<p>Coproduc\u0103tori : <strong>Prim\u0103ria Capitalei, ARCUB,<\/strong> <strong>Centrul Na\u021bional de Art\u0103 \u201eTinerimea Rom\u00e2n\u0103\u201c, <\/strong><strong>Radio Rom\u00e2nia, TVR, \u00een contextul manifest\u0103rilor Anului Centenar.<\/strong><\/p>\n<p>Partener : <strong>Funda\u021bia \u201ePrietenii Muzicii \u2013 Serafim Antropov\u201d<\/strong><\/p>\n<\/div><\/div>\n<div class=\"su-column su-column-size-2-5\"><div class=\"su-column-inner su-u-clearfix su-u-trim\">\n<a href=\"http:\/\/tinerimearomana.ro\/despre\/wp-content\/uploads\/sites\/10\/2017\/08\/afisEnescu2017-bun.jpg\"><img decoding=\"async\" class=\"aligncenter wp-image-1015 size-full\" src=\"http:\/\/tinerimearomana.ro\/despre\/wp-content\/uploads\/sites\/10\/2018\/07\/Afis_Vara-Magica_Violoncellissimo.jpg\" alt=\"\" width=\"100%\" height=\"500\" srcset=\"https:\/\/tinerimearomana.ro\/despre\/wp-content\/uploads\/sites\/10\/2018\/07\/Afis_Vara-Magica_Violoncellissimo.jpg 800w, https:\/\/tinerimearomana.ro\/despre\/wp-content\/uploads\/sites\/10\/2018\/07\/Afis_Vara-Magica_Violoncellissimo-214x300.jpg 214w, https:\/\/tinerimearomana.ro\/despre\/wp-content\/uploads\/sites\/10\/2018\/07\/Afis_Vara-Magica_Violoncellissimo-768x1075.jpg 768w, https:\/\/tinerimearomana.ro\/despre\/wp-content\/uploads\/sites\/10\/2018\/07\/Afis_Vara-Magica_Violoncellissimo-731x1024.jpg 731w\" sizes=\"(max-width: 800px) 100vw, 800px\" \/><\/a><br \/>\n<\/div><\/div><\/div>\n<div class=\"su-spacer\" style=\"height:30px\"><\/div>\n[\/infobox]\n","protected":false},"excerpt":{"rendered":"<p>[infobox style=&#8217;info&#8217; static=&#8217;1&#8242;] [\/infobox]<\/p>\n","protected":false},"author":1,"featured_media":1015,"comment_status":"closed","ping_status":"open","sticky":false,"template":"","format":"standard","meta":{"_kadence_starter_templates_imported_post":false,"_kad_post_transparent":"","_kad_post_title":"","_kad_post_layout":"","_kad_post_sidebar_id":"","_kad_post_content_style":"","_kad_post_vertical_padding":"","_kad_post_feature":"","_kad_post_feature_position":"","_kad_post_header":false,"_kad_post_footer":false,"_kad_post_classname":"","footnotes":""},"categories":[3],"tags":[],"class_list":["post-1013","post","type-post","status-publish","format-standard","has-post-thumbnail","hentry","category-evenimente"],"_links":{"self":[{"href":"https:\/\/tinerimearomana.ro\/despre\/wp-json\/wp\/v2\/posts\/1013"}],"collection":[{"href":"https:\/\/tinerimearomana.ro\/despre\/wp-json\/wp\/v2\/posts"}],"about":[{"href":"https:\/\/tinerimearomana.ro\/despre\/wp-json\/wp\/v2\/types\/post"}],"author":[{"embeddable":true,"href":"https:\/\/tinerimearomana.ro\/despre\/wp-json\/wp\/v2\/users\/1"}],"replies":[{"embeddable":true,"href":"https:\/\/tinerimearomana.ro\/despre\/wp-json\/wp\/v2\/comments?post=1013"}],"version-history":[{"count":4,"href":"https:\/\/tinerimearomana.ro\/despre\/wp-json\/wp\/v2\/posts\/1013\/revisions"}],"predecessor-version":[{"id":1020,"href":"https:\/\/tinerimearomana.ro\/despre\/wp-json\/wp\/v2\/posts\/1013\/revisions\/1020"}],"wp:featuredmedia":[{"embeddable":true,"href":"https:\/\/tinerimearomana.ro\/despre\/wp-json\/wp\/v2\/media\/1015"}],"wp:attachment":[{"href":"https:\/\/tinerimearomana.ro\/despre\/wp-json\/wp\/v2\/media?parent=1013"}],"wp:term":[{"taxonomy":"category","embeddable":true,"href":"https:\/\/tinerimearomana.ro\/despre\/wp-json\/wp\/v2\/categories?post=1013"},{"taxonomy":"post_tag","embeddable":true,"href":"https:\/\/tinerimearomana.ro\/despre\/wp-json\/wp\/v2\/tags?post=1013"}],"curies":[{"name":"wp","href":"https:\/\/api.w.org\/{rel}","templated":true}]}}