{"id":582,"date":"2022-11-05T09:34:33","date_gmt":"2022-11-05T07:34:33","guid":{"rendered":"https:\/\/tinerimearomana.ro\/cvartetul-arcadia\/?p=582"},"modified":"2024-04-04T12:37:11","modified_gmt":"2024-04-04T10:37:11","slug":"cvartetul-arcadia-alaturi-de-invitatii-sai-recital-extraordinar-la-ateneul-roman","status":"publish","type":"post","link":"https:\/\/tinerimearomana.ro\/cvartetul-arcadia\/cvartetul-arcadia-alaturi-de-invitatii-sai-recital-extraordinar-la-ateneul-roman\/","title":{"rendered":"CVARTETUL ARCADIA ALATURI DE  INVITATII SAI, RECITAL EXTRAORDINAR LA ATENEUL ROMAN"},"content":{"rendered":"<p>Octetul \u00een mi bemol major, op. 20 de Felix Mendelssohn \u0219i Octuorul \u00een do major, op. 7 de George Enescu, dou\u0103 capodopere ale repertoriului cameral, au \u00eenc\u00e2ntat publicul \u00een Sala Mare a Ateneului Rom\u00e2n cu ocazia recitalului extraordinar sus\u021binut de cvartetul ARCADIA al\u0103turi de invita\u021bii s\u0103i.<\/p>\n<p><img fetchpriority=\"high\" decoding=\"async\" class=\"aligncenter size-full wp-image-583\" src=\"https:\/\/tinerimearomana.ro\/cvartetul-arcadia\/wp-content\/uploads\/sites\/11\/2022\/11\/cvartetul-arcadia-6nov2022.jpg\" alt=\"\" width=\"980\" height=\"1388\" srcset=\"https:\/\/tinerimearomana.ro\/cvartetul-arcadia\/wp-content\/uploads\/sites\/11\/2022\/11\/cvartetul-arcadia-6nov2022.jpg 980w, https:\/\/tinerimearomana.ro\/cvartetul-arcadia\/wp-content\/uploads\/sites\/11\/2022\/11\/cvartetul-arcadia-6nov2022-212x300.jpg 212w, https:\/\/tinerimearomana.ro\/cvartetul-arcadia\/wp-content\/uploads\/sites\/11\/2022\/11\/cvartetul-arcadia-6nov2022-723x1024.jpg 723w, https:\/\/tinerimearomana.ro\/cvartetul-arcadia\/wp-content\/uploads\/sites\/11\/2022\/11\/cvartetul-arcadia-6nov2022-768x1088.jpg 768w\" sizes=\"(max-width: 980px) 100vw, 980px\" \/><\/p>\n","protected":false},"excerpt":{"rendered":"<p>Octetul \u00een mi bemol major, op. 20 de Felix Mendelssohn \u0219i Octuorul \u00een do major, op. 7 de George Enescu, dou\u0103 capodopere ale repertoriului cameral, au \u00eenc\u00e2ntat publicul \u00een Sala Mare a Ateneului Rom\u00e2n cu ocazia recitalului extraordinar sus\u021binut de cvartetul ARCADIA al\u0103turi de invita\u021bii s\u0103i.<\/p>\n","protected":false},"author":1,"featured_media":583,"comment_status":"closed","ping_status":"open","sticky":false,"template":"","format":"standard","meta":{"_kad_post_transparent":"default","_kad_post_title":"default","_kad_post_layout":"default","_kad_post_sidebar_id":"","_kad_post_content_style":"default","_kad_post_vertical_padding":"default","_kad_post_feature":"","_kad_post_feature_position":"","_kad_post_header":false,"_kad_post_footer":false,"_kad_post_classname":"","footnotes":""},"categories":[2],"tags":[],"class_list":["post-582","post","type-post","status-publish","format-standard","has-post-thumbnail","hentry","category-concerte"],"_links":{"self":[{"href":"https:\/\/tinerimearomana.ro\/cvartetul-arcadia\/wp-json\/wp\/v2\/posts\/582"}],"collection":[{"href":"https:\/\/tinerimearomana.ro\/cvartetul-arcadia\/wp-json\/wp\/v2\/posts"}],"about":[{"href":"https:\/\/tinerimearomana.ro\/cvartetul-arcadia\/wp-json\/wp\/v2\/types\/post"}],"author":[{"embeddable":true,"href":"https:\/\/tinerimearomana.ro\/cvartetul-arcadia\/wp-json\/wp\/v2\/users\/1"}],"replies":[{"embeddable":true,"href":"https:\/\/tinerimearomana.ro\/cvartetul-arcadia\/wp-json\/wp\/v2\/comments?post=582"}],"version-history":[{"count":2,"href":"https:\/\/tinerimearomana.ro\/cvartetul-arcadia\/wp-json\/wp\/v2\/posts\/582\/revisions"}],"predecessor-version":[{"id":594,"href":"https:\/\/tinerimearomana.ro\/cvartetul-arcadia\/wp-json\/wp\/v2\/posts\/582\/revisions\/594"}],"wp:featuredmedia":[{"embeddable":true,"href":"https:\/\/tinerimearomana.ro\/cvartetul-arcadia\/wp-json\/wp\/v2\/media\/583"}],"wp:attachment":[{"href":"https:\/\/tinerimearomana.ro\/cvartetul-arcadia\/wp-json\/wp\/v2\/media?parent=582"}],"wp:term":[{"taxonomy":"category","embeddable":true,"href":"https:\/\/tinerimearomana.ro\/cvartetul-arcadia\/wp-json\/wp\/v2\/categories?post=582"},{"taxonomy":"post_tag","embeddable":true,"href":"https:\/\/tinerimearomana.ro\/cvartetul-arcadia\/wp-json\/wp\/v2\/tags?post=582"}],"curies":[{"name":"wp","href":"https:\/\/api.w.org\/{rel}","templated":true}]}}