{"id":373,"date":"2020-08-11T16:20:19","date_gmt":"2020-08-11T14:20:19","guid":{"rendered":"http:\/\/tinerimearomana.ro\/cvartetul-arcadia\/?p=373"},"modified":"2021-12-10T21:26:30","modified_gmt":"2021-12-10T19:26:30","slug":"fantezie-si-culori-sonore-concert-de-autor-in-premiera-nationala-cu-cvartetul-arcadia","status":"publish","type":"post","link":"https:\/\/tinerimearomana.ro\/cvartetul-arcadia\/fantezie-si-culori-sonore-concert-de-autor-in-premiera-nationala-cu-cvartetul-arcadia\/","title":{"rendered":"&#8216;Fantezie \u0219i culori sonore&#8217; &#8211; concert de autor, \u00een premier\u0103 na\u021bional\u0103, cu Cvartetul Arcadia"},"content":{"rendered":"<p>G\u0103zduit de Palatul Tinerimea Rom\u00e2n\u0103, recitalul de mar\u021bi, 25 februarie, a readus pe scena rom\u00e2neasc\u0103 un ansamblu valoros \u0219i apreciat interna\u021bional, Cvartetul Arcadia. \u00cen ciuda tinere\u021bii membrilor s\u0103i, violoni\u0219tii Ana T\u00f6r\u00f6k \u0219i R\u0103svan Dumitru, violistul Traian Boal\u0103 \u0219i violoncelistul Zsolt T\u00f6r\u00f6k, Cvartetul Arcadia este un ansamblu ajuns deja la maturitate, ce s-a impus cu rapiditate drept unul dintre cele mai bune din genera\u021bia lor. A\u0219a cum titlul recitalului ne-a sugerat, &#8222;Fantezie \u0219i culori sonore&#8221;, seara de 25 februarie ne-a oferit o or\u0103 \u0219i jum\u0103tate de muzic\u0103 perfect adaptat\u0103 acestor premise, fantezia \u0219i culoarea fiind elemente ce se reg\u0103sesc din plin \u0219i \u00een muzica compozitorului Mieczys\u0142aw Weinberg, recunoscut \u00een epoca sa drept unul dintre adep\u021bii muzicii programatice. \u00cen premier\u0103 na\u021bional\u0103, publicul bucure\u0219tean a putut astfel lua contact cu o muzic\u0103 colorat\u0103 \u0219i pl\u0103cut\u0103, pres\u0103rat\u0103 de sugestii vizuale, trei cvartete din cele 17 semnate de compozitor, nr. 5 op. 27, nr. 8 op. 66 \u015fi nr. 2 op. 3\/145.<\/p>\n<p>Citeste mai mult pe <a href=\"http:\/\/www.romania-muzical.ro\/articol\/audio-fantezie-i-culori-sonore-concert-de-autor-in-premiera-naionala-cu-cvartetul-arcadia\/2593211\/16\/2\">RADIO ROMANIA MUZICAL<\/a><\/p>\n","protected":false},"excerpt":{"rendered":"<p>G\u0103zduit de Palatul Tinerimea Rom\u00e2n\u0103, recitalul de mar\u021bi, 25 februarie, a readus pe scena rom\u00e2neasc\u0103 un ansamblu valoros \u0219i apreciat interna\u021bional, Cvartetul Arcadia. \u00cen ciuda tinere\u021bii membrilor s\u0103i, violoni\u0219tii Ana T\u00f6r\u00f6k \u0219i R\u0103svan Dumitru, violistul Traian Boal\u0103 \u0219i violoncelistul Zsolt T\u00f6r\u00f6k, Cvartetul Arcadia este un ansamblu ajuns deja la maturitate, ce s-a impus cu rapiditate&#8230;<\/p>\n","protected":false},"author":1,"featured_media":374,"comment_status":"open","ping_status":"open","sticky":false,"template":"","format":"standard","meta":{"_kad_post_transparent":"","_kad_post_title":"","_kad_post_layout":"","_kad_post_sidebar_id":"","_kad_post_content_style":"","_kad_post_vertical_padding":"","_kad_post_feature":"","_kad_post_feature_position":"","_kad_post_header":false,"_kad_post_footer":false,"_kad_post_classname":"","footnotes":""},"categories":[3],"tags":[],"class_list":["post-373","post","type-post","status-publish","format-standard","has-post-thumbnail","hentry","category-presa"],"_links":{"self":[{"href":"https:\/\/tinerimearomana.ro\/cvartetul-arcadia\/wp-json\/wp\/v2\/posts\/373"}],"collection":[{"href":"https:\/\/tinerimearomana.ro\/cvartetul-arcadia\/wp-json\/wp\/v2\/posts"}],"about":[{"href":"https:\/\/tinerimearomana.ro\/cvartetul-arcadia\/wp-json\/wp\/v2\/types\/post"}],"author":[{"embeddable":true,"href":"https:\/\/tinerimearomana.ro\/cvartetul-arcadia\/wp-json\/wp\/v2\/users\/1"}],"replies":[{"embeddable":true,"href":"https:\/\/tinerimearomana.ro\/cvartetul-arcadia\/wp-json\/wp\/v2\/comments?post=373"}],"version-history":[{"count":3,"href":"https:\/\/tinerimearomana.ro\/cvartetul-arcadia\/wp-json\/wp\/v2\/posts\/373\/revisions"}],"predecessor-version":[{"id":462,"href":"https:\/\/tinerimearomana.ro\/cvartetul-arcadia\/wp-json\/wp\/v2\/posts\/373\/revisions\/462"}],"wp:featuredmedia":[{"embeddable":true,"href":"https:\/\/tinerimearomana.ro\/cvartetul-arcadia\/wp-json\/wp\/v2\/media\/374"}],"wp:attachment":[{"href":"https:\/\/tinerimearomana.ro\/cvartetul-arcadia\/wp-json\/wp\/v2\/media?parent=373"}],"wp:term":[{"taxonomy":"category","embeddable":true,"href":"https:\/\/tinerimearomana.ro\/cvartetul-arcadia\/wp-json\/wp\/v2\/categories?post=373"},{"taxonomy":"post_tag","embeddable":true,"href":"https:\/\/tinerimearomana.ro\/cvartetul-arcadia\/wp-json\/wp\/v2\/tags?post=373"}],"curies":[{"name":"wp","href":"https:\/\/api.w.org\/{rel}","templated":true}]}}