{"id":367,"date":"2020-07-26T16:47:59","date_gmt":"2020-07-26T14:47:59","guid":{"rendered":"http:\/\/tinerimearomana.ro\/cvartetul-arcadia\/?p=367"},"modified":"2021-12-10T21:27:45","modified_gmt":"2021-12-10T19:27:45","slug":"cvartetul-arcadia-la-ateneul-roman-concert-in-premiera-la-festivalul-international-vara-magica-2020","status":"publish","type":"post","link":"https:\/\/tinerimearomana.ro\/cvartetul-arcadia\/cvartetul-arcadia-la-ateneul-roman-concert-in-premiera-la-festivalul-international-vara-magica-2020\/","title":{"rendered":"CVARTETUL ARCADIA LA ATENEUL ROMAN &#8211; CONCERT IN PREMIERA LA FESTIVALUL INTERNATIONAL VARA MAGICA 2020"},"content":{"rendered":"<p>Dup\u0103 patru concerte \u00een care Curtea Ateneului Rom\u00e2n a fost arhiplin\u0103 de publicul venit s\u0103 \u00eemp\u0103rt\u0103\u015feasc\u0103 emo\u0163ia muzicii interpretate \u015fi ascultate pe viu, <strong>Festivalul Interna\u021bional &#8222;Vara Magic\u0103&#8221; <\/strong>va continua cu concertul <strong>Cvartetului ARCADIA,<\/strong> care va sus\u0163ine un recital pe data de <strong>29 iulie, de la ora 20<\/strong>, urmat \u00een seara de<strong> 30 iulie,<\/strong> pe aceea\u015fi scen\u0103, de <strong>Orchestra<\/strong> <strong>Camerata Regal\u0103<\/strong> dirijat\u0103 de <strong>Constantin Adrian Grigore<\/strong>, solist\u0103 violonista <strong>Rebekka Hartmann<\/strong>.<\/p>\n<p><strong>\u00a0\u00a0\u00a0\u00a0\u00a0\u00a0\u00a0\u00a0\u00a0\u00a0\u00a0 <\/strong>Pentru prima dat\u0103 \u00een aer liber,<strong> Festivalul Interna\u021bional \u201eVara Magic\u0103\u201d <\/strong>invit\u0103 pentru a noua oar\u0103 consecutiv iubitorii de muzic\u0103 clasic\u0103 afla\u021bi \u00een Bucure\u0219ti \u00een aceast\u0103 var\u0103 s\u0103 vin\u0103 la seria de <strong>concerte camerale \u0219i simfonice<\/strong> ce se desf\u0103\u0219oar\u0103 de pe <strong>15 iulie <\/strong>p\u00e2n\u0103 pe <strong>27 august<\/strong>, \u00een serile de <strong>miercuri \u0219i joi<\/strong>, de la <strong>ora 20<\/strong>, \u00een <strong>Curtea<\/strong> <strong>Ateneului Rom\u00e2n<\/strong>, sub genericul <strong>\u201cAnul Beethoven la Bucure\u015fti\u201d.<\/strong><\/p>\n<p>Programul serii de <strong>29 iulie<\/strong> va cuprinde \u00een interpretarea <strong>Cvartetului Arcadia<\/strong>, compus din <strong>Ana\u00a0T\u00f6r\u00f6k<\/strong><strong> &#8211; vioara I, <\/strong><strong>R\u0103svan Dumitru &#8211; vioara a II-a, Traian Boal\u0103 \u2013 viola, Zsolt T\u00f6r\u00f6k &#8211; violoncel<\/strong> o colec\u0163ie de teme celebre din muzica clasic\u0103 \u00een adaptare pentru cvartet de coarde din crea\u0163ia lui : J.S. Bach, S. Rachmaninov, P.I. Ceaikovski, J. Offenbach, G. Bizet, F. Chopin, A. Dvorak, D. \u0218ostakovici, P. Mascagni, G. Puccini, G. Faure, M.A. Charpentier, E. Elgar, F. Kreisler, J. Strauss, B. Bartok.<\/p>\n<p><strong>Orchestra Camerata Regal\u0103<\/strong> dirijat\u0103 de <strong>Constantin Adrian Grigore<\/strong>, solist\u0103 violonista <strong>Rebekka Hartmann,<\/strong> a preg\u0103tit publicului bucure\u015ftean pentru seara de <strong>30 iulie, <\/strong>un program atractiv de aranjamente orchestrale din crea\u0163ia lui P. Mascagni, P. de Sarasate, C. Saint-Saens, W. A. Mozart, J. Offenbach, A. Dvorak, J. Brahms, G. Bizet, G. Bizet, A. Piazzolla, L. Anderson \u015fi C. Gardel..<\/p>\n<p>Cresc\u00e2nd \u00een anvergur\u0103 an dup\u0103 an, <strong>Festivalul Interna\u021bional \u201eVara Magic\u0103\u201d<\/strong> va mai aduce \u00een s\u0103pt\u0103m\u00e2nile urm\u0103toare pe originala scen\u0103 din fa\u0163a Ateneului forma\u0163ii orchestrale printre care <strong>Orchestra Rom\u00e2n\u0103 de Tineret <\/strong><strong>condus\u0103 de<\/strong><strong> Cristian Mandeal<\/strong><strong>, <\/strong>solist <strong>\u0218tefan Cazacu<\/strong> \u2013 <strong>violoncel<\/strong>, <strong>Orchestra Na\u0163ional\u0103 Simfonic\u0103 a Rom\u00e2niei, <\/strong>dirijat\u0103 de acela\u015fi <strong>Cristian Mandeal<\/strong>, \u00eentr-un concert f\u0103r\u0103 solist, <strong>Romanian Chamber Orchestra<\/strong>, dirijor<strong> Cristian M\u0103celaru,<\/strong><strong> Romanian Sinfonietta Orchestra,<\/strong> dirijor \u015fi solist <strong>Alexander Sitkovetsky<\/strong> \u00a0<strong>\u2013 vioar\u0103<\/strong> \u015fi <strong>Kamerata Kronstadt<\/strong>, sub bagheta lui\u00a0<strong>Cristian Oro\u0219anu<\/strong> \u015fi recitaluri camerale extraordinare sus\u0163inute, <strong>de violonistul <\/strong><strong>Alexandru Tomescu \u015fi pianistul Josu de Solaun, <\/strong>de<strong> Octetul Regal <\/strong>\u015fi de<strong> Trio<\/strong><strong> Georgeta Iordache <\/strong>\u2013 vioar\u0103, <strong>Andrei Ioni\u0163\u0103 <\/strong>\u2013 violoncel, <strong>Daria Tudor <\/strong>\u2013 pian.<\/p>\n<p><strong>A\u0219adar, din 15 iulie p\u00e2n\u0103 pe 27 august, 7 seri orchestrale \u015fi 7 seri de muzic\u0103 de camer\u0103 de cel mai \u00eenalt nivel vor reprezenta atrac\u021biile acestui an la Festivalul Interna\u021bional \u201eVara Magic\u0103\u201d OPEN AIR, \u00een curtea Ateneului Rom\u00e2n.<\/strong><\/p>\n<p><strong>Biletele se pot g\u0103si pe <\/strong><a href=\"http:\/\/www.lanto.ro\">www.lanto.ro<\/a><strong>, www.bilete.ro \u0219i la casa de bilete a festivalului deschis\u0103 la Ateneul Rom\u00e2n, intrarea din strada Benjamin Franklin nr. 1-3, de luni p\u00e2n\u0103 vineri, \u00eentre orele 14 \u0219i 19.<\/strong><\/p>\n<p>Programul integral pe <a href=\"http:\/\/www.lanto.ro\">www.lanto.ro<\/a><\/p>\n<p><strong>Produc\u0103tor : <\/strong><strong>Asocia\u0163ia Cultural\u0103 Lanto Magia Muzicii<\/strong><\/p>\n<p><strong>Coproduc\u0103tori : Prim\u0103ria Municipiului Bucure\u0219ti prin Centrul pentru Tineret al Municipiului Bucure\u0219ti, TVR 3<\/strong><\/p>\n<p><strong>Parteneri : NIRO Investment Group, Borsec, Oscar, Luxten, Vizual Graph, Asocia\u0163ia \u201eM\u00e2ine va fi mai bine\u201d, Centrul Na\u0163ional de Art\u0103 Tinerimea Rom\u00e2n\u0103, Filarmonica \u201eGeorge Enescu\u201d, Asocia\u0163ia cultural\u0103 Pro Contemporania, Funda\u0163ia \u201ePrietenii Muzicii &#8211; Serafim Antropov\u201d<\/strong><\/p>\n<p><strong>Parteneri media : Radio Rom\u00e2nia Muzical, Radio Rom\u00e2nia Cultural, Rom\u00e2nia TV, Agen\u021bia de carte, Mediatrust,\u00a0<\/strong><strong> Liternet<\/strong><\/p>\n<p>&nbsp;<\/p>\n<p><strong>15 Iulie \u2013 Ansamblul Violoncellissimo, <\/strong><strong>fondat de<\/strong> <strong>Marin Cazacu<\/strong><\/p>\n<p>&nbsp;<\/p>\n<p><strong>16 Iulie \u2013 Orchestra Filarmonicii \u201cGeorge Enescu\u201d, dirijor <\/strong><strong>\u0219i solist<\/strong><strong> David Lefevre<\/strong><\/p>\n<p>&nbsp;<\/p>\n<p><strong>22 Iulie \u2013 Ansamblul Raro, fondat de R\u0103zvan Popovici<\/strong><\/p>\n<p>&nbsp;<\/p>\n<p><strong>23 Iulie \u2013 Ruxandra Donose \u2013 mezzo-sopran\u0103, la pian Sergiu Tuhutiu<\/strong><\/p>\n<p><strong>\u00a0<\/strong><\/p>\n<p><strong>29 iulie<\/strong> \u2013 <strong>Cvartetul ARCADIA <\/strong><\/p>\n<p>&nbsp;<\/p>\n<p><strong>30 Iulie \u2013 Orchestra Camerata Regal\u0103 &#8211;\u00a0<\/strong>Dirijor :<strong> Constantin Adrian Grigore,\u00a0<\/strong>Solist\u0103 : <strong>Rebekka Hartmann <\/strong>\u2013 vioar\u0103<\/p>\n<p><strong>\u00a0<\/strong><\/p>\n<p><strong>5 <\/strong><strong>August <\/strong>\u2013 <strong>Alexandru Tomescu <\/strong>\u2013 vioar\u0103 \u015fi<strong> Josu de Solaun <\/strong>\u2013 pian<\/p>\n<p><strong>\u00a0<\/strong><\/p>\n<p><strong>6 August \u2013 Orchestra Rom\u00e2n\u0103 de Tineret &#8211;\u00a0<\/strong>Dirijor :<strong> Cristian Mandeal,\u00a0<\/strong>Solist : <strong>\u0218tefan Cazacu<\/strong> \u2013 violoncel<\/p>\n<p><strong>\u00a0<\/strong><\/p>\n<p><strong>12 August \u2013 Orchestra Na\u0163ional\u0103 Simfonic\u0103 a Rom\u00e2niei &#8211;\u00a0<\/strong>Dirijor :<strong> Cristian Mandeal<\/strong><\/p>\n<p>&nbsp;<\/p>\n<p><strong>13 August \u2013 Octetul Regal<\/strong><\/p>\n<p>&nbsp;<\/p>\n<p><strong>19 August \u2013 Romanian Chamber Orchestra &#8211;\u00a0<\/strong>Dirijor : <strong>Cristian M\u0103celaru<\/strong><\/p>\n<p>&nbsp;<\/p>\n<p><strong>20 August \u2013 Romanian Sinfonietta Orchestra\u00a0 &#8211;\u00a0<\/strong>Dirijor \u015fi solist : <strong>Alexander Sitkovetsky<\/strong> \u2013 vioar\u0103<\/p>\n<p>&nbsp;<\/p>\n<p><strong>26 August \u2013 Trio<\/strong><strong> Georgeta Iordache <\/strong>\u2013 vioar\u0103,<strong> Andrei Ioni\u0163\u0103 <\/strong>\u2013 violoncel,<strong> Daria Tudor <\/strong>\u2013 pian<\/p>\n<p>&nbsp;<\/p>\n<p><strong>27 August \u2013 Kamerata Kronstadt &#8211;\u00a0<\/strong>Dirijor : <strong>Cristian Oro\u015fanu,\u00a0<\/strong>Soli\u015fti : <strong>Nicolas Dautricourt<\/strong><strong>\u00a0<\/strong>\u2013 vioar\u0103,<strong> R\u0103zvan Popovici <\/strong>\u2013 viol\u0103<\/p>\n<p><img decoding=\"async\" class=\"aligncenter size-full wp-image-369\" src=\"http:\/\/tinerimearomana.ro\/cvartetul-arcadia\/wp-content\/uploads\/sites\/11\/2020\/07\/Afis-2020-07-29-Arcadia_web22.jpg\" alt=\"\" width=\"100%\" height=\"auto\" srcset=\"https:\/\/tinerimearomana.ro\/cvartetul-arcadia\/wp-content\/uploads\/sites\/11\/2020\/07\/Afis-2020-07-29-Arcadia_web22.jpg 800w, https:\/\/tinerimearomana.ro\/cvartetul-arcadia\/wp-content\/uploads\/sites\/11\/2020\/07\/Afis-2020-07-29-Arcadia_web22-214x300.jpg 214w, https:\/\/tinerimearomana.ro\/cvartetul-arcadia\/wp-content\/uploads\/sites\/11\/2020\/07\/Afis-2020-07-29-Arcadia_web22-731x1024.jpg 731w, https:\/\/tinerimearomana.ro\/cvartetul-arcadia\/wp-content\/uploads\/sites\/11\/2020\/07\/Afis-2020-07-29-Arcadia_web22-768x1075.jpg 768w\" sizes=\"(max-width: 800px) 100vw, 800px\" \/><\/p>\n","protected":false},"excerpt":{"rendered":"<p>Dup\u0103 patru concerte \u00een care Curtea Ateneului Rom\u00e2n a fost arhiplin\u0103 de publicul venit s\u0103 \u00eemp\u0103rt\u0103\u015feasc\u0103 emo\u0163ia muzicii interpretate \u015fi ascultate pe viu, Festivalul Interna\u021bional &#8222;Vara Magic\u0103&#8221; va continua cu concertul Cvartetului ARCADIA, care va sus\u0163ine un recital pe data de 29 iulie, de la ora 20, urmat \u00een seara de 30 iulie, pe aceea\u015fi&#8230;<\/p>\n","protected":false},"author":1,"featured_media":369,"comment_status":"open","ping_status":"open","sticky":false,"template":"","format":"standard","meta":{"_kad_post_transparent":"","_kad_post_title":"","_kad_post_layout":"","_kad_post_sidebar_id":"","_kad_post_content_style":"","_kad_post_vertical_padding":"","_kad_post_feature":"","_kad_post_feature_position":"","_kad_post_header":false,"_kad_post_footer":false,"_kad_post_classname":"","footnotes":""},"categories":[2,1],"tags":[],"class_list":["post-367","post","type-post","status-publish","format-standard","has-post-thumbnail","hentry","category-concerte","category-fara-categorie"],"_links":{"self":[{"href":"https:\/\/tinerimearomana.ro\/cvartetul-arcadia\/wp-json\/wp\/v2\/posts\/367"}],"collection":[{"href":"https:\/\/tinerimearomana.ro\/cvartetul-arcadia\/wp-json\/wp\/v2\/posts"}],"about":[{"href":"https:\/\/tinerimearomana.ro\/cvartetul-arcadia\/wp-json\/wp\/v2\/types\/post"}],"author":[{"embeddable":true,"href":"https:\/\/tinerimearomana.ro\/cvartetul-arcadia\/wp-json\/wp\/v2\/users\/1"}],"replies":[{"embeddable":true,"href":"https:\/\/tinerimearomana.ro\/cvartetul-arcadia\/wp-json\/wp\/v2\/comments?post=367"}],"version-history":[{"count":4,"href":"https:\/\/tinerimearomana.ro\/cvartetul-arcadia\/wp-json\/wp\/v2\/posts\/367\/revisions"}],"predecessor-version":[{"id":464,"href":"https:\/\/tinerimearomana.ro\/cvartetul-arcadia\/wp-json\/wp\/v2\/posts\/367\/revisions\/464"}],"wp:featuredmedia":[{"embeddable":true,"href":"https:\/\/tinerimearomana.ro\/cvartetul-arcadia\/wp-json\/wp\/v2\/media\/369"}],"wp:attachment":[{"href":"https:\/\/tinerimearomana.ro\/cvartetul-arcadia\/wp-json\/wp\/v2\/media?parent=367"}],"wp:term":[{"taxonomy":"category","embeddable":true,"href":"https:\/\/tinerimearomana.ro\/cvartetul-arcadia\/wp-json\/wp\/v2\/categories?post=367"},{"taxonomy":"post_tag","embeddable":true,"href":"https:\/\/tinerimearomana.ro\/cvartetul-arcadia\/wp-json\/wp\/v2\/tags?post=367"}],"curies":[{"name":"wp","href":"https:\/\/api.w.org\/{rel}","templated":true}]}}