{"id":349,"date":"2019-12-03T11:34:26","date_gmt":"2019-12-03T09:34:26","guid":{"rendered":"http:\/\/tinerimearomana.ro\/cvartetul-arcadia\/?p=349"},"modified":"2021-12-10T21:28:05","modified_gmt":"2021-12-10T19:28:05","slug":"cvartetul-arcadia-concert-drama-per-musica-la-palatul-tinerimea-romana","status":"publish","type":"post","link":"https:\/\/tinerimearomana.ro\/cvartetul-arcadia\/cvartetul-arcadia-concert-drama-per-musica-la-palatul-tinerimea-romana\/","title":{"rendered":"CVARTETUL ARCADIA, CONCERT &#8222;DRAMA PER MUSICA&#8221; LA PALATUL &#8222;TINERIMEA ROMANA&#8221;"},"content":{"rendered":"<div class=\"su-spacer\" style=\"height:30px\"><\/div>\n[infobox style=&#8217;info&#8217; static=&#8217;1&#8242;]\n<div class=\"su-row\"><div class=\"su-column su-column-size-3-5\"><div class=\"su-column-inner su-u-clearfix su-u-trim\">\n<div class=\"su-spacer\" style=\"height:30px\"><\/div>\n<p><span style=\"font-weight: 400;\">Centrul Na\u021bional de Art\u0103 Tinerimea Rom\u00e2n\u0103 invit\u0103 publicul s\u00e2mb\u0103t\u0103, 7 decembrie<\/span><b> 2019,<\/b><span style=\"font-weight: 400;\">\u00a0 de la ora 17, la <\/span><b>Palatul Tinerimea Rom\u00e2n\u0103<\/b><span style=\"font-weight: 400;\"> la recitalul <\/span><b>Cvartetului Arcadia<\/b><span style=\"font-weight: 400;\">, compus din <\/span><b>Ana T\u00f6r\u00f6k \u2013 vioar\u0103<\/b><span style=\"font-weight: 400;\">, <\/span><b>R\u0103svan Dumitru \u2013 vioar\u0103<\/b><span style=\"font-weight: 400;\">, <\/span><b>Traian Boal\u0103 \u2013 viol\u0103<\/b><span style=\"font-weight: 400;\"> \u015fi <\/span><b>Zsolt T\u00f6r\u00f6k \u2013 violoncel<\/b><span style=\"font-weight: 400;\">. Recitalul poart\u0103 titlul <\/span><b>&#8222;Drama per musica&#8221; \u015fi va cuprinde <\/b><span style=\"font-weight: 400;\">W.A.Mozart &#8211; <\/span><i><span style=\"font-weight: 400;\">Adagio \u0219i Fuga \u00een do minor, K. 546<\/span><\/i><span style=\"font-weight: 400;\">, B. <\/span><span style=\"font-weight: 400;\">Bart\u00f3k <\/span><span style=\"font-weight: 400;\">\u00a0&#8211; <\/span><i><span style=\"font-weight: 400;\">Cvartet de coarde nr. 6, Sz. 114<\/span><\/i><span style=\"font-weight: 400;\">, J. Brahms &#8211; <\/span><i><span style=\"font-weight: 400;\">Cvartet de coarde Op. 51 nr. 2, la minor<\/span><\/i><span style=\"font-weight: 400;\">.<\/span><\/p>\n<p><span style=\"font-weight: 400;\">Cel mai titrat t\u00e2n\u0103r cvartet rom\u00e2n al momentului, Arcadia reprezint\u0103 o prezen\u021b\u0103 constant\u0103 pe scenele camerale importante ale Europei. Acest lucru se datoreaz\u0103 nu doar valorii membrilor s\u0103i ci mai ales modului captivant \u00een care ace\u0219tia concep actul interpretativ, situat \u00eentotdeauna la cele mai ridicate valori artistice.<\/span><\/p>\n<p><span style=\"font-weight: 400;\">&#8222;Drama per musica&#8221; va purta publicul prin trei pove\u0219ti din epoci diferite proiectate sonor cu stilul \u0219i virtuozitatea membrilor cvartetului Arcadia.<\/span><\/p>\n<p><span style=\"font-weight: 400;\">Prezent \u00een peisajul interna\u0163ional al muzicii de camer\u00e3, Cvartetul ARCADIA s-a format \u00een 2006 \u00een timpul anilor de studiu la Academia de Muzic\u00e3 \u201eGheorghe Dima&#8221; din Cluj. Cvartetul a concertat la Spring Festival (Budapesta), George Enescu Festival (Heidelberg), Cit\u00e9 International des Arts (Paris), Alte Oper (Frankfurt), Pollack Hall (Montreal), Concertgebouw (Amsterdam), Wigmore Hall, Q&#8217;arto Mondi Festival (Polonia), Salle Gaveau (Paris), Tel-Aviv, Mecklenburg Vorpommern Festival, Kammermusiktage Mettlach, Zeist Music Days Festival (Olanda), Portugalia, Marea Britanie, China. Ansamblul a c\u00e2\u015ftigat numeroase competi\u0163ii de muzic\u00e3 de camer\u00e3, printre care International Chamber Music Competition (Hamburg, 2009), Almere International Chamber Music Competition (2011), Wigmore Hall London International String Quartet Competition (2012), Osaka International Chamber Music Competition (2014). Au debutat discografic \u00een 2009 cu un disc <\/span><span style=\"font-weight: 400;\">Mendelssohn &#8211; Brahms lansat de Fontenay Classics International (Hamburg), continu\u00e2nd cu \u00eenregistrarea cvartetelor de Leo\u0161 Jan\u00e1\u010dek nr. 1 \u0219i nr. 2 lansat\u0103 \u00een 2013 la Orchid Classics (Londra). <\/span><span style=\"font-weight: 400;\">\u00cen stagiunea 2014 &#8211; 2015, Cvartetul Arcadia a \u00eentreprins un turneu de 12 concerte \u00een Japonia \u015fi a sus\u0163inut concerte \u00een Europa, la Wigmore Hall, Vienna Musikverein, Aldeburgh Festival, Grafenegg Festival, Silver Lyre Festival (Sankt Petersburg), Berlin Konzerthaus, Norwich Festival, Madrid \u015fi a debutat cu o transmisiune de la Wigmore Hall la BBC Radio3.<\/span><\/p>\n<p><span style=\"font-weight: 400;\">Organizator :\u00a0 <\/span><b>Centrul Na\u021bional de Art\u0103 \u201eTinerimea Rom\u00e2n\u0103&#8221;<\/b><\/p>\n<p><span style=\"font-weight: 400;\">Parteneri media: <\/span><b>Radio Rom\u00e2nia Cultural, Radio Rom\u00e2nia Muzical, Rom\u00e2nia TV,\u00a0Mediatrust,\u00a0Observator Cultural, Liternet, Q Magazine, Mi\u015fcarea de rezisten\u0163\u0103.<\/b><\/p>\n<\/div><\/div>\n<div class=\"su-column su-column-size-2-5\"><div class=\"su-column-inner su-u-clearfix su-u-trim\">\n<img decoding=\"async\" class=\"aligncenter wp-image-351 size-full\" src=\"http:\/\/tinerimearomana.ro\/cvartetul-arcadia\/wp-content\/uploads\/sites\/11\/2019\/12\/arcadia7dec2019-12.jpg\" alt=\"\" width=\"100%\" height=\"auto\" srcset=\"https:\/\/tinerimearomana.ro\/cvartetul-arcadia\/wp-content\/uploads\/sites\/11\/2019\/12\/arcadia7dec2019-12.jpg 950w, https:\/\/tinerimearomana.ro\/cvartetul-arcadia\/wp-content\/uploads\/sites\/11\/2019\/12\/arcadia7dec2019-12-211x300.jpg 211w, https:\/\/tinerimearomana.ro\/cvartetul-arcadia\/wp-content\/uploads\/sites\/11\/2019\/12\/arcadia7dec2019-12-768x1094.jpg 768w, https:\/\/tinerimearomana.ro\/cvartetul-arcadia\/wp-content\/uploads\/sites\/11\/2019\/12\/arcadia7dec2019-12-719x1024.jpg 719w\" sizes=\"(max-width: 950px) 100vw, 950px\" \/><\/p>\n<p>&nbsp;<\/p>\n<\/div><\/div><\/div>\n[\/infobox]\n","protected":false},"excerpt":{"rendered":"<p>[infobox style=&#8217;info&#8217; static=&#8217;1&#8242;] [\/infobox]<\/p>\n","protected":false},"author":1,"featured_media":351,"comment_status":"open","ping_status":"open","sticky":false,"template":"","format":"standard","meta":{"_kad_post_transparent":"","_kad_post_title":"","_kad_post_layout":"","_kad_post_sidebar_id":"","_kad_post_content_style":"","_kad_post_vertical_padding":"","_kad_post_feature":"","_kad_post_feature_position":"","_kad_post_header":false,"_kad_post_footer":false,"_kad_post_classname":"","footnotes":""},"categories":[2],"tags":[],"class_list":["post-349","post","type-post","status-publish","format-standard","has-post-thumbnail","hentry","category-concerte"],"_links":{"self":[{"href":"https:\/\/tinerimearomana.ro\/cvartetul-arcadia\/wp-json\/wp\/v2\/posts\/349"}],"collection":[{"href":"https:\/\/tinerimearomana.ro\/cvartetul-arcadia\/wp-json\/wp\/v2\/posts"}],"about":[{"href":"https:\/\/tinerimearomana.ro\/cvartetul-arcadia\/wp-json\/wp\/v2\/types\/post"}],"author":[{"embeddable":true,"href":"https:\/\/tinerimearomana.ro\/cvartetul-arcadia\/wp-json\/wp\/v2\/users\/1"}],"replies":[{"embeddable":true,"href":"https:\/\/tinerimearomana.ro\/cvartetul-arcadia\/wp-json\/wp\/v2\/comments?post=349"}],"version-history":[{"count":4,"href":"https:\/\/tinerimearomana.ro\/cvartetul-arcadia\/wp-json\/wp\/v2\/posts\/349\/revisions"}],"predecessor-version":[{"id":466,"href":"https:\/\/tinerimearomana.ro\/cvartetul-arcadia\/wp-json\/wp\/v2\/posts\/349\/revisions\/466"}],"wp:featuredmedia":[{"embeddable":true,"href":"https:\/\/tinerimearomana.ro\/cvartetul-arcadia\/wp-json\/wp\/v2\/media\/351"}],"wp:attachment":[{"href":"https:\/\/tinerimearomana.ro\/cvartetul-arcadia\/wp-json\/wp\/v2\/media?parent=349"}],"wp:term":[{"taxonomy":"category","embeddable":true,"href":"https:\/\/tinerimearomana.ro\/cvartetul-arcadia\/wp-json\/wp\/v2\/categories?post=349"},{"taxonomy":"post_tag","embeddable":true,"href":"https:\/\/tinerimearomana.ro\/cvartetul-arcadia\/wp-json\/wp\/v2\/tags?post=349"}],"curies":[{"name":"wp","href":"https:\/\/api.w.org\/{rel}","templated":true}]}}