{"id":300,"date":"2018-02-07T14:14:18","date_gmt":"2018-02-07T12:14:18","guid":{"rendered":"http:\/\/tinerimearomana.ro\/cvartetul-arcadia\/?p=300"},"modified":"2021-12-10T21:29:16","modified_gmt":"2021-12-10T19:29:16","slug":"recital-cvartetul-arcadia-capodopere-ale-muzicii-de-camera","status":"publish","type":"post","link":"https:\/\/tinerimearomana.ro\/cvartetul-arcadia\/recital-cvartetul-arcadia-capodopere-ale-muzicii-de-camera\/","title":{"rendered":"CVARTETUL  ARCADIA &#8211; RECITAL LA SALA MARE A PALATULUI &#8222;TINERIMEA ROM\u00c2N\u0102&#8221;"},"content":{"rendered":"<div class=\"su-spacer\" style=\"height:30px\"><\/div>\n[infobox style=&#8217;info&#8217; static=&#8217;1&#8242;]\n<div class=\"su-row\"><div class=\"su-column su-column-size-3-5\"><div class=\"su-column-inner su-u-clearfix su-u-trim\">\n<div class=\"su-spacer\" style=\"height:30px\"><\/div>\nCentrul Na\u021bional de Art\u0103 Tinerimea Rom\u00e2n\u0103 invit\u0103 publicul mar\u0163i, 13 februarie 2018, de la ora 19, la Palatul Tinerimea Rom\u00e2n\u0103 la recitalul <strong>Cvartetului Arcadia<\/strong>, compus din Ana T\u00f6r\u00f6k \u2013 vioar\u0103, R\u0103svan Dumitru \u2013 vioar\u0103, Traian Boal\u0103 \u2013 viol\u0103 \u015fi Zsolt T\u00f6r\u00f6k \u2013 violoncel. <\/p>\n<p>Programul cuprinde trei lucr\u0103ri rar interpretate pe scenele din Rom\u00e2nia, precum:<br \/>\nAlexandr Borodin \u2013 Cvartetul nr. 2 \u00een Re major, Sabin P\u0103u\u021ba \u2013 Cvartetul nr. 4 \u201cLudus modalis\u201d \u015fi B\u00e9la B\u00e1rtok \u2013 Cvartetul nr. 6 \u00een Re major, Sz. 114, BB 119.<br \/>\n<\/div><\/div>\n<div class=\"su-column su-column-size-2-5\"><div class=\"su-column-inner su-u-clearfix su-u-trim\">\n<img fetchpriority=\"high\" decoding=\"async\" src=\"http:\/\/tinerimearomana.ro\/cvartetul-arcadia\/wp-content\/uploads\/sites\/11\/2018\/02\/afisArcadia13feb2018.jpg\" alt=\"\" width=\"320\" height=\"451\" class=\"aligncenter size-full wp-image-302\" \/><br \/>\n<\/div><\/div><\/div>\n[\/infobox]\n","protected":false},"excerpt":{"rendered":"<p>[infobox style=&#8217;info&#8217; static=&#8217;1&#8242;] [\/infobox]<\/p>\n","protected":false},"author":1,"featured_media":302,"comment_status":"open","ping_status":"open","sticky":false,"template":"","format":"standard","meta":{"_kad_post_transparent":"","_kad_post_title":"","_kad_post_layout":"","_kad_post_sidebar_id":"","_kad_post_content_style":"","_kad_post_vertical_padding":"","_kad_post_feature":"","_kad_post_feature_position":"","_kad_post_header":false,"_kad_post_footer":false,"_kad_post_classname":"","footnotes":""},"categories":[2],"tags":[],"class_list":["post-300","post","type-post","status-publish","format-standard","has-post-thumbnail","hentry","category-concerte"],"_links":{"self":[{"href":"https:\/\/tinerimearomana.ro\/cvartetul-arcadia\/wp-json\/wp\/v2\/posts\/300"}],"collection":[{"href":"https:\/\/tinerimearomana.ro\/cvartetul-arcadia\/wp-json\/wp\/v2\/posts"}],"about":[{"href":"https:\/\/tinerimearomana.ro\/cvartetul-arcadia\/wp-json\/wp\/v2\/types\/post"}],"author":[{"embeddable":true,"href":"https:\/\/tinerimearomana.ro\/cvartetul-arcadia\/wp-json\/wp\/v2\/users\/1"}],"replies":[{"embeddable":true,"href":"https:\/\/tinerimearomana.ro\/cvartetul-arcadia\/wp-json\/wp\/v2\/comments?post=300"}],"version-history":[{"count":7,"href":"https:\/\/tinerimearomana.ro\/cvartetul-arcadia\/wp-json\/wp\/v2\/posts\/300\/revisions"}],"predecessor-version":[{"id":474,"href":"https:\/\/tinerimearomana.ro\/cvartetul-arcadia\/wp-json\/wp\/v2\/posts\/300\/revisions\/474"}],"wp:featuredmedia":[{"embeddable":true,"href":"https:\/\/tinerimearomana.ro\/cvartetul-arcadia\/wp-json\/wp\/v2\/media\/302"}],"wp:attachment":[{"href":"https:\/\/tinerimearomana.ro\/cvartetul-arcadia\/wp-json\/wp\/v2\/media?parent=300"}],"wp:term":[{"taxonomy":"category","embeddable":true,"href":"https:\/\/tinerimearomana.ro\/cvartetul-arcadia\/wp-json\/wp\/v2\/categories?post=300"},{"taxonomy":"post_tag","embeddable":true,"href":"https:\/\/tinerimearomana.ro\/cvartetul-arcadia\/wp-json\/wp\/v2\/tags?post=300"}],"curies":[{"name":"wp","href":"https:\/\/api.w.org\/{rel}","templated":true}]}}