{"id":207,"date":"2016-02-18T19:04:57","date_gmt":"2016-02-18T17:04:57","guid":{"rendered":"http:\/\/tinerimearomana.ro\/cvartetul-arcadia\/?p=207"},"modified":"2021-12-10T21:31:18","modified_gmt":"2021-12-10T19:31:18","slug":"un-nou-recital-al-cvartetului-arcadia-la-palatul-tinerimea-romana","status":"publish","type":"post","link":"https:\/\/tinerimearomana.ro\/cvartetul-arcadia\/un-nou-recital-al-cvartetului-arcadia-la-palatul-tinerimea-romana\/","title":{"rendered":"Un nou recital al cvartetului Arcadia la Palatul Tinerimea Rom\u00e2n\u0103"},"content":{"rendered":"<div class=\"su-spacer\" style=\"height:30px\"><\/div>\n[infobox style=&#8217;info&#8217; static=&#8217;1&#8242;]\n<div class=\"su-row\"><div class=\"su-column su-column-size-3-5\"><div class=\"su-column-inner su-u-clearfix su-u-trim\">\nCentrul Na\u021bional de Art\u0103 Tinerimea Rom\u00e2n\u0103 invit\u0103 publicul s\u00e2mb\u0103t\u0103, <strong>27 februarie 2016<\/strong>, de la ora 19, la <strong>Palatul Tinerimea Rom\u00e2n\u0103<\/strong>, la un nou recital al <strong>Cvartetului Arcadia<\/strong>, compus din Ana T\u00f6r\u00f6k \u2013 vioar\u0103, R\u0103svan Dumitru \u2013 vioar\u0103, Traian Boal\u0103 \u2013 vioal\u0103 \u015fi Zsolt T\u00f6r\u00f6k \u2013 violoncel. <\/p>\n<p><em>&#8222;\u00cen ultima perioad\u0103 Cvartetul Arcadia a stabilit detaliile realiz\u0103rii integralei cvartetelor de B\u00e9la Bart\u00f3k cu casa de discuri Chandos din Marea Britanie. \u00cen acela\u0219i timp sunt privilegia\u021bii c\u00e2\u0219tig\u0103tori ai unui concurs organizat de prestigiosul site de profil\u00a0hellostage.com\u00a0 prin care, \u00een urma dob\u00e2ndirii unui num\u0103r de cca 1300 fani, cvartetul va sus\u021bine un concert \u00een Europa organizat de site-ul mai sus men\u021bionat.&#8221;<\/em><\/p>\n<p>Programul serii va cuprinde trei dintre cele mai cunoscute lucr\u0103ri clasice ale genului :<\/p>\n<p>W. A. Mozart &#8211; Cvartetul de coarde nr. 1 \u00een Sol major, KV 80 (73f)<br \/>\nJoseph Haydn &#8211; Cvartetul de coarde nr. 28 \u00een Mi bemol major, Op. 20 Nr. 1<br \/>\nLudwig van Beethoven &#8211; Cvartetul de coarde \u00een La major, Op. 18 Nr. 5<\/p>\n<p>Evenimentul este organizat de\u00a0Centrul Na\u0163ional de Art\u0103 Tinerimea Rom\u00e2n\u0103, iar parteneri media sunt Radio Rom\u00e2nia Cultural \u015fi Radio Rom\u00e2nia Muzical.<br \/>\n<\/div><\/div>\n<div class=\"su-column su-column-size-2-5\"><div class=\"su-column-inner su-u-clearfix su-u-trim\">\n<a href=\"http:\/\/tinerimearomana.ro\/cvartetul-arcadia\/wp-content\/uploads\/sites\/11\/2016\/02\/afisTR-Arcadia-2.jpg\"><img fetchpriority=\"high\" decoding=\"async\" class=\"alignright\" src=\"http:\/\/tinerimearomana.ro\/cvartetul-arcadia\/wp-content\/uploads\/sites\/11\/2016\/02\/afisTR-Arcadia-2.jpg\" alt=\"Concert Arcadia\" width=\"320\" height=\"451\" \/><\/a><br \/>\n<\/div><\/div><\/div>\n<div class=\"su-custom-gallery su-custom-gallery-align-left su-custom-gallery-title-never su-lightbox-gallery\"><div class=\"su-custom-gallery-slide\" style=\"width:250px;height:180px\"><a href=\"https:\/\/tinerimearomana.ro\/cvartetul-arcadia\/wp-content\/uploads\/sites\/11\/2016\/02\/Cvartetul_Arcadia_Gala-Tinerimea-Romana3.jpg\" title=\"Cvartetul_Arcadia_Gala-Tinerimea-Romana3\"><img decoding=\"async\" src=\"https:\/\/tinerimearomana.ro\/cvartetul-arcadia\/wp-content\/uploads\/sites\/11\/2016\/02\/Cvartetul_Arcadia_Gala-Tinerimea-Romana3.jpg\" alt=\"Cvartetul_Arcadia_Gala-Tinerimea-Romana3\" width=\"250\" height=\"180\" \/><span class=\"su-custom-gallery-title\">Cvartetul_Arcadia_Gala-Tinerimea-Romana3<\/span><\/a><\/div><div class=\"su-custom-gallery-slide\" style=\"width:250px;height:180px\"><a href=\"https:\/\/tinerimearomana.ro\/cvartetul-arcadia\/wp-content\/uploads\/sites\/11\/2016\/02\/Cvartetul_Arcadia_Gala-Tinerimea-Romana2.jpg\" title=\"Cvartetul_Arcadia_Gala-Tinerimea-Romana2\"><img decoding=\"async\" src=\"https:\/\/tinerimearomana.ro\/cvartetul-arcadia\/wp-content\/uploads\/sites\/11\/2016\/02\/Cvartetul_Arcadia_Gala-Tinerimea-Romana2.jpg\" alt=\"Cvartetul_Arcadia_Gala-Tinerimea-Romana2\" width=\"250\" height=\"180\" \/><span class=\"su-custom-gallery-title\">Cvartetul_Arcadia_Gala-Tinerimea-Romana2<\/span><\/a><\/div><div class=\"su-custom-gallery-slide\" style=\"width:250px;height:180px\"><a href=\"https:\/\/tinerimearomana.ro\/cvartetul-arcadia\/wp-content\/uploads\/sites\/11\/2016\/02\/Cvartetul_Arcadia_Gala-Tinerimea-Romana1.jpg\" title=\"Cvartetul_Arcadia_Gala-Tinerimea-Romana1\"><img loading=\"lazy\" decoding=\"async\" src=\"https:\/\/tinerimearomana.ro\/cvartetul-arcadia\/wp-content\/uploads\/sites\/11\/2016\/02\/Cvartetul_Arcadia_Gala-Tinerimea-Romana1.jpg\" alt=\"Cvartetul_Arcadia_Gala-Tinerimea-Romana1\" width=\"250\" height=\"180\" \/><span class=\"su-custom-gallery-title\">Cvartetul_Arcadia_Gala-Tinerimea-Romana1<\/span><\/a><\/div><div class=\"su-clear\"><\/div><\/div>\n[\/infobox]\n","protected":false},"excerpt":{"rendered":"<p>[infobox style=&#8217;info&#8217; static=&#8217;1&#8242;] [\/infobox]<\/p>\n","protected":false},"author":1,"featured_media":209,"comment_status":"open","ping_status":"open","sticky":false,"template":"","format":"standard","meta":{"_kad_post_transparent":"","_kad_post_title":"","_kad_post_layout":"","_kad_post_sidebar_id":"","_kad_post_content_style":"","_kad_post_vertical_padding":"","_kad_post_feature":"","_kad_post_feature_position":"","_kad_post_header":false,"_kad_post_footer":false,"_kad_post_classname":"","footnotes":""},"categories":[2],"tags":[],"class_list":["post-207","post","type-post","status-publish","format-standard","has-post-thumbnail","hentry","category-concerte"],"_links":{"self":[{"href":"https:\/\/tinerimearomana.ro\/cvartetul-arcadia\/wp-json\/wp\/v2\/posts\/207"}],"collection":[{"href":"https:\/\/tinerimearomana.ro\/cvartetul-arcadia\/wp-json\/wp\/v2\/posts"}],"about":[{"href":"https:\/\/tinerimearomana.ro\/cvartetul-arcadia\/wp-json\/wp\/v2\/types\/post"}],"author":[{"embeddable":true,"href":"https:\/\/tinerimearomana.ro\/cvartetul-arcadia\/wp-json\/wp\/v2\/users\/1"}],"replies":[{"embeddable":true,"href":"https:\/\/tinerimearomana.ro\/cvartetul-arcadia\/wp-json\/wp\/v2\/comments?post=207"}],"version-history":[{"count":10,"href":"https:\/\/tinerimearomana.ro\/cvartetul-arcadia\/wp-json\/wp\/v2\/posts\/207\/revisions"}],"predecessor-version":[{"id":483,"href":"https:\/\/tinerimearomana.ro\/cvartetul-arcadia\/wp-json\/wp\/v2\/posts\/207\/revisions\/483"}],"wp:featuredmedia":[{"embeddable":true,"href":"https:\/\/tinerimearomana.ro\/cvartetul-arcadia\/wp-json\/wp\/v2\/media\/209"}],"wp:attachment":[{"href":"https:\/\/tinerimearomana.ro\/cvartetul-arcadia\/wp-json\/wp\/v2\/media?parent=207"}],"wp:term":[{"taxonomy":"category","embeddable":true,"href":"https:\/\/tinerimearomana.ro\/cvartetul-arcadia\/wp-json\/wp\/v2\/categories?post=207"},{"taxonomy":"post_tag","embeddable":true,"href":"https:\/\/tinerimearomana.ro\/cvartetul-arcadia\/wp-json\/wp\/v2\/tags?post=207"}],"curies":[{"name":"wp","href":"https:\/\/api.w.org\/{rel}","templated":true}]}}