{"id":195,"date":"2016-01-28T21:29:00","date_gmt":"2016-01-28T19:29:00","guid":{"rendered":"http:\/\/tinerimearomana.ro\/cvartetul-arcadia\/?p=195"},"modified":"2021-12-10T21:31:49","modified_gmt":"2021-12-10T19:31:49","slug":"cvartetul-arcadia-in-festivalul-international-george-enescu","status":"publish","type":"post","link":"https:\/\/tinerimearomana.ro\/cvartetul-arcadia\/cvartetul-arcadia-in-festivalul-international-george-enescu\/","title":{"rendered":"Cvartetul Arcadia \u00een Festivalul Interna\u021bional \u201dGeorge Enescu\u201d"},"content":{"rendered":"<div class=\"su-spacer\" style=\"height:30px\"><\/div>\n[infobox style=&#8217;info&#8217; static=&#8217;1&#8242;]\nCvartetul Arcadia s-a format pe b\u0103ncile Academiei de Muzic\u0103 \u201eGh. Dima\u201d din Cluj-Napoca. La clasa de muzic\u0103 de camer\u0103 a profesorului Nicu\u015for Silaghi, membru al reputatului Cvartet Transilvan, cei patru tineri muzicieni ce au alc\u0103tuit prima formul\u0103 a cvartetului \u2013 violoni\u015ftii Ana Bog\u0103\u0163il\u0103 \u015fi R\u0103svan Dumitru, violistul Marcel Cameni\u0163\u0103 \u015fi violoncelistul T\u00f6r\u00f6k Zsolt \u2013 \u015fi-au descoperit o adev\u0103rat\u0103 voca\u0163ie \u00een cultivarea acestui gen. Participarea la Festivalul de muzic\u0103 de camer\u0103 de la Odorheiu Secuiesc (octombrie 2005) a \u00eensemnat \u015fi primul succes al forma\u0163iei; au urmat concerte la Cluj-Napoca, Sighi\u015foara, Sibiu, Satu Mare, marc\u00e2nd un progres deosebit de rapid sub toate aspectele \u015fi o capacitate de asimilare a repertoriului ie\u015fit\u0103 din comun.<\/p>\n<p>\u00cen decembrie 2006 au cucerit la Cluj primul lor premiu, la prestigiosul Concurs de Interpretare al Societ\u0103\u0163ii Rom\u00e2ne Mozart, cu aprecieri entuziaste pentru puritatea stilistic\u0103 a interpret\u0103rii mozartiene. \u00cen anul urm\u0103tor valoarea lor se confirm\u0103 din nou la Cluj, unde sunt distin\u015fi cu premiul I la Concursul de Muzic\u0103 de Camer\u0103 \u201eFerdinand Weiss\u201d. Acela\u015fi an 2007 marcheaz\u0103 primele prezen\u0163e interna\u0163ionale \u2013 participarea la Festivalul Orlando de la Kerkrade \u2013 Olanda \u015fi la Internationale Sommerakademie Prag-Wien-Budapest \u2013 ca \u015fi concerte sus\u0163inute \u00een Germania (la Chemnitz, Festivalul Interna\u0163ional \u201eClassic Open 2007\u201d) \u015fi \u00een Austria (la Eisenstadt). \u00cen \u0163ar\u0103 reumele lor se consolideaz\u0103, fiind invita\u0163i s\u0103 concerteze \u00een Festivalul Toamna Muzical\u0103 Clujean\u0103. Prin Participarea la Festivalul Interna\u0163ional \u201eA 17-a s\u0103pt\u0103m\u00e2n\u0103 a muzicii contemporane\u201d \u2013 Bucure\u015fti \u00eenregistreaz\u0103 un remarcabil succes, cvartetul dovedind excelente aptitudini \u015fi \u00een domeniul repertoriului contemporan de ultim\u0103 or\u0103.<\/p>\n<p>Vezi mai mult pe site-ul oficial al <a href=\"http:\/\/festivalenescu.ro\/artist\/arcadia-string-quartet\/\">Festivalul Interna\u021bional \u201dGeorge Enescu\u201d <\/a><br \/>\n[\/infobox]\n","protected":false},"excerpt":{"rendered":"<p>[infobox style=&#8217;info&#8217; static=&#8217;1&#8242;] Cvartetul Arcadia s-a format pe b\u0103ncile Academiei de Muzic\u0103 \u201eGh. Dima\u201d din Cluj-Napoca. La clasa de muzic\u0103 de camer\u0103 a profesorului Nicu\u015for Silaghi, membru al reputatului Cvartet Transilvan, cei patru tineri muzicieni ce au alc\u0103tuit prima formul\u0103 a cvartetului \u2013 violoni\u015ftii Ana Bog\u0103\u0163il\u0103 \u015fi R\u0103svan Dumitru, violistul Marcel Cameni\u0163\u0103 \u015fi violoncelistul T\u00f6r\u00f6k&#8230;<\/p>\n","protected":false},"author":1,"featured_media":28,"comment_status":"open","ping_status":"open","sticky":false,"template":"","format":"standard","meta":{"_kad_post_transparent":"","_kad_post_title":"","_kad_post_layout":"","_kad_post_sidebar_id":"","_kad_post_content_style":"","_kad_post_vertical_padding":"","_kad_post_feature":"","_kad_post_feature_position":"","_kad_post_header":false,"_kad_post_footer":false,"_kad_post_classname":"","footnotes":""},"categories":[3],"tags":[],"class_list":["post-195","post","type-post","status-publish","format-standard","has-post-thumbnail","hentry","category-presa"],"_links":{"self":[{"href":"https:\/\/tinerimearomana.ro\/cvartetul-arcadia\/wp-json\/wp\/v2\/posts\/195"}],"collection":[{"href":"https:\/\/tinerimearomana.ro\/cvartetul-arcadia\/wp-json\/wp\/v2\/posts"}],"about":[{"href":"https:\/\/tinerimearomana.ro\/cvartetul-arcadia\/wp-json\/wp\/v2\/types\/post"}],"author":[{"embeddable":true,"href":"https:\/\/tinerimearomana.ro\/cvartetul-arcadia\/wp-json\/wp\/v2\/users\/1"}],"replies":[{"embeddable":true,"href":"https:\/\/tinerimearomana.ro\/cvartetul-arcadia\/wp-json\/wp\/v2\/comments?post=195"}],"version-history":[{"count":6,"href":"https:\/\/tinerimearomana.ro\/cvartetul-arcadia\/wp-json\/wp\/v2\/posts\/195\/revisions"}],"predecessor-version":[{"id":486,"href":"https:\/\/tinerimearomana.ro\/cvartetul-arcadia\/wp-json\/wp\/v2\/posts\/195\/revisions\/486"}],"wp:featuredmedia":[{"embeddable":true,"href":"https:\/\/tinerimearomana.ro\/cvartetul-arcadia\/wp-json\/wp\/v2\/media\/28"}],"wp:attachment":[{"href":"https:\/\/tinerimearomana.ro\/cvartetul-arcadia\/wp-json\/wp\/v2\/media?parent=195"}],"wp:term":[{"taxonomy":"category","embeddable":true,"href":"https:\/\/tinerimearomana.ro\/cvartetul-arcadia\/wp-json\/wp\/v2\/categories?post=195"},{"taxonomy":"post_tag","embeddable":true,"href":"https:\/\/tinerimearomana.ro\/cvartetul-arcadia\/wp-json\/wp\/v2\/tags?post=195"}],"curies":[{"name":"wp","href":"https:\/\/api.w.org\/{rel}","templated":true}]}}